{"id":207888,"date":"2026-08-29T09:05:12","date_gmt":"2026-08-29T09:05:12","guid":{"rendered":"https:\/\/www.europesays.com\/si\/207888\/"},"modified":"2026-08-29T09:05:12","modified_gmt":"2026-08-29T09:05:12","slug":"fizicni-obracun-na-3000-metrih-vodnik-napadel-planinca-in-ju-skoraj-zrinil-v-prepad","status":"publish","type":"post","link":"https:\/\/www.europesays.com\/si\/207888\/","title":{"rendered":"Fizi\u010dni obra\u010dun na 3000 metrih: vodnik napadel planinca in ju skoraj zrinil v prepad"},"content":{"rendered":"<p>    <img decoding=\"async\" data-lb-desktop=\"\/media\/2026\/08\/29\/858703\/Orig-Screenshot_From_2026-08-29_08-34-19-1200.webp\" data-lb-mobile=\"\/media\/2026\/08\/29\/858703\/Orig-Screenshot_From_2026-08-29_08-34-19-600.webp\" class=\"main-gallery-image se_image_lb\" src=\"https:\/\/www.europesays.com\/si\/wp-content\/uploads\/2026\/08\/Wide-Screenshot_From_2026-08-29_08-34-19-1000.webp\" alt=\"Trenutek, ko se je vodnik spravil nad planinca. \/ Foto: Szuki_85\/instagram\"\/><\/p>\n<p>Trenutek, ko se je vodnik spravil nad planinca. \/ Foto: Szuki_85\/instagram<\/p>\n<p>Fizi\u010dni obra\u010dun na 3000 metrih: vodnik napadel planinca in ju skoraj zrinil v prepad<\/p>\n<p>Policija preiskuje incident na izpostavljenem grebenu najvi\u0161jega avstrijskega vrha, kjer je vodnik med prehitevanjem ogrozil \u017eivljenje poljskega para.<\/p>\n<p>Avstrijski organi pregona so spro\u017eili uradno preiskavo zoper lokalnega gorskega vodnika z avstrijske \u0160tajerske, ki je na izpostavljenem grebenu najvi\u0161jega avstrijskega vrha, Velikega Kleka (Gro\u00dfglockner), verbalno in fizi\u010dno napadel poljskega plezalca. Primer obravnavajo na podlagi suma ogro\u017eanja telesne varnosti, za kar je zagro\u017eena kazen do treh mesecev zapora.<\/p>\n<p>    <a class=\"se-card__wrap se-card--link\" href=\"https:\/\/www.dnevnik.si\/novice\/kronika\/avstrijec-kriv-za-smrt-33-letne-partnerke-na-grossglocknerju-samo-pustil-tudi-bivse-dekle-2785851\/\" data-upscore-url=\"\" rel=\"nofollow noopener\" target=\"_blank\"><\/p>\n<p>        <img decoding=\"async\" class=\"se-image se-image--card\" src=\"https:\/\/www.europesays.com\/si\/wp-content\/uploads\/2026\/08\/Wide-iStock-458701839-400.webp\" alt=\"\" grossglockner=\"\" austria=\"\" october=\"\" rescue=\"\" helicopter=\"\" from=\"\" austrian=\"\" mountain=\"\" service=\"\" flying=\"\" at=\"\" accident=\"\" site=\"\" performed=\"\" a=\"\" total=\"\" of=\"\" rescues.=\"\"\/><\/p>\n<p>Prelomna sodba<\/p>\n<p>Avstrijec kriv za smrt 33-letne partnerice; na Grossglocknerju samo pustil tudi biv\u0161e dekle<\/p>\n<p>    <\/a><\/p>\n<p>Do incidenta je pri\u0161lo na vi\u0161ini pribli\u017eno 3000 metrov nadmorske vi\u0161ine, na poti M\u00fcrztaler Steig v bli\u017eini ko\u010de nadvojvode Janeza (Erzherzog-Johann-H\u00fctte). Posnetek s kamere na \u010deladi 42-letnega poljskega alpinista, ki je bil kasneje objavljen na dru\u017ebenih omre\u017ejih, prikazuje nevarno situacijo med prehitevanjem na zgolj nekaj centimetrov \u0161irokem in strmem grebenu.<\/p>\n<p>Glede na dostopne posnetke in izjave vpletenih sta poljski alpinist in njegova \u017eena name\u0161\u010dala varovanje na jeklenico, ko ju je dohitel \u00a0vodnik. Ta je brez opozorila za\u010del prehitevati par na izjemno izpostavljenem delu poti, kar je spro\u017eilo oster besedni spopad. Ko je poljski plezalec opozoril na nevarno ravnanje in zahteval prednost pri spustu, se je vodnik odzval z zmerjanjem in gro\u017enjami, pri \u010demer se je skliceval na svoj profesionalni status.<\/p>\n<p>Varnostna pravila v alpinizmu sicer dopu\u0161\u010dajo prehitevanje po\u010dasnej\u0161ih navez, vendar na ozkih in izpostavljenih grebenih zahtevajo absolutno prednost varnosti vseh prisotnih.<\/p>\n<p>Konflikt je vrhunec dosegel, ko se je vodnik prebil mimo poljske plezalke in jo stisnil ob steno, nato pa prijel njenega mo\u017ea in ga potisnil nazaj, neposredno ob prepadni rob. Padec s te to\u010dke bi bil usoden, saj na obeh straneh grebena zija ve\u010d sto metrov globok prepad. Ob incidentu sta bila prisotna \u0161e dva plezalca, predvidoma stranki osumljenega vodnika.<\/p>\n<p>Poljski plezalec incidenta uradno ni prijavil policiji, vendar so avstrijski organi postopek za\u010deli po uradni dol\u017enosti zaradi javne objave posnetka.<\/p>\n<p>Zdru\u017eenje gorskih in smu\u010darskih vodnikov Kals, ki je vodniku priskrbelo omenjeno turo, se je od dogodka distanciralo. Predsednik zdru\u017eenja Michael Amraser je za tirolske medije potrdil, da osumljeni ni bil njihov redni \u010dlan, temve\u010d zunanji pogodbeni sodelavec. Zdru\u017eenje je njegovo obna\u0161anje ozna\u010dilo za katastrofalno, takoj prekinilo vsakr\u0161no nadaljnje sodelovanje ter se o\u0161kodovanemu poljskemu paru uradno opravi\u010dilo.<\/p>\n<p>Varnostna pravila v alpinizmu sicer dopu\u0161\u010dajo prehitevanje po\u010dasnej\u0161ih navez, vendar na ozkih in izpostavljenih grebenih zahtevajo absolutno prednost varnosti vseh prisotnih.<\/p>\n","protected":false},"excerpt":{"rendered":"Trenutek, ko se je vodnik spravil nad planinca. \/ Foto: Szuki_85\/instagram Fizi\u010dni obra\u010dun na 3000 metrih: vodnik napadel&hellip;\n","protected":false},"author":2,"featured_media":207889,"comment_status":"","ping_status":"","sticky":false,"template":"","format":"standard","meta":{"footnotes":"","_share_on_mastodon":"0"},"categories":[8],"tags":[51054,51057,51055,51059,38436,51058,51056,76,37,38,64,602,7525,63],"class_list":["post-207888","post","type-post","status-publish","format-standard","has-post-thumbnail","category-svet","tag-alpinisticni-incident","tag-alpski-greben","tag-avstrijski-gorski-vodnik","tag-erzherzog-johann-hutte","tag-fizicni-napad","tag-murztaler-steig","tag-poljski-plezalec","tag-preiskava","tag-slovene","tag-slovenscina","tag-svet","tag-varnost-v-gorah","tag-veliki-klek","tag-world"],"share_on_mastodon":{"url":"https:\/\/pubeurope.com\/@si\/117178002931747607","error":""},"_links":{"self":[{"href":"https:\/\/www.europesays.com\/si\/wp-json\/wp\/v2\/posts\/207888","targetHints":{"allow":["GET"]}}],"collection":[{"href":"https:\/\/www.europesays.com\/si\/wp-json\/wp\/v2\/posts"}],"about":[{"href":"https:\/\/www.europesays.com\/si\/wp-json\/wp\/v2\/types\/post"}],"author":[{"embeddable":true,"href":"https:\/\/www.europesays.com\/si\/wp-json\/wp\/v2\/users\/2"}],"replies":[{"embeddable":true,"href":"https:\/\/www.europesays.com\/si\/wp-json\/wp\/v2\/comments?post=207888"}],"version-history":[{"count":0,"href":"https:\/\/www.europesays.com\/si\/wp-json\/wp\/v2\/posts\/207888\/revisions"}],"wp:featuredmedia":[{"embeddable":true,"href":"https:\/\/www.europesays.com\/si\/wp-json\/wp\/v2\/media\/207889"}],"wp:attachment":[{"href":"https:\/\/www.europesays.com\/si\/wp-json\/wp\/v2\/media?parent=207888"}],"wp:term":[{"taxonomy":"category","embeddable":true,"href":"https:\/\/www.europesays.com\/si\/wp-json\/wp\/v2\/categories?post=207888"},{"taxonomy":"post_tag","embeddable":true,"href":"https:\/\/www.europesays.com\/si\/wp-json\/wp\/v2\/tags?post=207888"}],"curies":[{"name":"wp","href":"https:\/\/api.w.org\/{rel}","templated":true}]}}