{"id":207906,"date":"2026-08-29T09:24:11","date_gmt":"2026-08-29T09:24:11","guid":{"rendered":"https:\/\/www.europesays.com\/si\/207906\/"},"modified":"2026-08-29T09:24:11","modified_gmt":"2026-08-29T09:24:11","slug":"v-grozljivem-napadu-umrl-14-letni-decek-to-je-naredil-17-letnik-sredi-ulice","status":"publish","type":"post","link":"https:\/\/www.europesays.com\/si\/207906\/","title":{"rendered":"V grozljivem napadu umrl 14-letni de\u010dek, to je naredil 17-letnik sredi ulice"},"content":{"rendered":"<p>V Prizrenu na jugu Kosova se je sino\u010di zgodil grozljiv napad, v katerem je \u017eivljenje izgubil 14-letni de\u010dek. Napadalec naj bi ga z no\u017eem zabodel sredi ulice. Kljub obupanim prizadevanjem zdravnikov, da bi mu re\u0161ili \u017eivljenje, je de\u010dek zaradi hudih po\u0161kodb umrl v bolni\u0161nici.\u00a0Drama se je za\u010dela okoli 23.45, ko so mimoido\u010di obvestili policijo. Na kraju so naleteli na grozljiv prizor \u2013 14-letni de\u010dek je negibno le\u017eal v mlaki krvi, hudo ranjen z ostrim predmetom.<\/p>\n<p>Na kraj dogodka so z utripajo\u010dimi lu\u010dmi prihitele ekipe nujne medicinske pomo\u010di. De\u010dku so takoj nudile prvo pomo\u010d in ga odpeljale v regionalno bolni\u0161nico v Prizrenu. Kljub vsem prizadevanjem zdravnikov mu \u017eivljenja ni bilo mogo\u010de re\u0161iti. Kmalu po sprejemu v bolni\u0161nico je umrl.<\/p>\n<p>Osumljenca prijeli le nekaj ulic stran<\/p>\n<p>Medtem ko je v bolni\u0161nici potekal boj za \u017eivljenje de\u010dka, so policijske patrulje zavarovale in zaprle obmo\u010dje ter za\u010dele iskanje napadalca. Le nekaj ulic stran so policisti izsledili in prijeli 17-letnega najstnika. Pri njem naj bi na\u0161li tudi no\u017e, s katerim naj bi po dosedanjih ugotovitvah napadel 14-letnika.<\/p>\n<p>Telo umrlega de\u010dka so po odredbi to\u017eilca poslali na In\u0161titut za sodno medicino v Pri\u0161tini, kjer bodo opravili obdukcijo. 17-letnemu osumljencu, ki je mladoleten, so odredili pridr\u017eanje. Po navedbah policijskega vira ne \u017ertev ne osumljenec doslej nista imela policijske evidence. Preiskava se nadaljuje, policija pa \u0161e vedno ugotavlja vse okoli\u0161\u010dine tragi\u010dnega dogodka.<\/p>\n<p>To\u017eilstvo primer obravnava kot posebno hudo kaznivo dejanje<\/p>\n<p>O napadu se je oglasilo tudi Osnovno to\u017eilstvo v Prizrenu, ki je potrdilo podrobnosti primera in sporo\u010dilo, da je dogodek uradno opredeljen kot huda oblika umora. Po navedbah to\u017eilstva obstaja sum, da je 17-letnik 14-letnemu de\u010dku vzel \u017eivljenje z ve\u010d vbodi z no\u017eem. Vsi materialni dokazi, zavarovani na kraju dogodka, so bili vklju\u010deni v spis.<\/p>\n<p>Zoper osumljenca je bil uveden postopek zaradi suma hudega umora in nedovoljenega no\u0161enja oro\u017eja. To\u017eilstvo bo v zakonskem roku zahtevalo najstro\u017eje ukrepe pridr\u017eanja.<\/p>\n<p>Motiv napada \u0161e vedno ni znan<\/p>\n<p>Motiv krvavega obra\u010duna med mladoletnikoma za zdaj ostaja neznan. Policija in kriminalisti nadaljujejo preiskavo, pregledujejo obmo\u010dje in zasli\u0161ujejo pri\u010de, da bi ugotovili, kaj je pripeljalo do tragi\u010dnega dogodka, poro\u010da Telegraf.rs.<\/p>\n","protected":false},"excerpt":{"rendered":"V Prizrenu na jugu Kosova se je sino\u010di zgodil grozljiv napad, v katerem je \u017eivljenje izgubil 14-letni de\u010dek.&hellip;\n","protected":false},"author":2,"featured_media":207907,"comment_status":"","ping_status":"","sticky":false,"template":"","format":"standard","meta":{"footnotes":"","_share_on_mastodon":"0"},"categories":[8],"tags":[2278,51071,3673,8859,5717,5025,779,4230,51070,326,76,3585,51069,37,38,64,2233,63],"class_list":["post-207906","post","type-post","status-publish","format-standard","has-post-thumbnail","category-svet","tag-decek","tag-institut-za-sodno-medicino-v-pristini","tag-kosovo","tag-mladoletnik","tag-najstnik","tag-napad-z-nozem","tag-nasilje","tag-noz","tag-osnovno-tozilstvo-v-prizrenu","tag-policija","tag-preiskava","tag-pristina","tag-prizren","tag-slovene","tag-slovenscina","tag-svet","tag-umor","tag-world"],"share_on_mastodon":{"url":"https:\/\/pubeurope.com\/@si\/117178077340274575","error":""},"_links":{"self":[{"href":"https:\/\/www.europesays.com\/si\/wp-json\/wp\/v2\/posts\/207906","targetHints":{"allow":["GET"]}}],"collection":[{"href":"https:\/\/www.europesays.com\/si\/wp-json\/wp\/v2\/posts"}],"about":[{"href":"https:\/\/www.europesays.com\/si\/wp-json\/wp\/v2\/types\/post"}],"author":[{"embeddable":true,"href":"https:\/\/www.europesays.com\/si\/wp-json\/wp\/v2\/users\/2"}],"replies":[{"embeddable":true,"href":"https:\/\/www.europesays.com\/si\/wp-json\/wp\/v2\/comments?post=207906"}],"version-history":[{"count":0,"href":"https:\/\/www.europesays.com\/si\/wp-json\/wp\/v2\/posts\/207906\/revisions"}],"wp:featuredmedia":[{"embeddable":true,"href":"https:\/\/www.europesays.com\/si\/wp-json\/wp\/v2\/media\/207907"}],"wp:attachment":[{"href":"https:\/\/www.europesays.com\/si\/wp-json\/wp\/v2\/media?parent=207906"}],"wp:term":[{"taxonomy":"category","embeddable":true,"href":"https:\/\/www.europesays.com\/si\/wp-json\/wp\/v2\/categories?post=207906"},{"taxonomy":"post_tag","embeddable":true,"href":"https:\/\/www.europesays.com\/si\/wp-json\/wp\/v2\/tags?post=207906"}],"curies":[{"name":"wp","href":"https:\/\/api.w.org\/{rel}","templated":true}]}}