{"id":208018,"date":"2026-08-29T11:12:15","date_gmt":"2026-08-29T11:12:15","guid":{"rendered":"https:\/\/www.europesays.com\/si\/208018\/"},"modified":"2026-08-29T11:12:15","modified_gmt":"2026-08-29T11:12:15","slug":"italija-prerezana-na-pol-na-severu-tornado-in-orjaska-toca-jug-se-cvre-pri-48-c","status":"publish","type":"post","link":"https:\/\/www.europesays.com\/si\/208018\/","title":{"rendered":"Italija prerezana na pol: na severu tornado in orja\u0161ka to\u010da, jug se cvre pri 48 \u00b0C"},"content":{"rendered":"<p>        <img decoding=\"async\" data-lb-desktop=\"\/media\/2026\/08\/29\/858699\/Orig-iStock-2223222357-1200.webp\" data-lb-mobile=\"\/media\/2026\/08\/29\/858699\/Orig-iStock-2223222357-600.webp\" class=\"se-image__thumb\" src=\"https:\/\/www.europesays.com\/si\/wp-content\/uploads\/2026\/08\/Wide-iStock-2223222357-400.webp\" onclick=\"changeMainImage(this)\"\/><\/p>\n<p>        <img decoding=\"async\" data-lb-desktop=\"\/media\/2026\/08\/29\/858697\/Orig-images__1_-1200.webp\" data-lb-mobile=\"\/media\/2026\/08\/29\/858697\/Orig-images__1_-600.webp\" class=\"se-image__thumb\" src=\"https:\/\/www.europesays.com\/si\/wp-content\/uploads\/2026\/08\/Wide-images__1_-400.webp\" onclick=\"changeMainImage(this)\"\/><\/p>\n<p>    <img decoding=\"async\" data-lb-desktop=\"\/media\/2026\/08\/29\/858699\/Orig-iStock-2223222357-1200.webp\" data-lb-mobile=\"\/media\/2026\/08\/29\/858699\/Orig-iStock-2223222357-600.webp\" class=\"main-gallery-image se_image_lb\" src=\"https:\/\/www.europesays.com\/si\/wp-content\/uploads\/2026\/08\/Wide-iStock-2223222357-1000.webp\" alt=\"Kadar so mo\u010dna neurja, so Benetke hitro pod vodo. Slika je simboli\u010dna. \/ Foto: Istock\"\/><\/p>\n<p>Kadar so mo\u010dna neurja, so Benetke hitro pod vodo. Slika je simboli\u010dna. \/ Foto: Istock<\/p>\n<p>Italija prerezana na pol: na severu tornado in orja\u0161ka to\u010da, jug se cvre pri 48 \u00b0C<\/p>\n<p>Sosednja Italija se soo\u010da z izjemnimi vremenskimi ekstremi. Medtem ko so ju\u017ene de\u017eele ukle\u0161\u010dene v neusmiljen vro\u010dinski val s temperaturami, ki presegajo 45 \u00b0C, je severni del dr\u017eave v no\u010di na petek in v\u010deraj \u010dez dan opusto\u0161ilo zgodovinsko neurje. Ru\u0161ilni veter, ekstremna to\u010da in poplave so za seboj pustili ogromno gmotno \u0161kodo in posredovanje re\u0161evalnih slu\u017eb.<\/p>\n<p>Najhuj\u0161e posledice no\u010dnega neurja so sino\u010di\u00a0 v Italiji\u00a0zabele\u017eili na obmo\u010dju Lombardije in okoli\u0161kih regij. Razvile so se mo\u010dne superceli\u010dne nevihte, ki so s seboj prinesle uni\u010dujo\u010de pojave. Obmo\u010dje Cremone je prizadel tornado, ob katerem so sunki vetra presegali 130 km\/h. Siloviti nalivi so povzro\u010dili obse\u017ene poplave v mestu, medtem ko je veter najhuje pusto\u0161il v okoli\u0161kih krajih. \u00bbVoda je drvela po ulicah in odna\u0161ala vse pred seboj, strehe pa so dobesedno letele po zraku,\u00ab so no\u010dno dogajanje opisovali prestra\u0161eni doma\u010dini.<\/p>\n<p>Orja\u0161ka to\u010da je padala v Brescii. Zgodnje jutranje ure so prebivalcem prinesle srhljive prizore. Padala je to\u010da s premerom vse do 10 centimetrov, ki je uni\u010dila \u0161tevilna vozila in luknjala strehe. \u00bbZvenelo je, kot da nas bombardirajo. Ledene kocke velikosti jabolk so padale z neba in v nekaj minutah povsem uni\u010dile na\u0161 avtomobil,\u00ab je pretreseno pojasnil prebivalec Brescie.<\/p>\n<p>        <img decoding=\"async\" data-lb-desktop=\"\/media\/2026\/08\/29\/858697\/Orig-images__1_-1200.webp\" data-lb-mobile=\"\/media\/2026\/08\/29\/858697\/Orig-images__1_-600.webp\" class=\"se_image se_image_lb\" src=\"https:\/\/www.europesays.com\/si\/wp-content\/uploads\/2026\/08\/FP-images__1_-600.webp\" alt=\"Neurja na severu Italije \/ Foto: Facebook\"\/><\/p>\n<p>Poplavljene ulice v Cremoni.\u00a0\/ Foto: facebook<\/p>\n<p>Dramati\u010dno je bilo tudi v goratem Trentinu, kjer se je vreme nenadno poslab\u0161alo. Zaradi nevarnih razmer so morali ustaviti delovanje lokalne \u017ei\u010dnice. Iz gorske re\u0161evalne slu\u017ebe, ki je na terenu posredovala s pribli\u017eno 20 re\u0161evalci, so sporo\u010dili: \u00bbRazmere so se poslab\u0161ale v trenutku. Na\u0161a prva naloga je bila varna evakuacija potnikov, kar pa je bilo zaradi izjemno mo\u010dnega vetra zelo zahtevno.\u00ab<\/p>\n<p>Jug v prime\u017eu neusmiljene vro\u010dine<\/p>\n<p>Medtem ko severni del Apeninskega polotoka pre\u0161teva \u0161kodo in se spopada s poplavami, jug dr\u017eave (Sardinija, Sicilija in Kalabrija) do\u017eivlja brutalne vro\u010dinske valove. \u010cez dan se temperature gibljejo med 45 \u00b0C in 48 \u00b0C, prebivalci pa ne morejo zadihati niti pono\u010di ob tako imenovanih hiper-tropskih no\u010deh. \u00bbDr\u017eava je vremensko povsem razklana. Trk izjemno vro\u010dega afri\u0161kega zraka z juga in hladnej\u0161ih tokov s severa ustvarja idealne pogoje za nastanek tako silovitih in ekstremnih pojavov,\u00ab opozarjajo italijanski meteorologi.<\/p>\n<p>Vremenska slika Italije tako te dni slu\u017ei kot oster opomin na vse intenzivnej\u0161e vremenske ekstreme, ki ne prizana\u0161ajo nobenemu delu dr\u017eave.<\/p>\n","protected":false},"excerpt":{"rendered":"Kadar so mo\u010dna neurja, so Benetke hitro pod vodo. Slika je simboli\u010dna. \/ Foto: Istock Italija prerezana na&hellip;\n","protected":false},"author":2,"featured_media":208019,"comment_status":"","ping_status":"","sticky":false,"template":"","format":"standard","meta":{"footnotes":"","_share_on_mastodon":"0"},"categories":[8],"tags":[51110,1018,30320,23809,37,38,64,9590,31997,63],"class_list":["post-208018","post","type-post","status-publish","format-standard","has-post-thumbnail","category-svet","tag-ekstremna-vrocina-na-jugu","tag-italija","tag-lombardija","tag-neurja","tag-slovene","tag-slovenscina","tag-svet","tag-toca","tag-tornado","tag-world"],"share_on_mastodon":{"url":"https:\/\/pubeurope.com\/@si\/117178502413094653","error":""},"_links":{"self":[{"href":"https:\/\/www.europesays.com\/si\/wp-json\/wp\/v2\/posts\/208018","targetHints":{"allow":["GET"]}}],"collection":[{"href":"https:\/\/www.europesays.com\/si\/wp-json\/wp\/v2\/posts"}],"about":[{"href":"https:\/\/www.europesays.com\/si\/wp-json\/wp\/v2\/types\/post"}],"author":[{"embeddable":true,"href":"https:\/\/www.europesays.com\/si\/wp-json\/wp\/v2\/users\/2"}],"replies":[{"embeddable":true,"href":"https:\/\/www.europesays.com\/si\/wp-json\/wp\/v2\/comments?post=208018"}],"version-history":[{"count":0,"href":"https:\/\/www.europesays.com\/si\/wp-json\/wp\/v2\/posts\/208018\/revisions"}],"wp:featuredmedia":[{"embeddable":true,"href":"https:\/\/www.europesays.com\/si\/wp-json\/wp\/v2\/media\/208019"}],"wp:attachment":[{"href":"https:\/\/www.europesays.com\/si\/wp-json\/wp\/v2\/media?parent=208018"}],"wp:term":[{"taxonomy":"category","embeddable":true,"href":"https:\/\/www.europesays.com\/si\/wp-json\/wp\/v2\/categories?post=208018"},{"taxonomy":"post_tag","embeddable":true,"href":"https:\/\/www.europesays.com\/si\/wp-json\/wp\/v2\/tags?post=208018"}],"curies":[{"name":"wp","href":"https:\/\/api.w.org\/{rel}","templated":true}]}}