{"id":208200,"date":"2026-08-29T14:50:12","date_gmt":"2026-08-29T14:50:12","guid":{"rendered":"https:\/\/www.europesays.com\/si\/208200\/"},"modified":"2026-08-29T14:50:12","modified_gmt":"2026-08-29T14:50:12","slug":"pomlajeni-slovenci-po-odlicnem-uvodu-popustili-in-izgubili","status":"publish","type":"post","link":"https:\/\/www.europesays.com\/si\/208200\/","title":{"rendered":"Pomlajeni Slovenci po odli\u010dnem uvodu popustili in izgubili"},"content":{"rendered":"<p>Slovenska odbojkarska reprezentanca je \u017ee malo ve\u010d kot 14 ur po hudem boju s Poljsko, ki je zmagala s 3:2, igrala drugo tekmo Wagnerjevega memoriala v Krakovu. Slovenci so z 1:3 (16, -21, -15, -21) v nizih klonili proti Franciji, ki je pri\u0161la do druge zmage. Slovenski odbojkarji bodo v nedeljo ob 14. uri igrali \u0161e z ZDA. Gre za pripravljalno tekmo pred evropskim prvenstvom, ki bo potekalo med 9. in 26. septembrom. Slovenci bodo skupinski del igrali v Modeni.<\/p>\n<p>V okviru priprav so Slovenci pretekli teden v Beogradu odigrali dva prijateljska obra\u010duna s Srbijo (poraz in remi), pred odhodom na prizori\u0161\u010de predtekmovanja evropskega prvenstva v\u00a0Modeno, kamor bodo potovali 8. septembra, pa igrajo \u0161e na Wagnerjevem memorialu na Poljskem. Tam sodelujejo \u0161e gostitelji\u00a0Poljaki,\u00a0Ameri\u010dani in Francozi.\u00a0<\/p>\n<p>Slovenci so na uvodni tekmi memoriala po hudem boju z 2:3 izgubili s Poljaki, danes pa so po odli\u010dnem za\u010detku na koncu z 1:3 morali priznati premo\u010d Francozom, ki jih vodi nekdanji slovenski selektor Andrea Giani.\u00a0Slovenci so sicer nastopili skoraj brez vseh najbolj\u0161ih igralcev, Soli je prilo\u017enost ponudil rezervistom. Tako so ve\u010dino tekme odigrali Klemen \u0160en, Luka Marolt, Rok Bra\u010dko, Gregor Okrogli\u010d, Janez Jan\u017e Kr\u017ei\u010d, Nejc Najdi\u010d, povpre\u010dno starost pa je vi\u0161al Alen Pajenk.<\/p>\n<p><img decoding=\"async\" alt=\"Alen Pajenk | Foto: VolleyballWorld\" class=\"article_content__inline_image js_imageLightbox is-clickable\" data-author=\"VolleyballWorld\" data-caption=\"Alen Pajenk\" data-height=\"853\" data-href=\"https:\/\/siol.net\/media\/images\/2026-25\/aa7.jpg\" data-width=\"1280\" loading=\"lazy\" src=\"\/media\/img\/40\/61\/4d17770fdccaba3ea02e-slovenska-odbojkarska-reprezentanca-brazilija-alen-pajenk.jpeg\" title=\"slovenska odbojkarska reprezentanca : Brazilija, Alen Pajenk\"\/><\/p>\n<p> Alen Pajenk<br \/>\n Foto: VolleyballWorld <\/p>\n<p>Sre\u010danje so Slovenci odprli zelo odlo\u010dno, hitro so povedli z 9:3, nato pa ves \u010das dr\u017eali visoko prednost, ki je do konca niza samo \u0161e rastla. Po dobrih 20 minutah igre je Slovenija prvi niz dobila s 25:16.<\/p>\n<p>Tako kot proti Poljski so tudi proti Franciji Slovenci igrali po principu toplo-hladno, saj je po prevladi Slovenije v prvem nizu, drugi pripadel tekmecem. Ti so izena\u010denju na 2:2 hitro pobegnili na 6:2, zatem pa se Slovenci niso ve\u010d uspeli vrniti v igro. Francija pa je po rezultatu 25:21 izena\u010dila na 1:1.\u00a0Tretji niz je bil s slovenske strani najslab\u0161i, Francozi so ga dobili s 25:15,\u00a0v \u010detrtem pa so slovenski odbojkarji\u00a0\u0161e dr\u017eali ritem, a tekmeci v kon\u010dnici niso dovolili, da bi jih ujeli. Zadnji niz so sklenili s 25:21.<\/p>\n<p>Wagnerjev memorial, Krakov<\/p>\n<p>Sobota, 29. avgust<\/p>\n<p>Nedelja, 30. avgust<\/p>\n<p>Petek, 28. avgust<\/p>\n<p>Lestvica:<\/p>\n","protected":false},"excerpt":{"rendered":"Slovenska odbojkarska reprezentanca je \u017ee malo ve\u010d kot 14 ur po hudem boju s Poljsko, ki je zmagala&hellip;\n","protected":false},"author":2,"featured_media":208201,"comment_status":"","ping_status":"","sticky":false,"template":"","format":"standard","meta":{"footnotes":"","_share_on_mastodon":"0"},"categories":[20],"tags":[48716,32,35,31,34,146,36,37,38,3334,33],"class_list":["post-208200","post","type-post","status-publish","format-standard","has-post-thumbnail","category-novice","tag-evropsko-prvenstvo-v-odbojki","tag-headlines","tag-najpomembnejse-novice","tag-news","tag-novice","tag-odbojka","tag-osrednje-novice","tag-slovene","tag-slovenscina","tag-slovenska-odbojkarska-reprezentanca","tag-top-stories"],"share_on_mastodon":{"url":"https:\/\/pubeurope.com\/@si\/117179359271475120","error":""},"_links":{"self":[{"href":"https:\/\/www.europesays.com\/si\/wp-json\/wp\/v2\/posts\/208200","targetHints":{"allow":["GET"]}}],"collection":[{"href":"https:\/\/www.europesays.com\/si\/wp-json\/wp\/v2\/posts"}],"about":[{"href":"https:\/\/www.europesays.com\/si\/wp-json\/wp\/v2\/types\/post"}],"author":[{"embeddable":true,"href":"https:\/\/www.europesays.com\/si\/wp-json\/wp\/v2\/users\/2"}],"replies":[{"embeddable":true,"href":"https:\/\/www.europesays.com\/si\/wp-json\/wp\/v2\/comments?post=208200"}],"version-history":[{"count":0,"href":"https:\/\/www.europesays.com\/si\/wp-json\/wp\/v2\/posts\/208200\/revisions"}],"wp:featuredmedia":[{"embeddable":true,"href":"https:\/\/www.europesays.com\/si\/wp-json\/wp\/v2\/media\/208201"}],"wp:attachment":[{"href":"https:\/\/www.europesays.com\/si\/wp-json\/wp\/v2\/media?parent=208200"}],"wp:term":[{"taxonomy":"category","embeddable":true,"href":"https:\/\/www.europesays.com\/si\/wp-json\/wp\/v2\/categories?post=208200"},{"taxonomy":"post_tag","embeddable":true,"href":"https:\/\/www.europesays.com\/si\/wp-json\/wp\/v2\/tags?post=208200"}],"curies":[{"name":"wp","href":"https:\/\/api.w.org\/{rel}","templated":true}]}}