{"id":208358,"date":"2026-08-29T17:48:14","date_gmt":"2026-08-29T17:48:14","guid":{"rendered":"https:\/\/www.europesays.com\/si\/208358\/"},"modified":"2026-08-29T17:48:14","modified_gmt":"2026-08-29T17:48:14","slug":"juzna-koreja-razmislja-o-obveznem-sluzenju-vojaskega-roka-za-zenske","status":"publish","type":"post","link":"https:\/\/www.europesays.com\/si\/208358\/","title":{"rendered":"Ju\u017ena Koreja razmi\u0161lja o obveznem slu\u017eenju voja\u0161kega roka za \u017eenske"},"content":{"rendered":"<p>\t\t\t\t\t\t\t\t<a href=\"https:\/\/www.europesays.com\/si\/wp-content\/uploads\/2026\/08\/67085879.jpg\" itemprop=\"contentUrl\" data-size=\"1200x800\" data-large=\"https:\/\/www.europesays.com\/si\/wp-content\/uploads\/2026\/08\/67085879.jpg\"><br \/>\n\t\t\t\t\t\t\t\t\t<img decoding=\"async\" src=\"https:\/\/www.europesays.com\/si\/wp-content\/uploads\/2026\/08\/67085879.jpg\" title=\"Ju\u017enokorejska kadetka na treningu. Foto: EPA\" alt=\"Ju\u017enokorejska kadetka na treningu. Foto: EPA\"\/><br \/>\n\t\t\t\t\t\t\t\t<\/a><\/p>\n<p>\t\t\t\t\t\t\t\t\tJu\u017enokorejska kadetka na treningu. Foto: EPA<\/p>\n<p>\t\t\t\t\t\t\t<a id=\"preferredSourceBanner\" href=\"https:\/\/www.rtvslo.si\/svet\/azija-z-oceanijo\/juzna-koreja-razmislja-o-obveznem-sluzenju-vojaskega-roka-za-zenske\/javascript:void(0)\" target=\"_blank\" class=\"d-none align-items-center justify-content-between rounded my-3\" style=\"padding: 10px 15px;\" rel=\"nofollow noopener\"><br \/>\n\t\t\t\t\t\t<img decoding=\"async\" src=\"https:\/\/img.rtvslo.si\/_static\/novi\/img\/ico-google.svg\" class=\"flex-shrink-0 mr-3\" aria-hidden=\"true\"\/><br \/>\n\t\t\t\t\t\tSpremljajte RTVSLO.si kot prednostni vir na Google<\/p>\n<p>\t\t\t\t\t<\/a><\/p>\n<p>Glede na nedavno raziskavo skoraj 60 odstotkov Ju\u017enih Korejcev podpira, da bi voja\u0161ki rok poleg svojih mo\u0161kih vrstnikov slu\u017eile tudi \u017eenske.<\/p>\n<p>Oglas<\/p>\n<p>V ju\u017enokorejski vojski prostovoljno slu\u017ei ve\u010d tiso\u010d \u017eensk, vendar je bila debata o obveznem slu\u017eenju vedno ob\u010dutljiva. Nekateri \u0161e vedno vztrajajo, da voja\u0161ka fronta ni kraj za \u017eensko in da bi morala Ju\u017ena Koreja namesto tega ve\u010d vlagati v brezpilotne letalnike in druge napredne tehnologije. &#8220;Ju\u017enokorejski sistem obvezne voja\u0161ke slu\u017ebe, ki je osredoto\u010den na mo\u0161ke, je \u017ee dolgo tesno povezan s tradicionalnimi vlogami spolov,&#8221; je dejala Hyobin Lee, profesorica na Univerzi Sogang v Seulu.<\/p>\n<p>&#8220;Od mo\u0161kih se na splo\u0161no pri\u010dakuje, da bodo \u0161\u010ditili dr\u017eavo in dru\u017eino ter se bojevali v vojni, medtem ko naj bi \u017eenske prevzele glavno odgovornost za rojevanje in vzgojo otrok ter gospodinjstvo,&#8221; je povedala za Deutsche Welle ter dodala, da je drugi dejavnik \u010dedalje intenzivnej\u0161a razprava o enakosti spolov, ki jo ve\u010dinoma vodijo mladi mo\u0161ki.<\/p>\n<p>Mo\u0161ki obvezno slu\u017eenje voja\u0161kega ve\u010dinoma opravijo v svojih zgodnjih dvajsetih letih, kar prekine njihov izobra\u017eevalni ali poklicni razvoj, navaja Lee, obenem pa je spolna enakopravnost postala pomembnej\u0161a dru\u017ebena vrednota. &#8220;Zato nekateri mo\u0161ki postavljajo preprosto vpra\u0161anje: \u010de se pri\u010dakuje, da bodo imeli vsi enake pravice in prilo\u017enosti, zakaj ena izmed najpomembnej\u0161ih dr\u017eavljanskih obveznosti \u0161e vedno velja samo za mo\u0161ke?&#8221; navaja Lee.<\/p>\n<p>Vpra\u0161anje postaja pomembno tudi zaradi sprememb v voja\u0161ki doktrini, ki se premika od fizi\u010dno zahtevnih vlog v vojski, ki naj bi bile zato primernej\u0161e za mo\u0161ke, k obrambi, ki \u010dedalje bolj temelji na tehnologiji, kot so brezpilotni sistemi ali kibernetsko bojevanje, ki ne zahteva ve\u010dje fizi\u010dne mo\u010di.<\/p>\n<p>Glede na javnomnenjsko raziskavo slu\u017eenje obeh spolov v vojski podpira 65 odstotkov mo\u0161kih \u2013 ta dele\u017e med mo\u0161kimi v dvajsetih in tridesetih letih zraste na 71,7 odstotka \u2013 ter 54,5 odstotka \u017eensk.<\/p>\n<p>Slu\u017eenje voja\u0161kega roka v Ju\u017eni Koreji traja od 18 do 21 mesecev. Obrambno ministrstvo navaja, da je od leta 2019, ko je bilo za slu\u017eenje voja\u0161kega roka primernih 332.000 mo\u0161kih, njihovo \u0161tevilo upadlo na 257.000 leta 2022, napovedi pa ka\u017eejo, da bi do leta 2043 to lahko upadlo na le 120.000.<\/p>\n<p>\u010ceprav mo\u010dno podpira enakopravnost med spoloma, Lee za Deutsche Welle navaja, da bi imelo slu\u017eenje \u017eensk v vojski ve\u010d negativnih posledic za dru\u017ebo, saj ta glede ve\u010d podro\u010dij enakopravnosti \u0161e vedno zaostaja. Poudarja, da \u017eenske \u0161e vedno prevzemajo glavno vlogo pri skrbi za otroke, zaradi \u010desar imajo manj\u0161e mo\u017enosti glede zaposlovanja ali izobrazbe. &#8220;\u010ce bi morale tudi \u017eenske slu\u017eiti voja\u0161ki rok, bi se skupno breme v njihovem \u017eivljenju le \u0161e pove\u010dalo,&#8221; je poudarila ter dodala, da bi to negativno vplivalo tudi na demografsko sliko Ju\u017ene Koreje, ki je \u017ee nekaj let dr\u017eava z najni\u017ejo stopnjo rodnosti na svetu.<\/p>\n<p>Ju\u017ena Koreja je leta 2025 ustanovila posebno skupino za revizijo nacionalnega na\u010drta obrambe, pri \u010demer sta najpomembnej\u0161a koraka modernizacija vojske in prenova sistema naborni\u0161tva, ki je bil uveden v 50. letih prej\u0161njega stoletja.<\/p>\n<p>Oglas<\/p>\n","protected":false},"excerpt":{"rendered":"Ju\u017enokorejska kadetka na treningu. Foto: EPA Spremljajte RTVSLO.si kot prednostni vir na Google Glede na nedavno raziskavo skoraj&hellip;\n","protected":false},"author":2,"featured_media":208359,"comment_status":"","ping_status":"","sticky":false,"template":"","format":"standard","meta":{"footnotes":"","_share_on_mastodon":"0"},"categories":[8],"tags":[3674,16096,8786,37,38,64,1095,63,2470],"class_list":["post-208358","post","type-post","status-publish","format-standard","has-post-thumbnail","category-svet","tag-enakopravnost","tag-juzna-koreja","tag-obvezno-sluzenje","tag-slovene","tag-slovenscina","tag-svet","tag-vojska","tag-world","tag-zenske"],"share_on_mastodon":{"url":"https:\/\/pubeurope.com\/@si\/117180059467827829","error":""},"_links":{"self":[{"href":"https:\/\/www.europesays.com\/si\/wp-json\/wp\/v2\/posts\/208358","targetHints":{"allow":["GET"]}}],"collection":[{"href":"https:\/\/www.europesays.com\/si\/wp-json\/wp\/v2\/posts"}],"about":[{"href":"https:\/\/www.europesays.com\/si\/wp-json\/wp\/v2\/types\/post"}],"author":[{"embeddable":true,"href":"https:\/\/www.europesays.com\/si\/wp-json\/wp\/v2\/users\/2"}],"replies":[{"embeddable":true,"href":"https:\/\/www.europesays.com\/si\/wp-json\/wp\/v2\/comments?post=208358"}],"version-history":[{"count":0,"href":"https:\/\/www.europesays.com\/si\/wp-json\/wp\/v2\/posts\/208358\/revisions"}],"wp:featuredmedia":[{"embeddable":true,"href":"https:\/\/www.europesays.com\/si\/wp-json\/wp\/v2\/media\/208359"}],"wp:attachment":[{"href":"https:\/\/www.europesays.com\/si\/wp-json\/wp\/v2\/media?parent=208358"}],"wp:term":[{"taxonomy":"category","embeddable":true,"href":"https:\/\/www.europesays.com\/si\/wp-json\/wp\/v2\/categories?post=208358"},{"taxonomy":"post_tag","embeddable":true,"href":"https:\/\/www.europesays.com\/si\/wp-json\/wp\/v2\/tags?post=208358"}],"curies":[{"name":"wp","href":"https:\/\/api.w.org\/{rel}","templated":true}]}}