{"id":208410,"date":"2026-08-29T19:14:13","date_gmt":"2026-08-29T19:14:13","guid":{"rendered":"https:\/\/www.europesays.com\/si\/208410\/"},"modified":"2026-08-29T19:14:13","modified_gmt":"2026-08-29T19:14:13","slug":"sama-sem-vedno-sem-sama-ne-glede-na-vse","status":"publish","type":"post","link":"https:\/\/www.europesays.com\/si\/208410\/","title":{"rendered":"Sama sem \u2013 vedno sem sama, ne glede na vse"},"content":{"rendered":"<p>Londonska Nacionalna portretna galerija se Marilyn Monroe poklanja z razstavo redkih fotografij velikih fotografskih mojstrov<\/p>\n<p><img decoding=\"async\" class=\"articlePicture_image__om2Oc\" src=\"https:\/\/www.europesays.com\/si\/wp-content\/uploads\/2026\/08\/3710712.width-660.format-webp.webp\" alt=\"Ikoni\u010dna fotografija Marilyn Monroe (Sitting Ballerina) pred objektivom fotografa in njenega dolgoletnega prijatelja Miltona H. Greena. FOTO: Milton H. Greene\/Nacionalna portretna galerija, London\" img_id=\"15046382\"\/><\/p>\n<p> Galerija<\/p>\n<p>Ikoni\u010dna fotografija Marilyn Monroe (Sitting Ballerina) pred objektivom fotografa in njenega dolgoletnega prijatelja Miltona H. Greena. FOTO: Milton H. Greene\/Nacionalna portretna galerija, London<\/p>\n<p>Bila je najverjetneje najve\u010dkrat fotografirana \u017eenska svoje dobe. Londonska Nacionalna portretna galerija je zaznamovala stoto obletnico njenega rojstva z razstavo (na ogled do 6. septembra) redkih, nekaterih \u00a0\u0161e ne videnih fotografij in portretov velikih fotografskih mojstrov in umetnikov, tudi z javnimi dogodki in razpravami.<br \/>\nKo se je pri\u017egala kamera, ko se je vanjo usmeril fotografski objektiv, je njena ko\u017ea za\u017earela, njene o\u010di so se priprle in dobile poseben lesk, njena usta so se navla\u017eila in razprla v poljub. Zgodilo se je nekaj nenavadnega, kar so prepoznali fotografi, re\u017eiserji in mno\u017eice. \u0160e vedno po vseh teh letih ne znamo razlo\u017eiti, zakaj je podoba nekega dekleta imela tak\u0161no mo\u010d in zakaj jo ima \u0161e danes, sto let po rojstvu, tudi za tiste, ki niso nikoli videli niti enega &#8230;<\/p>\n","protected":false},"excerpt":{"rendered":"Londonska Nacionalna portretna galerija se Marilyn Monroe poklanja z razstavo redkih fotografij velikih fotografskih mojstrov Galerija Ikoni\u010dna fotografija&hellip;\n","protected":false},"author":2,"featured_media":208411,"comment_status":"","ping_status":"","sticky":false,"template":"","format":"standard","meta":{"footnotes":"","_share_on_mastodon":"0"},"categories":[18],"tags":[51231,51235,51237,14955,114,51234,2373,5692,346,14951,51239,12683,51236,51232,4374,51233,51238,62,37,58,60,38,19138,115],"class_list":["post-208410","post","type-post","status-publish","format-standard","has-post-thumbnail","category-zabava","tag-100-let-rojstva-marilyn","tag-arthur-miller","tag-billy-wilder","tag-cecil-beaton","tag-entertainment","tag-eve-arnold","tag-fotografija","tag-london","tag-los-angeles","tag-marilyn-monroe","tag-milton-h-greene","tag-nacionalna-portretna-galerija","tag-nekateri-so-za-vroce","tag-norma-jeane-mortenson","tag-playboy","tag-richard-avedon","tag-sam-shaw","tag-si","tag-slovene","tag-slovenia","tag-slovenija","tag-slovenscina","tag-vesna-milek","tag-zabava"],"share_on_mastodon":{"url":"https:\/\/pubeurope.com\/@si\/117180397476131163","error":""},"_links":{"self":[{"href":"https:\/\/www.europesays.com\/si\/wp-json\/wp\/v2\/posts\/208410","targetHints":{"allow":["GET"]}}],"collection":[{"href":"https:\/\/www.europesays.com\/si\/wp-json\/wp\/v2\/posts"}],"about":[{"href":"https:\/\/www.europesays.com\/si\/wp-json\/wp\/v2\/types\/post"}],"author":[{"embeddable":true,"href":"https:\/\/www.europesays.com\/si\/wp-json\/wp\/v2\/users\/2"}],"replies":[{"embeddable":true,"href":"https:\/\/www.europesays.com\/si\/wp-json\/wp\/v2\/comments?post=208410"}],"version-history":[{"count":0,"href":"https:\/\/www.europesays.com\/si\/wp-json\/wp\/v2\/posts\/208410\/revisions"}],"wp:featuredmedia":[{"embeddable":true,"href":"https:\/\/www.europesays.com\/si\/wp-json\/wp\/v2\/media\/208411"}],"wp:attachment":[{"href":"https:\/\/www.europesays.com\/si\/wp-json\/wp\/v2\/media?parent=208410"}],"wp:term":[{"taxonomy":"category","embeddable":true,"href":"https:\/\/www.europesays.com\/si\/wp-json\/wp\/v2\/categories?post=208410"},{"taxonomy":"post_tag","embeddable":true,"href":"https:\/\/www.europesays.com\/si\/wp-json\/wp\/v2\/tags?post=208410"}],"curies":[{"name":"wp","href":"https:\/\/api.w.org\/{rel}","templated":true}]}}