{"id":208470,"date":"2026-08-29T20:48:12","date_gmt":"2026-08-29T20:48:12","guid":{"rendered":"https:\/\/www.europesays.com\/si\/208470\/"},"modified":"2026-08-29T20:48:12","modified_gmt":"2026-08-29T20:48:12","slug":"trebanjci-po-sedemmetrovkah-presenetili-favorizirane-celjane","status":"publish","type":"post","link":"https:\/\/www.europesays.com\/si\/208470\/","title":{"rendered":"Trebanjci po sedemmetrovkah presenetili favorizirane Celjane"},"content":{"rendered":"<p>\t\t\t\t\t\t\t\t<a href=\"https:\/\/www.europesays.com\/si\/wp-content\/uploads\/2026\/08\/67086156.jpg\" itemprop=\"contentUrl\" data-size=\"1200x800\" data-large=\"https:\/\/www.europesays.com\/si\/wp-content\/uploads\/2026\/08\/67086156.jpg\"><br \/>\n\t\t\t\t\t\t\t\t\t<img decoding=\"async\" src=\"https:\/\/www.europesays.com\/si\/wp-content\/uploads\/2026\/08\/67086156.jpg\" title=\"Veselje in pol rokometa\u0161ev Trima. Foto: www.alesfevzer.com\" alt=\"Veselje in pol rokometa\u0161ev Trima. Foto: www.alesfevzer.com\"\/><br \/>\n\t\t\t\t\t\t\t\t<\/a><\/p>\n<p>\t\t\t\t\t\t\t\t\tVeselje in pol rokometa\u0161ev Trima. Foto: www.alesfevzer.com<\/p>\n<p>\t\t\t\t\t\t\t<a id=\"preferredSourceBanner\" href=\"https:\/\/www.rtvslo.si\/sport\/rokomet\/krimovke-ostajajo-kraljice-slovenskih-superpokalnih-tekem\/javascript:void(0)\" target=\"_blank\" class=\"d-none align-items-center justify-content-between rounded my-3\" style=\"padding: 10px 15px;\" rel=\"nofollow noopener\"><br \/>\n\t\t\t\t\t\t<img decoding=\"async\" src=\"https:\/\/img.rtvslo.si\/_static\/novi\/img\/ico-google.svg\" class=\"flex-shrink-0 mr-3\" aria-hidden=\"true\"\/><br \/>\n\t\t\t\t\t\tSpremljajte RTVSLO.si kot prednostni vir na Google<\/p>\n<p>\t\t\t\t\t<\/a><\/p>\n<p>Zasedba iz Trebnjega je prvi\u010d zmagala v tradicionalnem uvodu v rokometno sezono, ki je na sporedu od leta 2007. V kne\u017ejem mestu je ugnala dr\u017eavne in pokalne prvake iz pretekle sezone iz Celja, ki so doslej osemkrat zmagali v superpokalu. \u0160tiri tovrstne naslove je osvojilo Gorenje Velenje, po enkrat pa so poleg Trima Trebnjega zmagali tudi LL Grosist Slovan, Krka in Cimos Koper.<\/p>\n<p>Oglas<\/p>\n<p>\t\t\t\t\t\t\t\t<a href=\"https:\/\/www.europesays.com\/si\/wp-content\/uploads\/2026\/08\/67086133.jpg\" itemprop=\"contentUrl\" data-size=\"1200x800\" data-large=\"https:\/\/www.europesays.com\/si\/wp-content\/uploads\/2026\/08\/67086133.jpg\"><br \/>\n\t\t\t\t\t\t\t\t\t<img decoding=\"async\" src=\"https:\/\/www.europesays.com\/si\/wp-content\/uploads\/2026\/08\/67086133.jpg\" title=\"Andra\u017e Stani\u010d je dosegel sedem golov. Foto: www.alesfevzer.com\" alt=\"Andra\u017e Stani\u010d je dosegel sedem golov. Foto: www.alesfevzer.com\"\/><br \/>\n\t\t\t\t\t\t\t\t<\/a><\/p>\n<p>\t\t\t\t\t\t\t\t\tAndra\u017e Stani\u010d je dosegel sedem golov. Foto: www.alesfevzer.com<\/p>\n<p>Varovanci doma\u010dega trenerja Klemna Luzarja so tekmo odprli s 3:0. Trebanjci so hitro ujeli priklju\u010dek in se pribli\u017eali na gol zaostanka. V 15. minuti so izena\u010dili na 8:8, dve minuti pozneje pa prvi\u010d povedli na dvoboju (11:10). V 20. minuti je Filip Baznik po udarcu v glavo Alju\u0161a An\u017ei\u010da prejel rde\u010di karton. V naslednjih dveh minutah je Celjanom uspela sijajna serija 4:0, po njej so si priigrali \u0161tiri gole prednosti (15:11). A Trebanjci so pokazali zobe, v 26. minuti so zadihali za ovratnik gostiteljem (15:16), v 28. minuti izena\u010dili na 17:17, tik pred odhodom na veliki odmor pa po golu Timoteja Grm\u0161ka povedli z 18:17.<\/p>\n<p>An\u017ei\u0107 iz preventivnih razlogov v nadaljevanju ni ve\u010d stopil na igri\u0161\u010de, Celjani pa v odsotnosti svojega prvega mo\u017ea sprva niso bili konkuren\u010dni tekmecem z Dolenjskega. Ti so si v 35. minuti priigrali \u0161tiri gole prednosti (21:17), a nato izgubili rde\u010do nit v svoji igri, kar so Celjani izkoristili.<\/p>\n<p>V 43. minuti so po golu Uro\u0161a Mili\u0107evi\u0107a izena\u010dili na 22:22, \u0161est minut pozneje pa sta Jesus Hurtado Vergara in Mili\u0107evi\u0107 zadela za vodstvo 26:24 in gostujo\u010dega trenerja Branka Tam\u0161eta prisilila, da je zahteval minuto odmora.<\/p>\n<p>Celjani so v prelomnih trenutkih dvoboja igrali bledo. Po vodstvu 28:25 so med 53. in 56. minuto gostom dovolili, da so naredili delni izid 4:1 in izena\u010dili na 29:29.<\/p>\n<p>V sami kon\u010dnici je bilo izjemno napeto, nobena ekipa pa v rednem delu ni dosegla zmagovitega gola. V rokometni loteriji so bili bolj zbrani Trebanjci in osvojili prvo lovoriko v sezoni 2026\/27.<\/p>\n<p>Andra\u017e Stani\u010d je za Trebanjce dosegel sedem zadetkov.<\/p>\n<p>\t\t\t\t\t\t\t\t<a href=\"https:\/\/www.europesays.com\/si\/wp-content\/uploads\/2026\/08\/67086039.jpg\" itemprop=\"contentUrl\" data-size=\"1200x800\" data-large=\"https:\/\/www.europesays.com\/si\/wp-content\/uploads\/2026\/08\/67086039.jpg\"><br \/>\n\t\t\t\t\t\t\t\t\t<img decoding=\"async\" src=\"https:\/\/www.europesays.com\/si\/wp-content\/uploads\/2026\/08\/67086039.jpg\" title=\"Krimovke ostajajo kraljice slovenskih superpokalnih tekem, na devetih tovrstnih dvobojih imajo 100-odstotni izkupi\u010dek. Foto: www.alesfevzer.com\" alt=\"Krimovke ostajajo kraljice slovenskih superpokalnih tekem, na devetih tovrstnih dvobojih imajo 100-odstotni izkupi\u010dek. Foto: www.alesfevzer.com\"\/><br \/>\n\t\t\t\t\t\t\t\t<\/a><\/p>\n<p>\t\t\t\t\t\t\t\t\tKrimovke ostajajo kraljice slovenskih superpokalnih tekem, na devetih tovrstnih dvobojih imajo 100-odstotni izkupi\u010dek. Foto: www.alesfevzer.com<\/p>\n<p>Rokometa\u0161ice Krima OTP Groupa Mercatorja so zmagovalke leto\u0161njega slovenskega superpokala, potem ko so v Celju premagale Mlinotest Ajdov\u0161\u010dino s 45:28.<\/p>\n<p>\t\t\t\t\t\t\t\t<a href=\"https:\/\/www.europesays.com\/si\/wp-content\/uploads\/2026\/08\/67086013.jpg\" itemprop=\"contentUrl\" data-size=\"1200x800\" data-large=\"https:\/\/www.europesays.com\/si\/wp-content\/uploads\/2026\/08\/67086013.jpg\"><br \/>\n\t\t\t\t\t\t\t\t\t<img decoding=\"async\" src=\"https:\/\/www.europesays.com\/si\/wp-content\/uploads\/2026\/08\/67086013.jpg\" title=\"Foto: www.alesfevzer.com\" alt=\"Foto: www.alesfevzer.com\"\/><br \/>\n\t\t\t\t\t\t\t\t<\/a><\/p>\n<p>\t\t\t\t\t\t\t\t\tFoto: www.alesfevzer.com<\/p>\n<p>V igri Krima je v uvodnih petnajstih minutah kapljalo in curljalo na vse strani. Ajdovke so si priigrale dva gola prednosti (7:5, 8:6), po minuti odmora novega danskega trenerja Rasmusa Poulsena na klopi ljubljanske ekipe ter zaradi \u0161tevil\u010dnej\u0161ega in kakovostnej\u0161ega igralskega kadra pa so v nadaljevanju Krimovke le zagospodarile v Zlatorogu. V 21. minuti so si priigrale \u0161est golov naskoka (15:9), na polovici tekme pa je njihova prednost zna\u0161ala + 9 (20:11).<\/p>\n<p>V drugem pol\u010dasu se razmerje mo\u010di na igri\u0161\u010du ni spremenilo, kon\u010dni izid zgovorno pri\u010da o premo\u010di 31-kratnih dr\u017eavnih in 30-kratnih pokalnih prvakinj iz slovenske prestolnice.<\/p>\n<p>Pri Ljubljan\u010dankah je bila naju\u010dinkovitej\u0161a Eleonora Stankovi\u0107 z osmimi goli. Nina Zuli\u0107 in Ema Marija Markovi\u0107 sta za zmago prispevali po sedem zadetkov. \u0160pela Bajc je za Ajdovke dosegla \u0161est, Natalija Grandi\u010d pa pet golov. <\/p>\n<p>Za Krimovke je bila tekma proti Ajdovkam generalka pred uvodno tekmo v Ligi prvakinj proti tradicionalnim mednarodnim tekmicam iz Bukare\u0161te, ki bo \u010dez teden dni v Ljubljani. <\/p>\n<p>\t\t\t\tRokometa\u0161ice Krima deveti\u010d osvojile slovenski superpokal<\/p>\n<p>SUPERPOKAL SLOVENIJE, Celje<\/p>\n<p>Celje Pivovarna La\u0161ko \u2013 TRIMO TREBNJE <br \/>32:34 (30:30, 17:18)<\/p>\n<p>1000 gledalcev.<\/p>\n<p>Celje Pivovarna La\u0161ko: Mlakar, Gaber\u0161ek, Mazej 3, Kova\u010d, An\u017ei\u010d 1 (1), Uzunchev 4, Grabar 2, Sor\u0161ak 5, Mili\u0107evi\u0107 5 (1), Ka\u010di\u010dnik, Hurtado Vergara 3 (3), Koro\u0161ec 2, Mlakar 7, Klju\u010danin, Heiss.<\/p>\n<p>Trimo Trebnje: \u0160alamon, Lesjak, Didovi\u010d, Jure\u010di\u010d 2 (2), Kresal 1, Ra\u0161o, Baznik, Kotar 2, Sve\u010dko 2, Strehar 2, \u0160i\u0161ko 4, Grm\u0161ek 4, Cirar 5 (2), Vi\u0161\u010dek 2 (1), Stani\u010d 7, Majstorovi\u0107 3 (1).<\/p>\n<p>Sedemmetrovke: 5\/8; 6\/7.<\/p>\n<p>Izklju\u010ditve: 8 minut; 8 minut. <\/p>\n<p>RK: Baznik 20.\/Trimo Trebnje<\/p>\n<p>KRIM OTP Group Mercator \u2013 Mlinotest Ajdov\u0161\u010dina <br \/>45:28 (20:11)<\/p>\n<p> Krim OTP Group Mercator: Zupan, Vojnovi\u010d, Risovi\u0107, Mario 4, Puncer, Ermenc 4, Kogov\u0161ek, Zuli\u010d 7 (2), Johansen 5, Vukovi\u0107 4, Madsen 3, Kov\u0161ca 3, Markovi\u0107 7, Erceg, Stankovi\u0107 8. <\/p>\n<p>Mlinotest Ajdov\u0161\u010dina: Vuk, Petek, Zelnik 1, Jeras 2, Zupan 4 (3), Polak 3, Raspor 2, Bajc 6, Grandi\u010d 5, Treven 2, Bo\u017eeglav 2, Ba\u010der 1 (1).<\/p>\n<p>Sedemmetrovke: 2\/3; 4\/6.<\/p>\n<p>Izklju\u010ditve: 8 minut; 0 minut. <\/p>\n<p>Oglas<\/p>\n","protected":false},"excerpt":{"rendered":"Veselje in pol rokometa\u0161ev Trima. Foto: www.alesfevzer.com Spremljajte RTVSLO.si kot prednostni vir na Google Zasedba iz Trebnjega je&hellip;\n","protected":false},"author":2,"featured_media":208471,"comment_status":"","ping_status":"","sticky":false,"template":"","format":"standard","meta":{"footnotes":"","_share_on_mastodon":"0"},"categories":[16],"tags":[318,301,62,37,58,60,38,94,93,47759,15419],"class_list":["post-208470","post","type-post","status-publish","format-standard","has-post-thumbnail","category-sport","tag-krim-mercator","tag-rokomet","tag-si","tag-slovene","tag-slovenia","tag-slovenija","tag-slovenscina","tag-sport","tag-sports","tag-superpokal","tag-trimo-trebnje"],"share_on_mastodon":{"url":"https:\/\/pubeurope.com\/@si\/117180767136792648","error":""},"_links":{"self":[{"href":"https:\/\/www.europesays.com\/si\/wp-json\/wp\/v2\/posts\/208470","targetHints":{"allow":["GET"]}}],"collection":[{"href":"https:\/\/www.europesays.com\/si\/wp-json\/wp\/v2\/posts"}],"about":[{"href":"https:\/\/www.europesays.com\/si\/wp-json\/wp\/v2\/types\/post"}],"author":[{"embeddable":true,"href":"https:\/\/www.europesays.com\/si\/wp-json\/wp\/v2\/users\/2"}],"replies":[{"embeddable":true,"href":"https:\/\/www.europesays.com\/si\/wp-json\/wp\/v2\/comments?post=208470"}],"version-history":[{"count":0,"href":"https:\/\/www.europesays.com\/si\/wp-json\/wp\/v2\/posts\/208470\/revisions"}],"wp:featuredmedia":[{"embeddable":true,"href":"https:\/\/www.europesays.com\/si\/wp-json\/wp\/v2\/media\/208471"}],"wp:attachment":[{"href":"https:\/\/www.europesays.com\/si\/wp-json\/wp\/v2\/media?parent=208470"}],"wp:term":[{"taxonomy":"category","embeddable":true,"href":"https:\/\/www.europesays.com\/si\/wp-json\/wp\/v2\/categories?post=208470"},{"taxonomy":"post_tag","embeddable":true,"href":"https:\/\/www.europesays.com\/si\/wp-json\/wp\/v2\/tags?post=208470"}],"curies":[{"name":"wp","href":"https:\/\/api.w.org\/{rel}","templated":true}]}}