{"id":208474,"date":"2026-08-29T20:53:18","date_gmt":"2026-08-29T20:53:18","guid":{"rendered":"https:\/\/www.europesays.com\/si\/208474\/"},"modified":"2026-08-29T20:53:18","modified_gmt":"2026-08-29T20:53:18","slug":"golob-zaradi-sramotilnih-izjav-o-izraelu-naznanjen-policiji","status":"publish","type":"post","link":"https:\/\/www.europesays.com\/si\/208474\/","title":{"rendered":"Golob zaradi sramotilnih izjav o Izraelu naznanjen policiji"},"content":{"rendered":"<p dir=\"auto\" style=\"text-align: justify;\">Dav\u010dni svetovalec in licencirani lobist ddr. Rok Sne\u017ei\u010d je na Generalno policijsko upravo podal naznanitev suma kaznivega dejanja zoper poslanca Gibanja Svoboda Roberta Goloba. Meni, da bi njegova objava na Facebooku z 26. avgusta 2026 lahko izpolnjevala znake kaznivega dejanja sramotitve tuje dr\u017eave po 164. \u010dlenu Kazenskega zakonika (KZ-1).<\/p>\n<p dir=\"auto\" style=\"text-align: justify;\">V naznanitvi Rok Sne\u017ei\u010d navaja, da je Robert Golob v avdio-video posnetku \u201c\u017ealjivo in izrazito negativno\u201d govoril o dr\u017eavi Izrael. Med drugim naj bi dejal, da Izrael \u201ckrade zemljo\u201d, \u201cuni\u010duje nedol\u017ena \u010dlove\u0161ka \u017eivljenja\u201d in \u201cru\u0161i domove\u201d. Sne\u017ei\u010d predlaga, da organi preverijo, ali so podani zakonski znaki tega ali drugega kaznivega dejanja, ki se preganja po uradni dol\u017enosti.<\/p>\n<p dir=\"auto\" style=\"text-align: justify;\"><a href=\"https:\/\/nova24tv.si\/vrnila-se-je-anti-corruption2026-javnost-caka-nove-posnetke-komu-se-tresejo-hlace\/\" rel=\"nofollow noopener\" target=\"_blank\"><\/p>\n<p> Preberite tudi: Vrnila se je Anti-corruption2026: javnost \u010daka nove posnetke \u2013 komu se tresejo hla\u010de?<\/p>\n<p><\/a><\/p>\n<p dir=\"auto\" style=\"text-align: justify;\">Posnetek je nastal v odzivu na odlo\u010ditev vlade Janeza Jan\u0161e, da Slovenija ne podpre skupne izjave dr\u017eav \u010dlanic EU o obsodbi na\u010drtovane \u0161iritve izraelskih naselbin na Zahodnem bregu. V objavi Golob Jan\u0161o vpra\u0161a, kdo mu daje pravico, da \u201csramoti Slovenijo pred Evropo in svetom\u201d, in doda, da so to \u201cizklju\u010dno dolgovi Janeza Jan\u0161e na \u0161kodo Slovenije in cele Evrope\u201d.<\/p>\n<p dir=\"auto\" style=\"text-align: justify;\">Sne\u017ei\u010d, ki se v zadnjih tednih ve\u010dkrat javno zavzema za ukrepe zoper Goloba v zvezi z njegovo politiko do Izraela, je k naznanitvi prilo\u017eil tudi povezavo do Facebook objave.<\/p>\n<p dir=\"auto\" style=\"text-align: justify;\">\n<p dir=\"auto\" style=\"text-align: justify;\">Po 164. \u010dlenu KZ-1 se z denarno kaznijo ali zaporom do enega leta kaznuje, kdor javno stori dejanje iz 158. do 162. \u010dlena (raz\u017ealitev, obrekovanje, \u017ealjiva obdol\u017eitev in podobno) proti tuji dr\u017eavi, njenemu voditelju ali diplomatskemu predstavniku oziroma kdor javno sramoti zastavo, grb ali himno tuje dr\u017eave. Za tovrstna dejanja zoper \u010dast in dobro ime veljajo posebne dolo\u010dbe o pregonu.<\/p>\n<p dir=\"auto\" style=\"text-align: justify;\">Sne\u017ei\u010d je le nekaj dni pred naznanitvijo na policijo veleposlanici Izraela Ruth Cohen-Dar in veleposlanici ZDA v Sloveniji Asel K. Roberts poslal tudi poziv, naj pristojni organi obeh dr\u017eav preu\u010dijo Golobovo politiko do Izraela, vojne v Gazi in Hamasa ter morebitne podlage za omejevalne ukrepe, vklju\u010dno s prepovedjo vstopa, zamrznitvijo premo\u017eenja ali uvrstitvijo na sankcijske sezname. Iz urada izraelskega veleposlani\u0161tva na Dunaju je prejel odgovor, da je veleposlanica s pozivom seznanjena in da bo predlog preu\u010den.<\/p>\n<p dir=\"auto\" style=\"text-align: justify;\">A.H.<\/p>\n","protected":false},"excerpt":{"rendered":"Dav\u010dni svetovalec in licencirani lobist ddr. Rok Sne\u017ei\u010d je na Generalno policijsko upravo podal naznanitev suma kaznivega dejanja&hellip;\n","protected":false},"author":2,"featured_media":208475,"comment_status":"","ping_status":"","sticky":false,"template":"","format":"standard","meta":{"footnotes":"","_share_on_mastodon":"0"},"categories":[6],"tags":[51250,2006,1755,1154,59,61,50,12385,62,37,58,60,38],"class_list":["post-208474","post","type-post","status-publish","format-standard","has-post-thumbnail","category-slovenija","tag-blatenje-drzave","tag-izrael","tag-ovadba","tag-politika","tag-republic-of-slovenia","tag-republika-slovenija","tag-robert-golob","tag-rok-snezic","tag-si","tag-slovene","tag-slovenia","tag-slovenija","tag-slovenscina"],"share_on_mastodon":{"url":"https:\/\/pubeurope.com\/@si\/117180786686614618","error":""},"_links":{"self":[{"href":"https:\/\/www.europesays.com\/si\/wp-json\/wp\/v2\/posts\/208474","targetHints":{"allow":["GET"]}}],"collection":[{"href":"https:\/\/www.europesays.com\/si\/wp-json\/wp\/v2\/posts"}],"about":[{"href":"https:\/\/www.europesays.com\/si\/wp-json\/wp\/v2\/types\/post"}],"author":[{"embeddable":true,"href":"https:\/\/www.europesays.com\/si\/wp-json\/wp\/v2\/users\/2"}],"replies":[{"embeddable":true,"href":"https:\/\/www.europesays.com\/si\/wp-json\/wp\/v2\/comments?post=208474"}],"version-history":[{"count":0,"href":"https:\/\/www.europesays.com\/si\/wp-json\/wp\/v2\/posts\/208474\/revisions"}],"wp:featuredmedia":[{"embeddable":true,"href":"https:\/\/www.europesays.com\/si\/wp-json\/wp\/v2\/media\/208475"}],"wp:attachment":[{"href":"https:\/\/www.europesays.com\/si\/wp-json\/wp\/v2\/media?parent=208474"}],"wp:term":[{"taxonomy":"category","embeddable":true,"href":"https:\/\/www.europesays.com\/si\/wp-json\/wp\/v2\/categories?post=208474"},{"taxonomy":"post_tag","embeddable":true,"href":"https:\/\/www.europesays.com\/si\/wp-json\/wp\/v2\/tags?post=208474"}],"curies":[{"name":"wp","href":"https:\/\/api.w.org\/{rel}","templated":true}]}}