{"id":208556,"date":"2026-08-29T23:26:19","date_gmt":"2026-08-29T23:26:19","guid":{"rendered":"https:\/\/www.europesays.com\/si\/208556\/"},"modified":"2026-08-29T23:26:19","modified_gmt":"2026-08-29T23:26:19","slug":"jakobu-aljazu-kovanec-prikljucitvi-primorske-nic","status":"publish","type":"post","link":"https:\/\/www.europesays.com\/si\/208556\/","title":{"rendered":"Jakobu Alja\u017eu kovanec, priklju\u010ditvi Primorske ni\u010d"},"content":{"rendered":"<p>Sprememba uredbe o dolo\u010ditvi dogodkov, ob katerih bodo izdani prilo\u017enostni kovanci, buri duhove v opoziciji.<\/p>\n<p><img decoding=\"async\" class=\"articlePicture_image__om2Oc\" src=\"https:\/\/www.europesays.com\/si\/wp-content\/uploads\/2026\/08\/3712282.width-660.format-webp.webp\" alt=\"Pri nacionalnih izdajah vsaka dr\u017eava samostojno izbere motive, ki zaznamujejo njene pomembne zgodovinske obletnice, znane osebnosti\u00a0ali kulturne dogodke. FOTO:\u00a0Ale\u0161 \u010cernivec\" img_id=\"15049142\"\/><\/p>\n<p> Galerija<\/p>\n<p>Pri nacionalnih izdajah vsaka dr\u017eava samostojno izbere motive, ki zaznamujejo njene pomembne zgodovinske obletnice, znane osebnosti\u00a0ali kulturne dogodke. FOTO:\u00a0Ale\u0161 \u010cernivec<\/p>\n<p>Poslanka opozicijske SD Meira Hot je postavila vladi tri vpra\u0161anja v zvezi z umikom izdaje zbirateljskih kovancev ob 80. oblet\u00adnici priklju\u010ditve Primorske k mati\u010dni domovini. \u010ceprav se je strinjala, da si ga stota obletnica smrti Jakoba Alja\u017ea zaslu\u017ei, meni, da po\u010dastitev spomina na Jakoba Alja\u017ea ne bi smela pomeniti prezrtja Primorske, zato je predlagala izdajo obeh kovancev.<br \/>\nPrej\u0161nja vlada je januarja z uredbo dolo\u010dila dogodke, ob katerih bodo leta 2027 izdani prilo\u017enostni kovanci: poleg spominskega kovanca za dva evra ob 100. obletnici rojstva ilustratorke An\u010dke Go\u0161nik Godec naj bi izdali tudi zbirateljski kovanec ob 80. obletnici priklju\u010ditve Primorske k mati\u010dni domovini. Sedanja vlada je v \u010detrtek spremenila uredbo: izdajo kovanca v po\u010dastitev priklju\u010ditve Primorske je nadomestila s &#8230;<\/p>\n","protected":false},"excerpt":{"rendered":"Sprememba uredbe o dolo\u010ditvi dogodkov, ob katerih bodo izdani prilo\u017enostni kovanci, buri duhove v opoziciji. Galerija Pri nacionalnih&hellip;\n","protected":false},"author":2,"featured_media":208557,"comment_status":"","ping_status":"","sticky":false,"template":"","format":"standard","meta":{"footnotes":"","_share_on_mastodon":"0"},"categories":[6],"tags":[5133,4523,51278,34261,764,2584,59,61,62,37,58,60,38],"class_list":["post-208556","post","type-post","status-publish","format-standard","has-post-thumbnail","category-slovenija","tag-banka-slovenije","tag-denar","tag-jakob-aljaz","tag-meira-hot","tag-obletnica","tag-primorska","tag-republic-of-slovenia","tag-republika-slovenija","tag-si","tag-slovene","tag-slovenia","tag-slovenija","tag-slovenscina"],"share_on_mastodon":{"url":"https:\/\/pubeurope.com\/@si\/117181388378268772","error":""},"_links":{"self":[{"href":"https:\/\/www.europesays.com\/si\/wp-json\/wp\/v2\/posts\/208556","targetHints":{"allow":["GET"]}}],"collection":[{"href":"https:\/\/www.europesays.com\/si\/wp-json\/wp\/v2\/posts"}],"about":[{"href":"https:\/\/www.europesays.com\/si\/wp-json\/wp\/v2\/types\/post"}],"author":[{"embeddable":true,"href":"https:\/\/www.europesays.com\/si\/wp-json\/wp\/v2\/users\/2"}],"replies":[{"embeddable":true,"href":"https:\/\/www.europesays.com\/si\/wp-json\/wp\/v2\/comments?post=208556"}],"version-history":[{"count":0,"href":"https:\/\/www.europesays.com\/si\/wp-json\/wp\/v2\/posts\/208556\/revisions"}],"wp:featuredmedia":[{"embeddable":true,"href":"https:\/\/www.europesays.com\/si\/wp-json\/wp\/v2\/media\/208557"}],"wp:attachment":[{"href":"https:\/\/www.europesays.com\/si\/wp-json\/wp\/v2\/media?parent=208556"}],"wp:term":[{"taxonomy":"category","embeddable":true,"href":"https:\/\/www.europesays.com\/si\/wp-json\/wp\/v2\/categories?post=208556"},{"taxonomy":"post_tag","embeddable":true,"href":"https:\/\/www.europesays.com\/si\/wp-json\/wp\/v2\/tags?post=208556"}],"curies":[{"name":"wp","href":"https:\/\/api.w.org\/{rel}","templated":true}]}}