{"id":208566,"date":"2026-08-29T23:44:14","date_gmt":"2026-08-29T23:44:14","guid":{"rendered":"https:\/\/www.europesays.com\/si\/208566\/"},"modified":"2026-08-29T23:44:14","modified_gmt":"2026-08-29T23:44:14","slug":"igralnice-hit-se-po-torkovem-kibernetskem-napadu-znova-odpirajo","status":"publish","type":"post","link":"https:\/\/www.europesays.com\/si\/208566\/","title":{"rendered":"Igralnice Hit se po torkovem kibernetskem napadu znova odpirajo"},"content":{"rendered":"<p>\t\t\t\t\t\t\t\t<a href=\"https:\/\/www.europesays.com\/si\/wp-content\/uploads\/2026\/08\/65463118.jpg\" itemprop=\"contentUrl\" data-size=\"1200x800\" data-large=\"https:\/\/www.europesays.com\/si\/wp-content\/uploads\/2026\/08\/65463118.jpg\"><br \/>\n\t\t\t\t\t\t\t\t\t<img decoding=\"async\" src=\"https:\/\/www.europesays.com\/si\/wp-content\/uploads\/2026\/08\/65463118.jpg\" title=\"Fotografija je simboli\u010dna. Foto: BoBo\/Srdjan \u017divulovi\u0107\" alt=\"Fotografija je simboli\u010dna. Foto: BoBo\/Srdjan \u017divulovi\u0107\"\/><br \/>\n\t\t\t\t\t\t\t\t<\/a><\/p>\n<p>\t\t\t\t\t\t\t\t\tFotografija je simboli\u010dna. Foto: BoBo\/Srdjan \u017divulovi\u0107<\/p>\n<p>\t\t\t\t\t\t\t<a id=\"preferredSourceBanner\" href=\"https:\/\/www.rtvslo.si\/gospodarstvo\/igralnice-hit-se-po-torkovem-kibernetskem-napadu-znova-odpirajo\/javascript:void(0)\" target=\"_blank\" class=\"d-none align-items-center justify-content-between rounded my-3\" style=\"padding: 10px 15px;\" rel=\"nofollow noopener\"><br \/>\n\t\t\t\t\t\t<img decoding=\"async\" src=\"https:\/\/img.rtvslo.si\/_static\/novi\/img\/ico-google.svg\" class=\"flex-shrink-0 mr-3\" aria-hidden=\"true\"\/><br \/>\n\t\t\t\t\t\tSpremljajte RTVSLO.si kot prednostni vir na Google<\/p>\n<p>\t\t\t\t\t<\/a><\/p>\n<p>Kibernetski varnostni incident so v Hitu zaznali v no\u010di na torek. Strokovne ekipe so nemudoma pristopile k re\u0161evanju primera, o dogodku so bili takoj obve\u0161\u010deni pristojne dr\u017eavne ustanove in organi, razli\u010dni dele\u017eniki dru\u017ebe in zaposleni. Hkrati so v Hitu zaprli vse svoje igralnice, medtem ko so hoteli obratovali v omejenem obsegu.<\/p>\n<p>Oglas<\/p>\n<p>Danes so iz dru\u017ebe sporo\u010dili, da je njihovim informatikom in zunanjim strokovnjakom uspelo v \u010detrtek zve\u010der vzpostaviti delovanje informacijske infrastrukture, ki je pogoj za poslovanje igralnic. V no\u010di na petek so za goste odprli igralnico Perla, trenutno dela za zagon obratovanja potekajo tudi v preostalih igralnicah.<\/p>\n<p>\t\t\t\t\t\t\t\t\t<a href=\"https:\/\/www.rtvslo.si\/n\/791865\" class=\"image-link image-heading image-container container-16-9\" data-large=\"https:\/\/img.rtvcdn.si\/_up\/upload\/2021\/03\/23\/65874336.jpg\" rel=\"nofollow noopener\" target=\"_blank\"><br \/>\n\t\t\t\t\t\t\t\t\t\t<img decoding=\"async\" src=\"https:\/\/www.europesays.com\/si\/wp-content\/uploads\/2026\/08\/65874336_thumb.jpg\" class=\"image-preview\"\/><br \/>\n\t\t\t\t\t\t\t\t\t<\/a><\/p>\n<p>\t\t\t\t\t\t\t\t\t\tSorodna novica<br \/>\n\t\t\t\t\t\t\t\t\t\t<a href=\"https:\/\/www.rtvslo.si\/n\/791865\" rel=\"nofollow noopener\" target=\"_blank\">Kibernetski napad zaprl Hitove igralnice<\/a><\/p>\n<p>Pri\u010dakujejo, da bodo preostale enote odprte najpozneje do konca tedna. Na delovna mesta se tako postopoma vra\u010dajo zaposleni, ki so bili v \u010dasu izrednega dogodka napoteni na \u010dakanje na delo.<\/p>\n<p>Za zdaj omejena ponudba iger<\/p>\n<p>Gostom za zdaj zagotavljajo omejeno ponudbo iger le na igralnih avtomatih, v najkraj\u0161em mogo\u010dem \u010dasu pa bodo sku\u0161ali vzpostaviti \u0161e druge sisteme in aplikacije, ki bodo okrepili igralni\u0161ke, hotelske in druge poslovne procese.<\/p>\n<p>Usklajeno delo notranjih in zunanjih informacijskih strokovnjakov je bilo po besedah predsednika uprave Hita Sandija Brata\u0161evca klju\u010dno za vzpostavitev poslovanja. &#8220;Zahvaljujemo se vsem zaposlenim, poslovnim partnerjem, drugim gospodarskim dru\u017ebam ter dr\u017eavnim institucijam in pristojnim organom za podporo, strokovno pomo\u010d in konstruktivno sodelovanje. Vzdr\u017eevanje in dodatna okrepitev informacijske infrastrukture in varnosti ostaja ena od razvojnih prioritet dru\u017ebe tudi v prihodnje,&#8221; je povedal.<\/p>\n<p>Preiskava medtem \u0161e poteka, zato podrobnosti o informacijskem incidentu ne razkrivajo.<\/p>\n<p>Oglas<\/p>\n","protected":false},"excerpt":{"rendered":"Fotografija je simboli\u010dna. Foto: BoBo\/Srdjan \u017divulovi\u0107 Spremljajte RTVSLO.si kot prednostni vir na Google Kibernetski varnostni incident so v&hellip;\n","protected":false},"author":2,"featured_media":208567,"comment_status":"","ping_status":"","sticky":false,"template":"","format":"standard","meta":{"footnotes":"","_share_on_mastodon":"0"},"categories":[6],"tags":[51280,51279,1586,76,59,61,62,37,58,60,38,643],"class_list":["post-208566","post","type-post","status-publish","format-standard","has-post-thumbnail","category-slovenija","tag-igralnice-hit","tag-informacijska-infrastruktura","tag-kibernetski-napad","tag-preiskava","tag-republic-of-slovenia","tag-republika-slovenija","tag-si","tag-slovene","tag-slovenia","tag-slovenija","tag-slovenscina","tag-varnost"],"share_on_mastodon":{"url":"https:\/\/pubeurope.com\/@si\/117181459238979198","error":""},"_links":{"self":[{"href":"https:\/\/www.europesays.com\/si\/wp-json\/wp\/v2\/posts\/208566","targetHints":{"allow":["GET"]}}],"collection":[{"href":"https:\/\/www.europesays.com\/si\/wp-json\/wp\/v2\/posts"}],"about":[{"href":"https:\/\/www.europesays.com\/si\/wp-json\/wp\/v2\/types\/post"}],"author":[{"embeddable":true,"href":"https:\/\/www.europesays.com\/si\/wp-json\/wp\/v2\/users\/2"}],"replies":[{"embeddable":true,"href":"https:\/\/www.europesays.com\/si\/wp-json\/wp\/v2\/comments?post=208566"}],"version-history":[{"count":0,"href":"https:\/\/www.europesays.com\/si\/wp-json\/wp\/v2\/posts\/208566\/revisions"}],"wp:featuredmedia":[{"embeddable":true,"href":"https:\/\/www.europesays.com\/si\/wp-json\/wp\/v2\/media\/208567"}],"wp:attachment":[{"href":"https:\/\/www.europesays.com\/si\/wp-json\/wp\/v2\/media?parent=208566"}],"wp:term":[{"taxonomy":"category","embeddable":true,"href":"https:\/\/www.europesays.com\/si\/wp-json\/wp\/v2\/categories?post=208566"},{"taxonomy":"post_tag","embeddable":true,"href":"https:\/\/www.europesays.com\/si\/wp-json\/wp\/v2\/tags?post=208566"}],"curies":[{"name":"wp","href":"https:\/\/api.w.org\/{rel}","templated":true}]}}