{"id":208620,"date":"2026-08-30T01:27:14","date_gmt":"2026-08-30T01:27:14","guid":{"rendered":"https:\/\/www.europesays.com\/si\/208620\/"},"modified":"2026-08-30T01:27:14","modified_gmt":"2026-08-30T01:27:14","slug":"pogacar-po-novem-napadu-odgovoril-na-ugibanja-sploh-nisem-bil-jezen","status":"publish","type":"post","link":"https:\/\/www.europesays.com\/si\/208620\/","title":{"rendered":"Poga\u010dar po novem napadu odgovoril na ugibanja: Sploh nisem bil jezen"},"content":{"rendered":"<p><a href=\"https:\/\/www.delo.si\/tag\/tadej-pogacar\" target=\"_blank\" rel=\"nofollow noopener\">Tadej Poga\u010dar<\/a>\u00a0je tudi v <a href=\"https:\/\/www.delo.si\/sport\/kolesarstvo\/wout-van-aert-na-begu-pred-rdeco-majico\" target=\"_blank\" rel=\"nofollow noopener\">sedmi etapi Vuelte<\/a>\u00a0na\u0161el na\u010din, kako najbli\u017ejim tekmecem od\u0161\u010dipniti \u0161e nekaj sekund. \u010ceprav tokrat ni napadal etapne zmage, je na zaklju\u010dnem vzponu na Aramon Valdelinares znova pospe\u0161il in dodatno pove\u010dal prednost v skupnem se\u0161tevku. Njegova poteza je po prihodu v cilj spro\u017eila ugibanja, da je Slovenec napadel iz jeze, a je nosilec rde\u010de majice tak\u0161no razlago hitro zavrnil.<\/p>\n<p>\u00bbSploh nisem bil jezen,\u00ab je dejal Poga\u010dar. \u00bbZ veseljem bi se do vrha vzpona peljal v ritmu svojega mo\u0161tvenega kolega, toda Decathlon se je odlo\u010dil dirkati in mo\u010dno pritisnil.\u00ab<\/p>\n<p>Gall napadel, Poga\u010dar odgovoril<\/p>\n<p>Tempo je na zadnjem vzponu najprej mo\u010dno navila ekipa Decathlon CMA CGM, nato pa je napadel <a href=\"https:\/\/www.delo.si\/tag\/felix-gall\" target=\"_blank\" rel=\"nofollow noopener\">Felix Gall<\/a>. Poga\u010dar mu je brez te\u017eav sledil, Avstrijec pa ga je pozneje z gibom komolca pozval, naj prevzame menjavo.<\/p>\n<p>\u00bbSledil sem Felixu in videl, da med kandidati za skupno razvrstitev nastajajo razlike. Pokazal mi je, naj grem naprej, zato sem prispeval svoj del, odprla se je luknja in nato sem samo nadaljeval do cilja. Vse je bilo povsem obi\u010dajno,\u00ab je pojasnil Poga\u010dar.\u00a0<\/p>\n<p>Slovenec je do cilja Gallu vzel \u0161est sekund,\u00a0<a href=\"https:\/\/www.delo.si\/tag\/enric-mas\" target=\"_blank\" rel=\"nofollow noopener\">Enric Mas<\/a> pa je za Avstrijcem zaostal \u0161e dodatnih 16 sekund. Prav \u0160panec je po etapi ugibal, da je Poga\u010dar morda napadel zato, ker ga je med dirko nekaj razjezilo in je \u017eelel tekmecem poslati sporo\u010dilo. Nosilec rde\u010de majice je tak\u0161no razlago odlo\u010dno zavrnil.<\/p>\n<p>Prednost pred Masom \u017ee skoraj \u0161tiri minute<\/p>\n<p>\u010ceprav tokrat ni bilo nove etapne zmage, je Poga\u010dar \u0161e dodatno utrdil vodstvo v skupnem se\u0161tevku na Vuelti. Pred drugouvr\u0161\u010denim Masom ima zdaj 3:50 prednosti, <a href=\"https:\/\/www.delo.si\/tag\/primoz-roglic\" target=\"_blank\" rel=\"nofollow noopener\">Primo\u017e Rogli\u010d<\/a> na tretjem mestu pa zaostaja \u017ee 4:50.<\/p>\n<p>Poga\u010dar je ob tem izgubil zeleno majico najbolj\u0161ega po to\u010dkah, ki jo je prevzel <a href=\"https:\/\/www.delo.si\/tag\/wout-van-aert\" target=\"_blank\" rel=\"nofollow noopener\">Wout van Aert<\/a>, toda Slovenec je jasno poudaril, da ga ta razvrstitev ne zanima.<\/p>\n<p>\u00bbNikoli ni bila cilj, zato lahko besedo &#8216;\u0161e vedno&#8217; kar odstranimo. Glavni cilj je rde\u010da majica in ni\u010d drugega,\u00ab je odgovoril na vpra\u0161anje, ali ostaja boj za zeleno majico \u0161e vedno med njegovimi cilji.<\/p>\n<p>Tokrat zmaga Norve\u017eanom<\/p>\n<p>Etapno zmago je sicer slavil Andreas Leknessund, ki je na zadnjem vzponu napadel iz ube\u017ene skupine in si prikolesaril prvo etapno zmago na tritedenskih dirkah. Za dvojno norve\u0161ko slavje je z drugim mestom poskrbel njegov mo\u0161tveni kolega pri Uno-X Mobility Tobias Johannessen, tretji pa je bil Van Aert.\u00a0<\/p>\n<p>Poga\u010dar je pojasnil, da v sedmi etapi ni \u017eelel po nepotrebnem iz\u010drpavati svoje ekipe. Kolesarje namre\u010d \u017ee v nedeljo \u010daka eden najte\u017ejih dni leto\u0161nje Vuelte z zaklju\u010dnim vzponom na Aitano.<\/p>\n<p>\u00bbBolje je bilo nekoliko prihraniti ekipo in imeti manj nor dan kot v\u010deraj, saj bo deveta etapa ena najte\u017ejih na leto\u0161nji Vuelti,\u00ab je dejal vodilni v skupnem se\u0161tevku.<\/p>\n","protected":false},"excerpt":{"rendered":"Tadej Poga\u010dar\u00a0je tudi v sedmi etapi Vuelte\u00a0na\u0161el na\u010din, kako najbli\u017ejim tekmecem od\u0161\u010dipniti \u0161e nekaj sekund. \u010ceprav tokrat ni&hellip;\n","protected":false},"author":2,"featured_media":208621,"comment_status":"","ping_status":"","sticky":false,"template":"","format":"standard","meta":{"footnotes":"","_share_on_mastodon":"0"},"categories":[16],"tags":[51016,39522,24180,47596,25322,4557,62,37,58,60,38,94,93,1874,42044,13172,18752,24726,46867,8364],"class_list":["post-208620","post","type-post","status-publish","format-standard","has-post-thumbnail","category-sport","tag-andreas-leknessund","tag-decathlon-cma-cgm","tag-dirka-po-spaniji","tag-enric-mas","tag-felix-gall","tag-primoz-roglic","tag-si","tag-slovene","tag-slovenia","tag-slovenija","tag-slovenscina","tag-sport","tag-sports","tag-tadej-pogacar","tag-tobias-johannessen","tag-uae-team-emirates","tag-uno-x-mobility","tag-vuelta","tag-vuelta-2026","tag-wout-van-aert"],"share_on_mastodon":{"url":"https:\/\/pubeurope.com\/@si\/117181863883306982","error":""},"_links":{"self":[{"href":"https:\/\/www.europesays.com\/si\/wp-json\/wp\/v2\/posts\/208620","targetHints":{"allow":["GET"]}}],"collection":[{"href":"https:\/\/www.europesays.com\/si\/wp-json\/wp\/v2\/posts"}],"about":[{"href":"https:\/\/www.europesays.com\/si\/wp-json\/wp\/v2\/types\/post"}],"author":[{"embeddable":true,"href":"https:\/\/www.europesays.com\/si\/wp-json\/wp\/v2\/users\/2"}],"replies":[{"embeddable":true,"href":"https:\/\/www.europesays.com\/si\/wp-json\/wp\/v2\/comments?post=208620"}],"version-history":[{"count":0,"href":"https:\/\/www.europesays.com\/si\/wp-json\/wp\/v2\/posts\/208620\/revisions"}],"wp:featuredmedia":[{"embeddable":true,"href":"https:\/\/www.europesays.com\/si\/wp-json\/wp\/v2\/media\/208621"}],"wp:attachment":[{"href":"https:\/\/www.europesays.com\/si\/wp-json\/wp\/v2\/media?parent=208620"}],"wp:term":[{"taxonomy":"category","embeddable":true,"href":"https:\/\/www.europesays.com\/si\/wp-json\/wp\/v2\/categories?post=208620"},{"taxonomy":"post_tag","embeddable":true,"href":"https:\/\/www.europesays.com\/si\/wp-json\/wp\/v2\/tags?post=208620"}],"curies":[{"name":"wp","href":"https:\/\/api.w.org\/{rel}","templated":true}]}}