{"id":208912,"date":"2026-08-30T09:12:18","date_gmt":"2026-08-30T09:12:18","guid":{"rendered":"https:\/\/www.europesays.com\/si\/208912\/"},"modified":"2026-08-30T09:12:18","modified_gmt":"2026-08-30T09:12:18","slug":"alessandro-orefice-v-osmini-finala-ne-smemo-cakati-kaj-se-bo-zgodilo","status":"publish","type":"post","link":"https:\/\/www.europesays.com\/si\/208912\/","title":{"rendered":"Alessandro Orefice: V osmini finala ne smemo \u010dakati, kaj se bo zgodilo"},"content":{"rendered":"<p>\t\t\t\t\t\t\t\t<a href=\"https:\/\/www.europesays.com\/si\/wp-content\/uploads\/2026\/08\/67052365.jpg\" itemprop=\"contentUrl\" data-size=\"1200x800\" data-large=\"https:\/\/www.europesays.com\/si\/wp-content\/uploads\/2026\/08\/67052365.jpg\"><br \/>\n\t\t\t\t\t\t\t\t\t<img decoding=\"async\" src=\"https:\/\/www.europesays.com\/si\/wp-content\/uploads\/2026\/08\/67052365.jpg\" title=\"Alessandro Orefice uspe\u0161no vodi slovenske odbojkarice, ki se ne mislijo ustaviti v osmini finala EP-ja. Foto: Ale\u0161 Oblak\" alt=\"Alessandro Orefice uspe\u0161no vodi slovenske odbojkarice, ki se ne mislijo ustaviti v osmini finala EP-ja. Foto: Ale\u0161 Oblak\"\/><br \/>\n\t\t\t\t\t\t\t\t<\/a><\/p>\n<p>\t\t\t\t\t\t\t\t\tAlessandro Orefice uspe\u0161no vodi slovenske odbojkarice, ki se ne mislijo ustaviti v osmini finala EP-ja. Foto: Ale\u0161 Oblak<\/p>\n<p>\t\t\t\t\t\t\t<a id=\"preferredSourceBanner\" href=\"https:\/\/www.rtvslo.si\/sport\/odbojka\/evropsko-prvenstvo-v-odbojki\/alessandro-orefice-v-osmini-finala-ne-smemo-cakati-kaj-se-bo-zgodilo\/javascript:void(0)\" target=\"_blank\" class=\"d-none align-items-center justify-content-between rounded my-3\" style=\"padding: 10px 15px;\" rel=\"nofollow noopener\"><br \/>\n\t\t\t\t\t\t<img decoding=\"async\" src=\"https:\/\/img.rtvslo.si\/_static\/novi\/img\/ico-google.svg\" class=\"flex-shrink-0 mr-3\" aria-hidden=\"true\"\/><br \/>\n\t\t\t\t\t\tSpremljajte RTVSLO.si kot prednostni vir na Google<\/p>\n<p>\t\t\t\t\t<\/a><\/p>\n<p>Datum tekme ima za slovenskega selektorja Alessandra Oreficeja \u0161e dodaten pomen \u2013 prav na dan osmine finala bo praznoval 42. rojstni dan. Pred obra\u010dunom z Nizozemsko je posebej za TV Slovenija spregovoril o tem, kaj je v petih tekmah spoznal o svoji ekipi, zakaj evropsko prvenstvo primerja z vlakcem smrti, \u010desa v osmini finala ne smejo ve\u010d po\u010deti in zakaj si \u010dlani strokovnega \u0161taba \u017eelijo prvenstvo kon\u010dati brez brad.<\/p>\n<p>Oglas<\/p>\n<p>Imel sem ob\u010dutek, da vidim ekipo, za kakr\u0161no smo delali: odlo\u010dno ekipo, ki je \u017ee od za\u010detka tekme z Nem\u010dijo prikazala agresiven pristop. Videl sem povezano ekipo, ki je v te\u017ekih trenutkih delovala skupaj, ekipo, ki ni nikoli odnehala, niti proti Tur\u010diji.<\/p>\n<p>Alessandro Orefice<\/p>\n<p>Za vami je skupinski del, v katerem ste odigrali pet tekem, trikrat zmagali in do\u017eiveli dva poraza. Kaj ste v teh petih tekmah spoznali o svoji ekipi?<br \/>Dobro vpra\u0161anje. Spoznal sem veliko stvari. \u0160e naprej sem spoznaval ekipo, \u010deprav jo \u017ee precej dobro poznam, saj s to skupino delam \u017ee tri leta. Nekaj igralk je novih, toda jedro ekipe zelo dobro poznam. Kljub temu pa se ekipa ves \u010das razvija. Spreminjajo se prizori\u0161\u010da, spreminjajo se cilji, ambicije ostajajo, spreminjajo pa se tudi izku\u0161nje, ki jih igralke pridobivajo med svojimi klubskimi sezonami. Zato je to vedno znova neko odkrivanje. Iskreno povedano, sem imel ob\u010dutek, da vidim ekipo, za kakr\u0161no smo delali: odlo\u010dno ekipo, ki je \u017ee od za\u010detka tekme z Nem\u010dijo prikazala agresiven pristop. Videl sem povezano ekipo, ki je v te\u017ekih trenutkih delovala skupaj, ekipo, ki ni nikoli odnehala, niti proti Tur\u010diji, zmagovalki lige narodov, evropski prvakinji in finalistki svetovnega prvenstva. Pri dekletih sem res videl ogromno odlo\u010dnosti. Videl pa sem tudi tisti te\u017eji del \u2013 \u010dustveni del, trenutke, ko se \u0161e vedno nekoliko vra\u010damo v cono udobja. In trenutke, ko morda nimamo dovolj poguma, da bi v te\u017ekih in pomembnih trenutkih naredili dolo\u010dene stvari.<\/p>\n<p>\t\t\t\t\t\t\t\t<a href=\"https:\/\/www.europesays.com\/si\/wp-content\/uploads\/2026\/08\/1788081137_961_67079855.jpg\" itemprop=\"contentUrl\" data-size=\"1200x800\" data-large=\"https:\/\/www.europesays.com\/si\/wp-content\/uploads\/2026\/08\/1788081137_961_67079855.jpg\"><br \/>\n\t\t\t\t\t\t\t\t\t<img decoding=\"async\" src=\"https:\/\/www.europesays.com\/si\/wp-content\/uploads\/2026\/08\/1788081137_961_67079855.jpg\" title=\"Po predtekmovanju imajo Slovenke \u017ee toliko zmag, kot na vseh prej\u0161njih EP-jih skupaj. Foto: CEV\" alt=\"Po predtekmovanju imajo Slovenke \u017ee toliko zmag, kot na vseh prej\u0161njih EP-jih skupaj. Foto: CEV\"\/><br \/>\n\t\t\t\t\t\t\t\t<\/a><\/p>\n<p>\t\t\t\t\t\t\t\t\tPo predtekmovanju imajo Slovenke \u017ee toliko zmag, kot na vseh prej\u0161njih EP-jih skupaj. Foto: CEV<\/p>\n<p>Toda vse skupaj je \u0161e vedno kot vo\u017enja z vlakcem smrti. To jim tudi govorim. Tekma je kot vlakec smrti, so dobri trenutki in so te\u017eki trenutki. Igralka postaja izku\u0161ena in mo\u010dna takrat, ko se vse bolje nau\u010di obvladovati tak\u0161ne trenutke. Tako bo tudi vedno bolje igrala. Sam pa res verjamem, da so vse te stvari, dobre in slabe, del procesa. Del procesa u\u010denja teh deklet, razvoja te ekipe, razvoja posameznih igralk, pa tudi ekipe kot celote, tako za mlaj\u0161e kot za izku\u0161enej\u0161e igralke, ki prav tako do\u017eivljajo stvari, kakr\u0161nih \u0161e niso, \u010deprav so \u017ee dobre in izku\u0161ene.<\/p>\n<p>Kaj je tisto, kar se je med prvenstvom spremenilo v miselnosti igralk?<br \/>To je pravzaprav tisto, o \u010demer sem govoril \u017ee po tekmi s Poljsko. V njihovih glavah je bilo veliko zavedanja in ambicij, predvsem pa zaupanja v na\u0161e sposobnosti. Zavedajo se, kako dobro odbojko lahko igramo, da smo lahko ekipa, ki lahko povzro\u010da te\u017eave vsem reprezentancam na tem evropskem prvenstvu in se z vsemi kosa enakovredno. Potem pa lahko ena ali dve \u017eogi odlo\u010dita rezultat in tak\u0161ne trenutke je te\u017eko obvladovati. Toda tega se zavedamo, to je del odbojke na najvi\u0161ji ravni. Prav ta miselnost mi je bila pri dekletih zelo v\u0161e\u010d. \u017delim odlo\u010dno ekipo, ekipo, ki gre proti vsakemu nasprotniku na igri\u0161\u010de po zmago, ki se mentalno bori proti vsakomur in nikoli ne odneha.<\/p>\n<p>\u010ceprav smo (proti Poljski) odigrali zelo slabo, res zelo slabo tekmo, smo drugi niz izgubili s 26:28. Ena \u017eoga, en protinapad in lahko bi ga dobili.<\/p>\n<p>Alessandro Orefice<\/p>\n<p>Tak\u0161no miselnost sem pri njih videl \u017ee v Ljubljani, ko smo se pripravljali na te tekme, nato pa tudi na igri\u0161\u010du. Videlo se je tudi proti Poljski. \u010ceprav smo odigrali zelo slabo, res zelo slabo tekmo, smo drugi niz izgubili s 26:28. Ena \u017eoga, en protinapad in lahko bi ga dobili. Imeli smo \u017eogo za niz. Te\u017eko pa je ves \u010das ohranjati tak\u0161no raven. Mislim, da je najte\u017eje ohranjati igro na zelo visoki ravni. To nam je denimo uspelo v evropski ligi, ker smo z mentalnega stali\u0161\u010da vedeli, kaj moramo po\u010deti, in smo to raven ohranjali skozi celotno tekmovanje. Tudi proti \u0160vedski smo igrali odli\u010dno odbojko. Tukaj pa je letvica \u0161e vi\u0161je, raven je \u0161e vi\u0161ja. Zato je tak\u0161en standard \u0161e te\u017eje ohranjati. Dekleta vsak dan spodbujam k temu. Tudi pri videoanalizi ali na treningu jim sku\u0161am dopovedati, da je pomemben vsak trenutek tekme. Ohranjanje te ravni pa je zdaj povezano tudi z mentalnim delom \u2013 s pritiskom in z vsem, kar na tak\u0161nem tekmovanju pride poleg same odbojke.<\/p>\n<p>\t\t\t\t\t\t\t\t\t<a href=\"https:\/\/www.rtvslo.si\/n\/792122\" class=\"image-link image-heading image-container container-16-9\" data-large=\"https:\/\/img.rtvcdn.si\/_up\/upload\/2026\/08\/28\/67084590.jpg\" rel=\"nofollow noopener\" target=\"_blank\"><br \/>\n\t\t\t\t\t\t\t\t\t\t<img decoding=\"async\" src=\"https:\/\/www.europesays.com\/si\/wp-content\/uploads\/2026\/08\/67084590_thumb.jpg\" class=\"image-preview\"\/><br \/>\n\t\t\t\t\t\t\t\t\t<\/a><\/p>\n<p>\t\t\t\t\t\t\t\t\t\tSorodna novica<br \/>\n\t\t\t\t\t\t\t\t\t\t<a href=\"https:\/\/www.rtvslo.si\/n\/792122\" rel=\"nofollow noopener\" target=\"_blank\">Po 3. mestu v skupini v ponedeljek v osmini finala z Nizozemsko<\/a><\/p>\n<p>Je to tretje mesto po skupinskem delu dose\u017eek ali izhodi\u0161\u010de?<br \/>Oboje. Podobno je kot z na\u0161o uvrstitvijo v ligo narodov. Enako je. To je bil dose\u017eek, obenem pa nam je dal velik zagon, da smo lahko odlo\u010dno za\u010deli evropsko prvenstvo. In prav to smo naredili. Tudi to tretje mesto je neverjeten dose\u017eek. Kon\u010dati pred Nem\u010dijo je bil za nas velik rezultat. Toda to mora biti tudi za\u010detek, za\u010detek ne\u010desa novega, za\u010detek tega, da pogledamo, kaj smo naredili, razumemo, kdo smo, in nikoli ne pozabimo, od kod prihajamo. To je zame nekaj temeljnega in na to ekipo vedno opozarjam \u2013 da se moramo spomniti, od kod prihajamo in kje smo za\u010deli.<\/p>\n<p>Toda ta dose\u017eek nam mora dati izjemen zagon za tekmo, ki sledi. Dan po koncu skupinskega dela je bil namenjen po\u010ditku, ker je bilo za nami 13 dni, ko niti za trenutek nismo spustili noge s plina. Vemo, da nimamo ogromno mo\u017enosti za menjave, zato so bila dekleta res pod velikim fizi\u010dnim, tehni\u010dnim in mentalnim pritiskom. Sobota je bila zato namenjena predvsem po\u010ditku, ve\u010derni del pa sestanku in prvi videoanalizi Nizozemske. \u017delim, da imajo dekleta \u017ee v glavah, kdo je na\u0161 nasprotnik. Ker igramo 31. avgusta, ne bomo imeli veliko \u010dasa za pripravo.<\/p>\n<p>\t\t\t\tCeloten strokovni \u0161tab si bo obril brade v primeru preboja v polfinale EP-ja<\/p>\n<p>Moramo biti pripravljeni, da se usedemo na ta vlakec smrti. In to bo zahteven vlakec smrti, saj je Nizozemska odli\u010dna ekipa, fizi\u010dno mo\u010dna, izku\u0161ena ekipa z odli\u010dnim strokovnim \u0161tabom. Zato moramo biti pripravljeni. To je tisto, kar se mora mentalno spremeniti pred to tekmo.<\/p>\n<p>Alessandro Orefice<\/p>\n<p>V izlo\u010dilnih bojih ni popravnih izpitov. Kaj vse se zdaj za vas in za ekipo spremeni z vstopom v izlo\u010dilne boje?<br \/>V bistvu se ne spremeni ni\u010d. Spremeni se le to, da je danes nov dan. Dopoldne imamo trening, na katerem bomo preizkusili nekaj situacij. Toda zdaj pravzaprav ni ve\u010d \u010desa trenirati. Na tak\u0161nih tekmovanjih ne trenira\u0161 ve\u010d veliko. Gre\u0161 na igri\u0161\u010de, aktivira\u0161 telo, ohranja\u0161 igralni ritem in ob\u010dutek za \u017eogo. Preizkusi\u0161 zelo malo takti\u010dnih situacij, predvsem tak\u0161nih, za katere pri\u010dakuje\u0161, da se bodo pojavile na tekmi. Naredili bomo \u0161e nekaj fizi\u010dnega dela in pogledali videoposnetke.<\/p>\n<p>Toda nekaj bi si vendarle \u017eelel spremeniti in prav na to bom dal velik poudarek. Gre za tisti del, o katerem sem govoril prej. Od zdaj naprej ne obstaja ni\u010d drugega kot ekipa. To smo videli \u017ee na zadnji tekmi skupinskega dela. Proti Mad\u017earski smo, z vsem spo\u0161tovanjem do Mad\u017earske, odigrali dobro tekmo. Zdaj moramo delovati izklju\u010dno kot ekipa \u2013 ne obstaja ni\u010d drugega kot ekipa, ni\u010d drugega kot energija, ni\u010d drugega kot pozitivnost.<\/p>\n<p>Moramo biti pripravljeni, da se usedemo na ta vlakec smrti. In to bo zahteven vlakec smrti, saj je Nizozemska odli\u010dna ekipa, fizi\u010dno mo\u010dna, izku\u0161ena ekipa z odli\u010dnim strokovnim \u0161tabom. Zato moramo biti pripravljeni. To je tisto, kar se mora mentalno spremeniti pred to tekmo. Moramo priti mentalno pripravljeni, odlo\u010dni, ostati v svojem mehur\u010dku in ne dovoliti, da bi na nas vplivalo dogajanje okoli nas. Prav tako ne smemo dovoliti, da bi na nas vplivali te\u017eki trenutki, saj jih je med tekmo najte\u017eje obvladovati. Ves \u010das moramo ostati osredoto\u010deni na na\u010drt igre.<\/p>\n<p>To je tisti del, ki ga lahko \u0161e nekoliko spremenimo oziroma izbolj\u0161amo \u2013 da \u017ee od prve \u017eoge v tekmo pridemo \u0161e bolj odlo\u010dno. Toda to je proti vsakemu nasprotniku te\u017eko. Tudi pri nas se je to videlo. Na tem evropskem prvenstvu smo do zdaj nekoliko spominjali na dizelski motor. Pri\u0161li smo na igri\u0161\u010de in v\u010dasih \u010dakali, kaj se bo zgodilo. V osmini finala se to ne sme zgoditi, ne more se zgoditi. V tekmo moramo priti zelo osredoto\u010deni in zelo odlo\u010dni, predvsem pri servisu. Servis je edini element v odbojki, pri katerem ima\u0161 osem sekund za razmislek. Ko je \u017eoga enkrat v zraku, v odbojki nima\u0161 veliko \u010dasa za razmi\u0161ljanje, kaj bo\u0161 naredil. Zato moramo biti izza \u010drte devetih metrov zelo odlo\u010dni proti Nizozemski, ki ima zelo stabilen sprejem. Na servisu bomo morali opraviti zelo dobro delo in jih posku\u0161ati dr\u017eati \u010dim dlje od mre\u017ee, saj imajo podajalko, ki igra zelo hitro. Na to se moramo pripraviti.<\/p>\n<p>\t\t\t\t\t\t\t\t<a href=\"https:\/\/www.europesays.com\/si\/wp-content\/uploads\/2026\/08\/1788081138_777_67064835.jpg\" itemprop=\"contentUrl\" data-size=\"1200x800\" data-large=\"https:\/\/www.europesays.com\/si\/wp-content\/uploads\/2026\/08\/1788081138_777_67064835.jpg\"><br \/>\n\t\t\t\t\t\t\t\t\t<img decoding=\"async\" src=\"https:\/\/www.europesays.com\/si\/wp-content\/uploads\/2026\/08\/1788081138_777_67064835.jpg\" title=\"Ponedeljkovo tekmo proti Nizozemski (za\u010detek ob 15.00) si boste lahko ogledali v prenosu na TV Slovenija 2. Foto: Odbojkarska zveza Slovenije\" alt=\"Ponedeljkovo tekmo proti Nizozemski (za\u010detek ob 15.00) si boste lahko ogledali v prenosu na TV Slovenija 2. Foto: Odbojkarska zveza Slovenije\"\/><br \/>\n\t\t\t\t\t\t\t\t<\/a><\/p>\n<p>\t\t\t\t\t\t\t\t\tPonedeljkovo tekmo proti Nizozemski (za\u010detek ob 15.00) si boste lahko ogledali v prenosu na TV Slovenija 2. Foto: Odbojkarska zveza Slovenije<\/p>\n<p>Med prvenstvom ste igralkam nekajkrat omenili, naj si dovolijo sanjati. Kaj so zdaj, ko ste v izlo\u010dilnih bojih, va\u0161e sanje?<br \/>Sanje so nekaj drugega kot cilji. To ni isto. Na\u0161e sanje so, da si obrijemo brade \u2013 celoten strokovni \u0161tab. Ekipi smo namre\u010d povedali, da si bo, \u010de pridemo v polfinale, ves strokovni \u0161tab obril brado. Dan po \u010detrtfinalu bomo torej pri\u0161li brez brad. In to ne bo prav lep prizor. Cilji pa so nekaj drugega in mislim, da so jasni. To sem povedal vsem \u2013 medijem in ekipi. Zame je na\u0161 cilj \u010detrtfinale. Pred nami je torej \u0161e ta tekma. To bo lepa tekma. Tekma, ki jo lahko dobimo. Tekma, na kateri lahko igramo odli\u010dno odbojko. Vedno je odvisno od nas. Na tekmo se bomo pripravili po najbolj\u0161ih mo\u010deh. Dekletom bomo sku\u0161ali dati vsa potrebna orodja, obenem pa taktiko \u010dim bolj poenostaviti, da jim bomo pomagali. Lahko odigramo odli\u010dno tekmo. Vanjo pa moramo dati glavo, srce in pogum.<\/p>\n<p>Si boste obrili samo brade ali tudi lase?<br \/>Ne, lasje mi \u017ee sami odpadajo, teh ne bo treba obriti. Z ekipo pa smo sklenili ta<br \/>dogovor, zato res upam, da bom lahko sanjal brez brade.<\/p>\n<p>Oglas<\/p>\n","protected":false},"excerpt":{"rendered":"Alessandro Orefice uspe\u0161no vodi slovenske odbojkarice, ki se ne mislijo ustaviti v osmini finala EP-ja. Foto: Ale\u0161 Oblak&hellip;\n","protected":false},"author":2,"featured_media":208913,"comment_status":"","ping_status":"","sticky":false,"template":"","format":"standard","meta":{"footnotes":"","_share_on_mastodon":"0"},"categories":[20],"tags":[11852,7142,32,35,31,34,146,36,37,38,33],"class_list":["post-208912","post","type-post","status-publish","format-standard","has-post-thumbnail","category-novice","tag-alessandro-orefice","tag-evropsko-prvenstvo","tag-headlines","tag-najpomembnejse-novice","tag-news","tag-novice","tag-odbojka","tag-osrednje-novice","tag-slovene","tag-slovenscina","tag-top-stories"],"share_on_mastodon":{"url":"https:\/\/pubeurope.com\/@si\/117183692751076823","error":""},"_links":{"self":[{"href":"https:\/\/www.europesays.com\/si\/wp-json\/wp\/v2\/posts\/208912","targetHints":{"allow":["GET"]}}],"collection":[{"href":"https:\/\/www.europesays.com\/si\/wp-json\/wp\/v2\/posts"}],"about":[{"href":"https:\/\/www.europesays.com\/si\/wp-json\/wp\/v2\/types\/post"}],"author":[{"embeddable":true,"href":"https:\/\/www.europesays.com\/si\/wp-json\/wp\/v2\/users\/2"}],"replies":[{"embeddable":true,"href":"https:\/\/www.europesays.com\/si\/wp-json\/wp\/v2\/comments?post=208912"}],"version-history":[{"count":0,"href":"https:\/\/www.europesays.com\/si\/wp-json\/wp\/v2\/posts\/208912\/revisions"}],"wp:featuredmedia":[{"embeddable":true,"href":"https:\/\/www.europesays.com\/si\/wp-json\/wp\/v2\/media\/208913"}],"wp:attachment":[{"href":"https:\/\/www.europesays.com\/si\/wp-json\/wp\/v2\/media?parent=208912"}],"wp:term":[{"taxonomy":"category","embeddable":true,"href":"https:\/\/www.europesays.com\/si\/wp-json\/wp\/v2\/categories?post=208912"},{"taxonomy":"post_tag","embeddable":true,"href":"https:\/\/www.europesays.com\/si\/wp-json\/wp\/v2\/tags?post=208912"}],"curies":[{"name":"wp","href":"https:\/\/api.w.org\/{rel}","templated":true}]}}