{"id":209052,"date":"2026-08-30T12:17:08","date_gmt":"2026-08-30T12:17:08","guid":{"rendered":"https:\/\/www.europesays.com\/si\/209052\/"},"modified":"2026-08-30T12:17:08","modified_gmt":"2026-08-30T12:17:08","slug":"v-katastrofalnih-poplavah-v-nepalu-izginila-srbska-drzavljanka-verjamem-da-je-mama-ziva","status":"publish","type":"post","link":"https:\/\/www.europesays.com\/si\/209052\/","title":{"rendered":"V katastrofalnih poplavah v Nepalu izginila srbska dr\u017eavljanka: \u00bbVerjamem, da je mama \u017eiva\u00ab"},"content":{"rendered":"<p>Enisa Lekovi\u0107 iz Novega Pazarja, dr\u017eavljanka Srbije, <a href=\"https:\/\/slovenskenovice.delo.si\/tag\/nepal\" target=\"_blank\" rel=\"nofollow noopener\">ki jo po katastrofalnih hudourni\u0161kih poplavah v Nepalu vodijo kot pogre\u0161ano<\/a>, je bila nazadnje v stiku z dru\u017eino 26. avgusta, na isti dan, ko so uni\u010dujo\u010de poplave prizadele severne dele dr\u017eave. Tistega jutra je bila na avtobusu, njeno izginotje pa je prijavila h\u010derka, potem ko ji ni uspelo vzpostaviti stika z materjo. Kot so potrdili na Policijski upravi Novi Pazar, je Enisina h\u010derka 26. avgusta izgubila stik z materjo, nato pa je njeno izginotje prijavila policiji.<\/p>\n<p>Prav tistega dne je Nepal prizadela katastrofalna hudourni\u0161ka poplava, ki je v naslednjih urah in dneh zahtevala ve\u010d sto \u017eivljenj ter opusto\u0161ila celotna obmo\u010dja. Voda in hudourni\u0161ki nanosi so odna\u0161ali vse pred seboj ter uni\u010devali ceste in mostove, \u0161tevilna naselja pa so ostala odrezana od preostalega dela dr\u017eave. Njena dru\u017eina \u017ee ve\u010d dni \u010daka na kakr\u0161no koli informacijo o njeni usodi. Enisina h\u010derka se je oglasila tudi na Facebooku, kjer je za pomo\u010d prosila vse, ki bi morda imeli kakr\u0161no koli informacijo o njeni materi.<\/p>\n<p>Kljub temu ji ena podrobnost daje upanje, da je Enisa morda \u017eiva. Kot je zapisala v objavi, je bila ena od sporo\u010dil, ki jih je poslala materi, odprta, zato verjame, da je Enisa v nekem trenutku po prekinitvi stika uspela videti sporo\u010dilo.\u00a0\u00bbProsim, pomagajte mi najti mamo. Verjamem, da je \u017eiva, ker je videla eno od sporo\u010dil, ki sem ji ga danes prej poslala. Kljub temu od 26. avgusta nimamo nobenih informacij o njej. \u0160e vedno je na seznamu pogre\u0161anih v poplavah,\u00ab je zapisala Enisina h\u010derka.<\/p>\n<p>Po njenih navedbah je Enisa 26. avgusta ob 6.15 zjutraj z avtobusom odpotovala iz Katmanduja proti Dhun\u010deju, mestu v okro\u017eju Rasuva na severu Nepala. Avtobus naj bi se po na\u010drtu potovanja okoli 9. ure ustavil za \u010daj v Trishuli Bazaru, kraju ob cesti proti Dhun\u010deju. Po tem dru\u017eina nima ve\u010d potrjenih informacij o njenem gibanju.<\/p>\n<p>Zadnja objava<\/p>\n<p>Enisa je bila po dostopnih informacijah \u017ee ve\u010d let navdu\u0161ena popotnica in ljubiteljica oddaljenih destinacij. Ve\u010d mesecev je objavljala fotografije in posnetke iz Azije, zadnjo objavo na Instagramu pa je objavila 19. avgusta, natanko teden dni pred katastrofalnimi poplavami v Nepalu. Takrat je obiskala narodni park \u010citvan, pribli\u017eno 130 kilometrov ju\u017eno od obmo\u010dja, ki so ga prizadele hudourni\u0161ke poplave.<\/p>\n<p>Pred Nepalom je obiskala tudi Indijo in Tibet, na njenem profilu pa je mogo\u010de videti \u0161tevilne prizore s potovanj \u2013 od \u017eivali in narave do razli\u010dnih prireditev ter vsakdanjega \u017eivljenja ljudi. Enisa je po dosedanjih informacijah edina dr\u017eavljanka Srbije, katere ime se je zna\u0161lo na seznamu tujih dr\u017eavljanov, s katerimi je bil po katastrofi izgubljen stik. Njeno ime je med turisti in popotniki, katerih usoda po poplavah ni bila znana, objavil tudi Nepalski turisti\u010dni odbor.<\/p>\n<p>Zru\u0161il se je ledenik<\/p>\n<p>Spomnimo, da je do katastrofalnih poplav pri\u0161lo 26. avgusta na severu Nepala, na obmo\u010dju ob meji s Kitajsko. Po satelitskih posnetkih in prvih strokovnih analizah se je del ledenika na veliki nadmorski vi\u0161ini zru\u0161il, pri \u010demer je pri\u0161lo do ogromnega plazu ledu in skal ter nenadnega spro\u0161\u010danja vode. Ta material je spro\u017eil uni\u010dujo\u010d poplavni val, ki se je nato \u0161iril po toku navzdol.<\/p>\n<p>Poplava je bila tako silovita, da je gladina vode v posameznih delih re\u010dnega sistema nenadoma mo\u010dno narasla, medtem ko so hi\u0161e, mostovi, ceste in druga infrastruktura izginjali pod vodo in naplavinami. Re\u0161evalne ekipe \u017ee ve\u010d dni i\u0161\u010dejo pogre\u0161ane in posku\u0161ajo dose\u010di ljudi, ki so ostali odrezani od sveta. Iskanje dodatno ote\u017eujejo gorski teren, zemeljski plazovi, uni\u010dene ceste in mostovi, pa tudi dejstvo, da je voda trupla in dele poru\u0161enih objektov odnesla dale\u010d po toku navzdol, poro\u010da Kurir.rs.<\/p>\n<p>\u0160e ve\u010d kot 3000 ljudi pogre\u0161ajo<\/p>\n<p>Uni\u010dujo\u010de poplave, ki so v sredo prizadele obmo\u010dje ob meji med Tibetom in Nepalom, so po najnovej\u0161ih podatkih terjale najmanj 750 smrtnih \u017ertev, \u0161e ve\u010d kot 3000 ljudi pogre\u0161ajo, so danes sporo\u010dili nepalski in kitajski re\u0161evalci. Re\u0161evalne operacije se medtem nadaljujejo, \u010deprav je mo\u017enosti, da bi pogre\u0161ane na\u0161li \u017eive, vse manj, poro\u010da STA.\u00a0<\/p>\n<p>Ve\u010d trupel so na\u0161li tudi v rekah v Indiji, za katere tamkaj\u0161nje oblasti domnevajo, da so \u017ertve poplav v Nepalu. Katastrofalne poplave so v Nepalu in Tibetu izbrisale celotna naselja, ko je val vode in blata, podoben cunamiju, v sredo prizadel obmo\u010dje na poti rek Bhote Koshi in Trishuli. Glede na zadnje ugotovitve naj bi bili poplave in plaz povezani s podorom ledenika. \u010ceprav natan\u010den vzrok podora \u0161e ni znan, so Nepal in Zdru\u017eeni narodi v soboto opozorili na vse ve\u010djo gro\u017enjo, ki jo globalno segrevanje predstavlja Himalaji, poro\u010da francoska tiskovna agencija AFP.\u00a0<\/p>\n<p>Himalajski ledeniki, ki zagotavljajo vodo za skoraj dve milijardi ljudi, se zaradi globalnega segrevanja talijo vse hitreje. V lu\u010di tega je nepalski zunanji minister Shisir Khanal dejal, da je potrebnih ve\u010d raziskav, da bi razumeli \u00a0\u00bbspreminjajo\u010do se dinamiko himalajskega ekosistema\u00ab. Prav tako je opozoril, da podnebne spremembe zahtevajo mednarodno ukrepanje. Vodja ZN za podnebje Simon Stiell je medtem povedal, da so nenadni podor ledenika in poplave uni\u010dujo\u010d opomin, kako krhka so lahko gorska okolja. \u00bbVemo tudi, da zaradi segrevanja podnebja (&#8230;) tragedije, kot je ta, in \u0161tevilne druge po vsem svetu postajajo veliko verjetnej\u0161e, pogostej\u0161e in huj\u0161e,\u00ab je dodal, \u0161e dodaja STA.<\/p>\n","protected":false},"excerpt":{"rendered":"Enisa Lekovi\u0107 iz Novega Pazarja, dr\u017eavljanka Srbije, ki jo po katastrofalnih hudourni\u0161kih poplavah v Nepalu vodijo kot pogre\u0161ano,&hellip;\n","protected":false},"author":2,"featured_media":209053,"comment_status":"","ping_status":"","sticky":false,"template":"","format":"standard","meta":{"footnotes":"","_share_on_mastodon":"0"},"categories":[8],"tags":[7957,8113,502,51385,1846,4317,781,748,1591,37,38,783,780,64,63],"class_list":["post-209052","post","type-post","status-publish","format-standard","has-post-thumbnail","category-svet","tag-iskanje","tag-nepal","tag-nesreca","tag-novi-pazar","tag-pogresana-oseba","tag-pogresani","tag-poplave","tag-potovanje","tag-resevanje","tag-slovene","tag-slovenscina","tag-smrtne-zrtve","tag-srbija","tag-svet","tag-world"],"share_on_mastodon":{"url":"https:\/\/pubeurope.com\/@si\/117184420065673782","error":""},"_links":{"self":[{"href":"https:\/\/www.europesays.com\/si\/wp-json\/wp\/v2\/posts\/209052","targetHints":{"allow":["GET"]}}],"collection":[{"href":"https:\/\/www.europesays.com\/si\/wp-json\/wp\/v2\/posts"}],"about":[{"href":"https:\/\/www.europesays.com\/si\/wp-json\/wp\/v2\/types\/post"}],"author":[{"embeddable":true,"href":"https:\/\/www.europesays.com\/si\/wp-json\/wp\/v2\/users\/2"}],"replies":[{"embeddable":true,"href":"https:\/\/www.europesays.com\/si\/wp-json\/wp\/v2\/comments?post=209052"}],"version-history":[{"count":0,"href":"https:\/\/www.europesays.com\/si\/wp-json\/wp\/v2\/posts\/209052\/revisions"}],"wp:featuredmedia":[{"embeddable":true,"href":"https:\/\/www.europesays.com\/si\/wp-json\/wp\/v2\/media\/209053"}],"wp:attachment":[{"href":"https:\/\/www.europesays.com\/si\/wp-json\/wp\/v2\/media?parent=209052"}],"wp:term":[{"taxonomy":"category","embeddable":true,"href":"https:\/\/www.europesays.com\/si\/wp-json\/wp\/v2\/categories?post=209052"},{"taxonomy":"post_tag","embeddable":true,"href":"https:\/\/www.europesays.com\/si\/wp-json\/wp\/v2\/tags?post=209052"}],"curies":[{"name":"wp","href":"https:\/\/api.w.org\/{rel}","templated":true}]}}