{"id":209152,"date":"2026-08-30T14:44:10","date_gmt":"2026-08-30T14:44:10","guid":{"rendered":"https:\/\/www.europesays.com\/si\/209152\/"},"modified":"2026-08-30T14:44:10","modified_gmt":"2026-08-30T14:44:10","slug":"ciper-prevrnil-se-je-trajekt-poln-ljudi","status":"publish","type":"post","link":"https:\/\/www.europesays.com\/si\/209152\/","title":{"rendered":"Ciper: Prevrnil se je trajekt poln ljudi"},"content":{"rendered":"<p>Trajekt z okoli 270 ljudmi na krovu se je danes prevrnil ob obali Severnega Cipra kmalu po izplutju iz pristani\u0161\u010da, so sporo\u010dile lokalne oblasti.<\/p>\n<p>Dodale so, da je v incidentu umrlo ve\u010d ljudi, pri \u010demer natan\u010dnega \u0161tevila niso navedle, navaja francoska tiskovna agencija AFP.<\/p>\n<p>Obvestili so bolni\u0161nice, da se lahko pripravijo<\/p>\n<p>&#8220;Pribli\u017eno sto potnikov so evakuirali in jih prepeljali na kopno,&#8221; je za lokalno televizijo povedal Erhan Arikli, prometni minister samooklicane Tur\u0161ke republike Severni Ciper, ki upravlja severni del razdeljenega otoka Ciper.<\/p>\n<p>Dodal je, da se je v trajektu nabirala voda in da je re\u0161evalna akcija v polnem teku. Tudi tamkaj\u0161nje ministrstvo za zdravje je sporo\u010dilo, da izvajajo vse potrebne ukrepe za hiter odziv re\u0161evalnih in zdravstvenih slu\u017eb.<\/p>\n<p>Ob tem je zagotovilo, da so bile bolni\u0161nice obve\u0161\u010dene o incidentu, da bodo lahko zagotovile vso potrebno zdravstveno oskrbo. Po navedbah lokalnih oblasti je bilo na krovu plovila, ki je iz pristani\u0161\u010da Kyrenia odplul proti tur\u0161kemu pristani\u0161\u010du Tasucu, 267 ljudi.<\/p>\n<p>Ciper je razdeljen od leta 1974. Takrat so tur\u0161ke sile zaradi voja\u0161kega udara ciprskih Grkov, ki ga je podpirala voja\u0161ka hunta v Atenah, vdrle na severni del otoka. Tam so kasneje ustanovili Tur\u0161ko republiko Severni Ciper, ki pa jo priznava samo Tur\u010dija.<\/p>\n","protected":false},"excerpt":{"rendered":"Trajekt z okoli 270 ljudmi na krovu se je danes prevrnil ob obali Severnega Cipra kmalu po izplutju&hellip;\n","protected":false},"author":2,"featured_media":209153,"comment_status":"","ping_status":"","sticky":false,"template":"","format":"standard","meta":{"footnotes":"","_share_on_mastodon":"0"},"categories":[20],"tags":[5261,32,35,502,31,34,36,37,38,33,6015],"class_list":["post-209152","post","type-post","status-publish","format-standard","has-post-thumbnail","category-novice","tag-ciper","tag-headlines","tag-najpomembnejse-novice","tag-nesreca","tag-news","tag-novice","tag-osrednje-novice","tag-slovene","tag-slovenscina","tag-top-stories","tag-trajekt"],"share_on_mastodon":{"url":"https:\/\/pubeurope.com\/@si\/117184997828747317","error":""},"_links":{"self":[{"href":"https:\/\/www.europesays.com\/si\/wp-json\/wp\/v2\/posts\/209152","targetHints":{"allow":["GET"]}}],"collection":[{"href":"https:\/\/www.europesays.com\/si\/wp-json\/wp\/v2\/posts"}],"about":[{"href":"https:\/\/www.europesays.com\/si\/wp-json\/wp\/v2\/types\/post"}],"author":[{"embeddable":true,"href":"https:\/\/www.europesays.com\/si\/wp-json\/wp\/v2\/users\/2"}],"replies":[{"embeddable":true,"href":"https:\/\/www.europesays.com\/si\/wp-json\/wp\/v2\/comments?post=209152"}],"version-history":[{"count":0,"href":"https:\/\/www.europesays.com\/si\/wp-json\/wp\/v2\/posts\/209152\/revisions"}],"wp:featuredmedia":[{"embeddable":true,"href":"https:\/\/www.europesays.com\/si\/wp-json\/wp\/v2\/media\/209153"}],"wp:attachment":[{"href":"https:\/\/www.europesays.com\/si\/wp-json\/wp\/v2\/media?parent=209152"}],"wp:term":[{"taxonomy":"category","embeddable":true,"href":"https:\/\/www.europesays.com\/si\/wp-json\/wp\/v2\/categories?post=209152"},{"taxonomy":"post_tag","embeddable":true,"href":"https:\/\/www.europesays.com\/si\/wp-json\/wp\/v2\/tags?post=209152"}],"curies":[{"name":"wp","href":"https:\/\/api.w.org\/{rel}","templated":true}]}}