{"id":209174,"date":"2026-08-30T15:19:14","date_gmt":"2026-08-30T15:19:14","guid":{"rendered":"https:\/\/www.europesays.com\/si\/209174\/"},"modified":"2026-08-30T15:19:14","modified_gmt":"2026-08-30T15:19:14","slug":"gledalci-rtv-slovenija-povedali-kaj-jih-moti-na-udaru-izbira-gostov","status":"publish","type":"post","link":"https:\/\/www.europesays.com\/si\/209174\/","title":{"rendered":"Gledalci RTV Slovenija povedali, kaj jih moti: na udaru izbira gostov"},"content":{"rendered":"<p>    <img decoding=\"async\" data-lb-desktop=\"\/media\/2026\/06\/17\/858844\/Orig-1338887-1200.webp\" data-lb-mobile=\"\/media\/2026\/06\/17\/858844\/Orig-1338887-600.webp\" class=\"main-gallery-image se_image_lb\" src=\"https:\/\/www.europesays.com\/si\/wp-content\/uploads\/2026\/08\/Wide-1338887-1000.webp\" alt=\"\ufeff- simboli\u010dna fotografija - mediji - programski svet RTV, mikrofon - 03.03.2020 \u2013 Dr\u017eavni zbor -16. redna seja DZ \u2013 poslanci razpravljali in glasovali o kandidaturi predsednika SDS Janeza Jan\u0161e za mandatarja 14. slovenske vlade \/\/FOTO: Matja\u017e Ru\u0161t \/ Foto: Matja\u017e Ru\u0161t\"\/><\/p>\n<p>Gledalci RTV Slovenija povedali, kaj jih moti: na udaru izbira gostov<\/p>\n<p>\n                        30. 08. 2026, 12.15\n                    <\/p>\n<p>Tanja Ker\u0161manc<\/p>\n<p>Da ljudje tudi v najbolj vro\u010dem delu leta spremljajo vsebine RTV Slovenija, dokazujejo odzivi ob\u010dinstva. Teh se je v juliju glede na poletni mesec pri varuhinji pravic gledalcev in poslu\u0161alcev Marici Ur\u0161i\u010d Zupan zbralo kar precej. Zanimivo pa je, da je bilo letos manj kot obi\u010dajno tako prito\u017eb kot pobud in pohval. Prevladovala so mnenja, ki so bila ve\u010dinoma kriti\u010dna.<\/p>\n<p>    <a class=\"se-card__wrap se-card--link\" href=\"https:\/\/www.dnevnik.si\/nedeljski\/zakulisje\/lahko-ukinemo-rtv-prispevek-ne-moremo-pa-ukiniti-vprasanja-kdo-bo-financiral-rtv-2809964\/\" data-upscore-url=\"\" rel=\"nofollow noopener\" target=\"_blank\"><\/p>\n<p>        <img decoding=\"async\" class=\"se-image se-image--card\" src=\"https:\/\/www.europesays.com\/si\/wp-content\/uploads\/2026\/08\/Wide-profimedia-0485446192-400.webp\" alt=\"FILE PHOTO - Euros. UK households are sitting on more than two billion pounds in foreign currency - leftover from old holidays.Each home has \u00a397.74 in unused holiday money, sitting in cupboards, drawers and suitcases.And across the nation's 27.6 million households, this equates to a whopping \u00a32,697,624,000.On average, the leftover euros, dollars, yen and more have been collecting dust for three years.However, the research of 2,000 adults commissioned by M&amp;S Bank found one in 10 have hung on to the currency for a decade or more. Four in 10 reckon admit they have money lying around for so long it's probably no longer even in use.Paul Stokes, head of products at M&amp;S Bank, said: &quot;With most families taking their holidays over the summer, now is the most likely time to have forgotten foreign currency lying around the house.useful one day.,Image: 485446192, License: Rights-managed, Restrictions: This image hereby disclosed to your organisation is so disclosed on the condition that your organisation will take all steps necessary to ensure that any identifiable personal data is processed in full compliance with the Data Protection Act 2018follow us on twitter - @swnsbrowse our website - swns.comemail pix@swns.com, Model Release: no \/ Foto: Profimedia\"\/><\/p>\n<p>TV te gleda<\/p>\n<p>Lahko ukinemo RTV-prispevek. Ne moremo pa ukiniti vpra\u0161anja, kdo bo financiral RTV<\/p>\n<p>    <\/a><\/p>\n<p>Gledalke in gledalce so med drugim zmotile manj\u0161e ali ve\u010dje napake, po njihovem mnenju neustrezna sestava gostov v oddajah, pristranskost, neporo\u010danje o dogodkih, jakost glasbe v televizijskih in radijskih oddajah, prevajanje v sloven\u0161\u010dino in nagla\u0161evanje tujih priimkov.<\/p>\n<p>Skoraj polovico odzivov so poslali gledalci Televizije Slovenija, pri \u010demer se je ve\u010dina nana\u0161ala na njen informativni program. Pohval je bila dele\u017ena le oddaja Omizje o kulturi, ki pa so ji na drugi strani namenili tudi kritiko. Nekaj kritik si je prislu\u017eila oddaja Omizje o medijih, eno pa Omizje o diplomaciji. Kriti\u010dni gledalci so o\u010ditali predvsem mnenjsko ozko sestavo sogovornikov v oddaji. Ta je bila prav tako glavni o\u010ditek odzivov na julijski oddaji Politi\u010dno s Tanjo Gobec. Po \u0161tevilu odzivov je informativnemu programu sicer v precej manj\u0161em obsegu sledil \u0161portni program. V glavnem so se nana\u0161ali na prenose svetovnega nogometnega prvenstva in kolesarske dirke po Franciji, pri katerih so gledalci pogre\u0161ali nekaj spremljevalnih posnetkov in opazili nekaj manj\u0161ih napak, programu in komentatorjem pa so izrekli tudi pohvale. Pohvali je v minulem mesecu prejel \u0161e otro\u0161ki in mladinski program TV Slovenija za oddaji Male sive celice in Klub Slavica. Eno od gledalk pa je ob ogledu dokumentarnega filma zmotil prevod besedne zveze \u00bbthink tank\u00ab z besedo misli\u0161\u010de. \u010ceprav ta \u0161e ni uradno zapisana v Slovarju slovenskega knji\u017enega jezika, so jezikovni svetovalci RTV Slovenija o njej \u017ee razpravljali in jo prepoznali kot primerno.<\/p>\n<p>    <a class=\"se-card__wrap se-card--link\" href=\"https:\/\/www.dnevnik.si\/nedeljski\/zakulisje\/poletje-na-rtv-slovenija-odlicen-sport-nekaj-novih-oddaj-potem-pa-ponovitve-2809810\/\" data-upscore-url=\"\" rel=\"nofollow noopener\" target=\"_blank\"><\/p>\n<p>        <img decoding=\"async\" class=\"se-image se-image--card\" src=\"https:\/\/www.europesays.com\/si\/wp-content\/uploads\/2026\/08\/1788103154_750_Wide-profimedia-0747244454-400.webp\" alt=\"Navija\u010d, doma, televizor, navijanje. Foto: Profimedia \/ Foto: Foto: Profimedia\"\/><\/p>\n<p>TV te gleda<\/p>\n<p>Poletje na RTV Slovenija: odli\u010den \u0161port, nekaj novih oddaj, potem pa \u2026 ponovitve<\/p>\n<p>    <\/a><\/p>\n<p>Morda je nekoliko presenetljivo, da v primerjavi z minulimi poletji tokrat skoraj ni bilo pripomb zaradi ponovitev oddaj in premalo premiernih oddaj, kar je julija obi\u010dajno spodbudilo veliko odzivov gledalcev. Res je sicer, da so imeli gledalci letos na voljo nekaj premiernih vsebin. \u010ce pa bi bili pikri, bi glede tega pripomnili, da je televizijsko ob\u010dinstvo \u017ee utrjeno oziroma da se je pa\u010d navadilo na ponovitve. Teh ob pogledu na dnevne sporede leto\u0161nje poletje namre\u010d ni ni\u010d manj kot prej\u0161nja leta.\u00a0<\/p>\n","protected":false},"excerpt":{"rendered":"Gledalci RTV Slovenija povedali, kaj jih moti: na udaru izbira gostov 30. 08. 2026, 12.15 Tanja Ker\u0161manc Da&hellip;\n","protected":false},"author":2,"featured_media":209175,"comment_status":"","ping_status":"","sticky":false,"template":"","format":"standard","meta":{"footnotes":"","_share_on_mastodon":"0"},"categories":[6],"tags":[8801,18699,1259,5952,33496,16685,51409,21909,59,61,1641,62,37,58,60,38,51407,51408,51406],"class_list":["post-209174","post","type-post","status-publish","format-standard","has-post-thumbnail","category-slovenija","tag-gledalci","tag-informativni-program","tag-komentar","tag-kritike","tag-medijska-pristranskost","tag-pohvale","tag-poletne-vsebine","tag-prevajanje","tag-republic-of-slovenia","tag-republika-slovenija","tag-rtv-slovenija","tag-si","tag-slovene","tag-slovenia","tag-slovenija","tag-slovenscina","tag-sportni-program","tag-televizijski-programi","tag-tv-se-gleda"],"share_on_mastodon":{"url":"https:\/\/pubeurope.com\/@si\/117185136017560872","error":""},"_links":{"self":[{"href":"https:\/\/www.europesays.com\/si\/wp-json\/wp\/v2\/posts\/209174","targetHints":{"allow":["GET"]}}],"collection":[{"href":"https:\/\/www.europesays.com\/si\/wp-json\/wp\/v2\/posts"}],"about":[{"href":"https:\/\/www.europesays.com\/si\/wp-json\/wp\/v2\/types\/post"}],"author":[{"embeddable":true,"href":"https:\/\/www.europesays.com\/si\/wp-json\/wp\/v2\/users\/2"}],"replies":[{"embeddable":true,"href":"https:\/\/www.europesays.com\/si\/wp-json\/wp\/v2\/comments?post=209174"}],"version-history":[{"count":0,"href":"https:\/\/www.europesays.com\/si\/wp-json\/wp\/v2\/posts\/209174\/revisions"}],"wp:featuredmedia":[{"embeddable":true,"href":"https:\/\/www.europesays.com\/si\/wp-json\/wp\/v2\/media\/209175"}],"wp:attachment":[{"href":"https:\/\/www.europesays.com\/si\/wp-json\/wp\/v2\/media?parent=209174"}],"wp:term":[{"taxonomy":"category","embeddable":true,"href":"https:\/\/www.europesays.com\/si\/wp-json\/wp\/v2\/categories?post=209174"},{"taxonomy":"post_tag","embeddable":true,"href":"https:\/\/www.europesays.com\/si\/wp-json\/wp\/v2\/tags?post=209174"}],"curies":[{"name":"wp","href":"https:\/\/api.w.org\/{rel}","templated":true}]}}