{"id":209176,"date":"2026-08-30T15:20:13","date_gmt":"2026-08-30T15:20:13","guid":{"rendered":"https:\/\/www.europesays.com\/si\/209176\/"},"modified":"2026-08-30T15:20:13","modified_gmt":"2026-08-30T15:20:13","slug":"marc-marquez-po-zmagi-v-aragoniji-vse-blizje-vodilnemu-martinu","status":"publish","type":"post","link":"https:\/\/www.europesays.com\/si\/209176\/","title":{"rendered":"Marc Marquez po zmagi v Aragoniji vse bli\u017eje vodilnemu Martinu"},"content":{"rendered":"<p>\t\t\t\t\t\t\t\t<a href=\"https:\/\/www.europesays.com\/si\/wp-content\/uploads\/2026\/08\/67086950.jpg\" itemprop=\"contentUrl\" data-size=\"1200x800\" data-large=\"https:\/\/www.europesays.com\/si\/wp-content\/uploads\/2026\/08\/67086950.jpg\"><br \/>\n\t\t\t\t\t\t\t\t\t<img decoding=\"async\" src=\"https:\/\/www.europesays.com\/si\/wp-content\/uploads\/2026\/08\/67086950.jpg\" title=\"Foto: Reuters\" alt=\"Foto: Reuters\"\/><br \/>\n\t\t\t\t\t\t\t\t<\/a><\/p>\n<p>\t\t\t\t\t\t\t\t\tFoto: Reuters<\/p>\n<p>\t\t\t\t\t\t\t<a id=\"preferredSourceBanner\" href=\"https:\/\/www.rtvslo.si\/sport\/motosporti\/marc-marquez-po-zmagi-v-aragoniji-vse-blizje-vodilnemu-martinu\/javascript:void(0)\" target=\"_blank\" class=\"d-none align-items-center justify-content-between rounded my-3\" style=\"padding: 10px 15px;\" rel=\"nofollow noopener\"><br \/>\n\t\t\t\t\t\t<img decoding=\"async\" src=\"https:\/\/img.rtvslo.si\/_static\/novi\/img\/ico-google.svg\" class=\"flex-shrink-0 mr-3\" aria-hidden=\"true\"\/><br \/>\n\t\t\t\t\t\tSpremljajte RTVSLO.si kot prednostni vir na Google<\/p>\n<p>\t\t\t\t\t<\/a><\/p>\n<p>Za vodilnim rojakom Jorgejem Martinom (Aprilia), ki je dirko v Alcanizu kon\u010dal na petem mestu, ima Marc Marquez le \u0161e 19 to\u010dk zaostanka.<\/p>\n<p>Oglas<\/p>\n<p>Sedemkratni svetovni prvak v razredu motoGP Marquez je na stezi MotorLand Aragon pokazal izjemno suvereno predstavo, poleg njega pa sta na oder za zmagovalce stopila \u0161e njegov rojak Pedro Acosta (KTM) in Italijan Marco Bezzecchi (Aprilia).<\/p>\n<p>Za 33-letnega Marqueza je bila to skupno 77. zmaga v elitnem motociklisti\u010dnem razredu in \u010detrta v leto\u0161nji sezoni, kar \u0161tiri od njih pa je dosegel na zadnjih \u0161estih dirkah. S tem je znova o\u017eivil svoje upe za osmi naslov svetovnega prvaka.<\/p>\n<p>&#8220;Ko sem prevzel vodstvo, sem \u0161e pove\u010dal pritisk na tekmece in si hitro privozil ugodno prednost, da ne bi bilo nobenega dvoma o moji zmagi,&#8221; je po zmagoslavju pred doma\u010dimi gledalci dejal Marquez, ki je v cilj pri\u0161el z 1,754 sekunde prednosti pred najbli\u017ejim zasledovalcem.<\/p>\n<p>Marquez prehitel obe aprilii<br \/>\n\t\t\t\t\t\t\t\t<a href=\"https:\/\/www.europesays.com\/si\/wp-content\/uploads\/2026\/08\/67086951.jpg\" itemprop=\"contentUrl\" data-size=\"1200x800\" data-large=\"https:\/\/www.europesays.com\/si\/wp-content\/uploads\/2026\/08\/67086951.jpg\"><br \/>\n\t\t\t\t\t\t\t\t\t<img decoding=\"async\" src=\"https:\/\/www.europesays.com\/si\/wp-content\/uploads\/2026\/08\/67086951.jpg\" title=\"Marc Marquez in ducati sta v naletu. Do konca sezone je \u0161e devet dirk. Foto: Reuters\" alt=\"Marc Marquez in ducati sta v naletu. Do konca sezone je \u0161e devet dirk. Foto: Reuters\"\/><br \/>\n\t\t\t\t\t\t\t\t<\/a><\/p>\n<p>\t\t\t\t\t\t\t\t\tMarc Marquez in ducati sta v naletu. Do konca sezone je \u0161e devet dirk. Foto: Reuters<\/p>\n<p>Oba dirka\u010da Aprilie, Bezzecchi in Martin, sta odli\u010dno za\u010dela in prevzela vodstvo, vendar je Marquez kmalu znova prehitel Martina ter se prebil na drugo mesto. Bezzecchi si je nato privozil pribli\u017eno osem desetink sekunde prednosti, toda Marquez ga je v \u0161estem krogu v 15. zavoju napadel in prevzel vodstvo. Ob izhodu iz zavoja sta tekmeca celo rahlo zadela z &#8220;jeklenima konji\u010dkoma&#8221;, razmere pa je izkoristil Acosta in se prebil na drugo mesto.<\/p>\n<p> &#8220;Ko sva bila vzporedno na ravnini, sem sli\u0161al motor Marca Marqueza, zaradi njegovih izku\u0161enj in ve\u010dje mo\u010di motocikla pa me je tudi premagal,&#8221; je o enem izmed najbolj spektakularnih manevrov na aragonski dirki dejal Bezzecchi. &#8220;\u0160koda, da sem nato izgubil \u0161e drugo mesto proti Acosti. \u017delel bi si ostrej\u0161ega boja za drugo stopni\u010dko, kljub temu pa sem zadovoljen z razpletom dana\u0161nje dirke,&#8221; je \u0161e dodal Bezzecchi.<\/p>\n<p>Njegova rojaka Francesco Bagnaia in Franco Morbidelli zaradi padca nista dokon\u010dala preizku\u0161nje na Pirenejskem polotoku. Marcov brat Alex Marquez je osvojil \u010detrto mesto; uvrstil se je pred Martina, Fermina Aldeguerja in Fabia Di Giannantonia, ta je v skupni razvrstitvi na \u010detrtem mestu.<\/p>\n<p>Do konca leto\u0161nje sezone je \u0161e devet dirk, naslednja bo na sporedu 13. septembra za VN San Marina v Misanu.<\/p>\n<p>SVETOVNO PRVENSTVO <br \/>VN ARAGONIJE, Alcaniz<\/p>\n<p>MotoGP, kon\u010dni vrstni red: <\/p>\n<p> 1. M. MARQUEZ    \u0160PA\/ducati  41:10,969<br \/>\n 2. P. ACOSTA     \u0160PA\/ktm        +1,754<br \/>\n 3. M. BEZZECCHI  ITA\/aprilia     3,629<br \/>\n 4. A. MARQUEZ    \u0160PA\/ducati      8,687<br \/>\n 5. J. MARTIN     \u0160PA\/aprilia    12,527<br \/>\n 6. F. ALDEGUER   \u0160PA\/ducati     17,687<\/p>\n<p>Skupni vrstni red:<\/p>\n<p> 1. J. MARTIN      \u0160PA\/aprilia      256<br \/>\n 2. M. MARQUEZ     \u0160PA\/ducati       237<br \/>\n 3. M. BEZZECCHI   ITA\/aprilia      232<br \/>\n 4. GIANNANTONIO   ITA\/ducati       208<br \/>\n 5. A. OGURA       JAP\/aprilia      203<br \/>\n 6. P. ACOSTA      \u0160PA\/ktm          189<\/p>\n<p>Oglas<\/p>\n","protected":false},"excerpt":{"rendered":"Foto: Reuters Spremljajte RTVSLO.si kot prednostni vir na Google Za vodilnim rojakom Jorgejem Martinom (Aprilia), ki je dirko&hellip;\n","protected":false},"author":2,"featured_media":209177,"comment_status":"","ping_status":"","sticky":false,"template":"","format":"standard","meta":{"footnotes":"","_share_on_mastodon":"0"},"categories":[20],"tags":[32,3896,3894,17343,35,31,34,36,37,38,33],"class_list":["post-209176","post","type-post","status-publish","format-standard","has-post-thumbnail","category-novice","tag-headlines","tag-marc-marquez","tag-motogp","tag-motosport","tag-najpomembnejse-novice","tag-news","tag-novice","tag-osrednje-novice","tag-slovene","tag-slovenscina","tag-top-stories"],"share_on_mastodon":{"url":"https:\/\/pubeurope.com\/@si\/117185139706330153","error":""},"_links":{"self":[{"href":"https:\/\/www.europesays.com\/si\/wp-json\/wp\/v2\/posts\/209176","targetHints":{"allow":["GET"]}}],"collection":[{"href":"https:\/\/www.europesays.com\/si\/wp-json\/wp\/v2\/posts"}],"about":[{"href":"https:\/\/www.europesays.com\/si\/wp-json\/wp\/v2\/types\/post"}],"author":[{"embeddable":true,"href":"https:\/\/www.europesays.com\/si\/wp-json\/wp\/v2\/users\/2"}],"replies":[{"embeddable":true,"href":"https:\/\/www.europesays.com\/si\/wp-json\/wp\/v2\/comments?post=209176"}],"version-history":[{"count":0,"href":"https:\/\/www.europesays.com\/si\/wp-json\/wp\/v2\/posts\/209176\/revisions"}],"wp:featuredmedia":[{"embeddable":true,"href":"https:\/\/www.europesays.com\/si\/wp-json\/wp\/v2\/media\/209177"}],"wp:attachment":[{"href":"https:\/\/www.europesays.com\/si\/wp-json\/wp\/v2\/media?parent=209176"}],"wp:term":[{"taxonomy":"category","embeddable":true,"href":"https:\/\/www.europesays.com\/si\/wp-json\/wp\/v2\/categories?post=209176"},{"taxonomy":"post_tag","embeddable":true,"href":"https:\/\/www.europesays.com\/si\/wp-json\/wp\/v2\/tags?post=209176"}],"curies":[{"name":"wp","href":"https:\/\/api.w.org\/{rel}","templated":true}]}}