{"id":209204,"date":"2026-08-30T15:56:12","date_gmt":"2026-08-30T15:56:12","guid":{"rendered":"https:\/\/www.europesays.com\/si\/209204\/"},"modified":"2026-08-30T15:56:12","modified_gmt":"2026-08-30T15:56:12","slug":"iz-nemcije-prihaja-nevarno-sporocilo-tudi-za-slovenijo","status":"publish","type":"post","link":"https:\/\/www.europesays.com\/si\/209204\/","title":{"rendered":"Iz Nem\u010dije prihaja nevarno sporo\u010dilo. Tudi za Slovenijo."},"content":{"rendered":"<p>Vzpon nacionalno usmerjene AfD zaradi zgodovinskih razlogov \u017ee vzbuja nelagodje pri nekaterih sosednjih narodih. Zlasti na Poljskem, ki ima zelo zapleteno zgodovino s svojo zahodno sosedo. Na dru\u017ebenem omre\u017eju X se je prav zaradi pogleda enega od \u010dlanov podmladka AfD odzval tudi poljski zunanji minister Radoslaw Sikorski.<\/p>\n<p>&#8220;Leta 1945 je bilo s svoje rodne grude izgnanih 12 milijonov Nemcev. Ne bomo se ve\u010d odpovedali niti milimetru na\u0161e zemlje.&#8221;\u00a0Tako je na dru\u017ebenem omre\u017eju X zapisal \u010dlan Generacija Nem\u010dija, podmladka AfD, Helmut Strauf\u00a0(njegovo pravo ime je Luca Maurice Strauf).<\/p>\n<p>Nem\u0161ki begunci in pregnanci<\/p>\n<p>Ob tem je objavil zemljevid s \u0161tevilom Nemcev, ki so bili porazu nacisti\u010dne Nem\u010dije v drugi svetovni vojni izgnani (ali pa so \u017ee prej sami zbe\u017eali pred ma\u0161\u010devalno sovjetsko Rde\u010do armado) iz razli\u010dnih delov srednje in vzhodne Evropo.<\/p>\n<p>Velik del Nemcev je moral zapustiti svoje domove iz Vzhodne Prusije, \u0160lezije in Pomorjanskega (ti so bili del Nem\u010dije \u017ee pred letom 1939), pa tudi iz \u010ce\u0161koslova\u0161ke (tej je nacisti\u010dna Nem\u010dija leta 1938 s privolitvijo Velike Britanija in Francije odvzela z Nemci poseljena obmo\u010dja, nato pa leta 1939 \u0161e okupirala preostanek \u010ce\u0161ke), Poljske, Mad\u017earske in takratne Jugoslavije.<\/p>\n<p>Poljski zunanji minister namignil: \u010ce ne bi spro\u017eili druge svetovne vojne, se to ne bi zgodilo<\/p>\n<p>Objava je pritegnila pozornost poljskega zunanjega ministra Radoslawa Sikorskega, ki je poobjavil \u010divk in nad njim ironi\u010dno pripisal: &#8220;\u010ce majhna koza ne bi sko\u010dila, si ne bi zlomila nog.&#8221;<\/p>\n<p dir=\"ltr\" lang=\"pl\">Gdyby k\u00f3zka nie skaka\u0142a toby n\u00f3\u017cki nie z\u0142ama\u0142a. <a href=\"https:\/\/t.co\/z29AQnaPze\" rel=\"nofollow\">https:\/\/t.co\/z29AQnaPze<\/a><\/p>\n<p>\u2014 Rados\u0142aw Sikorski \ud83c\uddf5\ud83c\uddf1\ud83c\uddea\ud83c\uddfa (@sikorskiradek) <a href=\"https:\/\/x.com\/sikorskiradek\/status\/2086831411688825177?ref_src=twsrc%5Etfw\" rel=\"nofollow\">August 10, 2026<\/a><\/p>\n<p>Poljski zunanji minister je imel seveda pri tem v mislih, da je drugo svetovno vojno spro\u017eil prav nem\u0161ki napadalni in osvajalni\u00a0 nacionalizem ter da je bila nacisti\u010dna Nem\u010dija tista, ki je najprej razkosala \u010ce\u0161koslova\u0161ka, nato napadla Poljsko, pozneje Jugoslavij in na koncu tudi Sovjetsko zvezo (s katero si je leta 1939 razdelila Poljsko).<\/p>\n<p>Nacisti\u010dna Nem\u010dija na\u010drtovale izstradanje na desetine milijonov Slovanov<\/p>\n<p>Nacisti\u010dna Nem\u010dija je imela grozljive na\u010drte za slovanske narode. Za Poljsko (to so zasedli \u017ee leta 1939, op. p.) so nacisti v enem od svojih na\u010drtov (Splo\u0161ni na\u010drt Vzhod) predvideval odstranitev 80\u201385 odstotkov doma\u010dega prebivalstva.<\/p>\n<p>Temu naj bi sledil izgon 64 odstotkov prebivalstva Ukrajine in 75 odstotkov beloruskega prebivalstva. Rusko ozemlje okoli Leningrada (dana\u0161nji Sankt Peterburg) naj bi bilo popolnoma izseljeno.<\/p>\n<p>Uni\u010denje Judov, Poljakov, Ukrajincev \u2026<\/p>\n<p>Razli\u010dni osnutki Splo\u0161nega na\u010drta Vzhod so se razlikovali v ocenah dejanskega \u0161tevila razseljenih ljudi, vendar je bila najni\u017eja \u0161tevilka 31 milijonov razseljenih ljudi, brez judovske manj\u0161ine. Bolj realisti\u010dne ocene, ki so upo\u0161tevale naravno stopnjo rasti prebivalstva v obdobju izvajanja programa, so \u0161tevilo \u017ertev pribli\u017eale 45 milijonom ljudi.<\/p>\n<p><img decoding=\"async\" alt=\"Adolf Hitler v Mariboru leta 1941. Politika nacisti\u010dne Nem\u010dije je bila jasna: slovenski narod so hoteli \u010dim prej izbrisati, in sicer z izgoni, ponem\u010denjem preostalih Slovencev in naseljevanjem Nemcev na slovensko ozemlje. Te na\u010drte je prepre\u010dil nem\u0161ki poraz. | Foto: Wikimedia Commons\" class=\"article_content__inline_image js_imageLightbox is-clickable\" data-author=\"Wikimedia Commons\" data-caption=\"Adolf Hitler v Mariboru leta 1941. Politika nacisti\u010dne Nem\u010dije je bila jasna: slovenski narod so hoteli \u010dim prej izbrisati, in sicer z izgoni, ponem\u010denjem preostalih Slovencev in naseljevanjem Nemcev na slovensko ozemlje. Te na\u010drte je prepre\u010dil nem\u0161ki poraz.\" data-height=\"4710\" data-href=\"https:\/\/siol.net\/media\/img\/7a\/32\/b4774dc193fcb9d09c3c-adolf-hitler-v-mariboru-leta-1941.jpeg\" data-width=\"6757\" loading=\"lazy\" src=\"\/media\/img\/c8\/37\/86d3376c24f2ec51e613-adolf-hitler-v-mariboru-leta-1941.jpeg\" title=\"Adolf Hitler v Mariboru leta 1941\"\/><\/p>\n<p> Adolf Hitler v Mariboru leta 1941. Politika nacisti\u010dne Nem\u010dije je bila jasna: slovenski narod so hoteli \u010dim prej izbrisati, in sicer z izgoni, ponem\u010denjem preostalih Slovencev in naseljevanjem Nemcev na slovensko ozemlje. Te na\u010drte je prepre\u010dil nem\u0161ki poraz.<br \/>\n Foto: Wikimedia Commons <\/p>\n<p>Do konca leta 1942 se je govorilo o morebitnem &#8220;fizi\u010dnem uni\u010denju&#8221; celotnih populacij, ne le judovske manj\u0161ine, temve\u010d tudi Poljakov in Ukrajincev. Vsakr\u0161ne moralne premisleke so nacisti \u017ee zdavnaj odlo\u017eili, pi\u0161e britanskih zgodovinar Adam Tooze.<\/p>\n<p>Kot pi\u0161e ameri\u0161ki zgodovinar Timothy Snyder, je bila splo\u0161na zasnova na\u010drtov vedno enaka: Nemci bodo deportirali, pobili, asimilirali ali zasu\u017enjili domorodno prebivalstvo. Glede na demografske ocene naj bi izginilo od 31 do 44 milijonov ljudi, ve\u010dinoma Slovanov.<\/p>\n<p>Na milijone mrtvih zaradi vojne, ki jo je za\u010dela Nem\u010dija<\/p>\n<p>V drugi svetovni vojni je umrlo \u0161est milijonov prebivalcev Poljske, od tega trije milijone poljskih Judov, od osem do deset milijonov prebivalcev Ukrajine (od tega 1,5 milijona ukrajinskih Judov), do tri milijone prebivalcev Belorusije, Rusija pa je imela 14 milijonov \u017ertev.<\/p>\n<p>Svojo nem\u0161ko manj\u0161ino je po drugi svetovni vojni izgnala tudi Jugoslavije, katere del je bila tedaj tudi Slovenija. Nacisti\u010dna Nem\u010dija je obmo\u010dje Slovenije leta 1941 s svojimi zaveznicami razkosala na \u0161tiri dele.<\/p>\n<p>Nacisti\u010dni projekt etnocida nad Slovenci<\/p>\n<p>Nacisti so \u017eeleli \u010dim prej izpeljati etnocid nad Slovenci: na\u010drtovali so izgon ene tretjine slovenskega prebivalstva Spodnje \u0160tajerske in polovica slovenskega prebivalstva Gorenjske, na to obmo\u010dje pa so \u017eeleli naseliti Nemce iz Ju\u017ene Tirolske in Besarabije. Ko\u010devski Nemci, ki so bili ve\u010dinoma pronacisti\u010dno usmerjeni, so sodelovali v projektu etnocida nad Slovenci: naselili so se v domove izgnanih Slovencev iz Posavja in Obsotelja.<\/p>\n<p>Po drugi svetovni vojni je ve\u010dina ko\u010devskih Nemcev v strahu pred ma\u0161\u010devanjem do tedaj zatiranih Slovencev pobegnila proti severu, v Avstrijo in od tod tudi v druge de\u017eele. Bolj tragi\u010dna je bila usoda apa\u0161kih Nemcev, ki jih je komunisti\u010dna povojna oblast \u2013 v slogu izganjanja Nemcev v drugih dr\u017eavah vzhodno od Jugoslavije \u2013 izgnala.<\/p>\n","protected":false},"excerpt":{"rendered":"Vzpon nacionalno usmerjene AfD zaradi zgodovinskih razlogov \u017ee vzbuja nelagodje pri nekaterih sosednjih narodih. Zlasti na Poljskem, ki&hellip;\n","protected":false},"author":2,"featured_media":209205,"comment_status":"","ping_status":"","sticky":false,"template":"","format":"standard","meta":{"footnotes":"","_share_on_mastodon":"0"},"categories":[20],"tags":[15090,2296,5243,32,51414,12083,35,493,31,34,36,1052,37,38,31545,33,1130],"class_list":["post-209204","post","type-post","status-publish","format-standard","has-post-thumbnail","category-novice","tag-adam-tooze","tag-afd","tag-druga-svetovna-vojna","tag-headlines","tag-kocevski-nemci","tag-nacizem","tag-najpomembnejse-novice","tag-nemcija","tag-news","tag-novice","tag-osrednje-novice","tag-poljska","tag-slovene","tag-slovenscina","tag-timothy-snyder","tag-top-stories","tag-zgodovina"],"share_on_mastodon":{"url":"https:\/\/pubeurope.com\/@si\/117185281442486549","error":""},"_links":{"self":[{"href":"https:\/\/www.europesays.com\/si\/wp-json\/wp\/v2\/posts\/209204","targetHints":{"allow":["GET"]}}],"collection":[{"href":"https:\/\/www.europesays.com\/si\/wp-json\/wp\/v2\/posts"}],"about":[{"href":"https:\/\/www.europesays.com\/si\/wp-json\/wp\/v2\/types\/post"}],"author":[{"embeddable":true,"href":"https:\/\/www.europesays.com\/si\/wp-json\/wp\/v2\/users\/2"}],"replies":[{"embeddable":true,"href":"https:\/\/www.europesays.com\/si\/wp-json\/wp\/v2\/comments?post=209204"}],"version-history":[{"count":0,"href":"https:\/\/www.europesays.com\/si\/wp-json\/wp\/v2\/posts\/209204\/revisions"}],"wp:featuredmedia":[{"embeddable":true,"href":"https:\/\/www.europesays.com\/si\/wp-json\/wp\/v2\/media\/209205"}],"wp:attachment":[{"href":"https:\/\/www.europesays.com\/si\/wp-json\/wp\/v2\/media?parent=209204"}],"wp:term":[{"taxonomy":"category","embeddable":true,"href":"https:\/\/www.europesays.com\/si\/wp-json\/wp\/v2\/categories?post=209204"},{"taxonomy":"post_tag","embeddable":true,"href":"https:\/\/www.europesays.com\/si\/wp-json\/wp\/v2\/tags?post=209204"}],"curies":[{"name":"wp","href":"https:\/\/api.w.org\/{rel}","templated":true}]}}