{"id":209268,"date":"2026-08-30T17:23:10","date_gmt":"2026-08-30T17:23:10","guid":{"rendered":"https:\/\/www.europesays.com\/si\/209268\/"},"modified":"2026-08-30T17:23:10","modified_gmt":"2026-08-30T17:23:10","slug":"to-je-pobegli-zapornik-sasa-d-ki-ga-isce-cela-evropa-foto","status":"publish","type":"post","link":"https:\/\/www.europesays.com\/si\/209268\/","title":{"rendered":"To je pobegli zapornik Sa\u0161a D., ki ga i\u0161\u010de cela Evropa (FOTO)"},"content":{"rendered":"<p>35-letni dr\u017eavljan Srbije Sa\u0161a D. je pobegnil iz zapora v nem\u0161kem Duisburgu, je sporo\u010dilo ministrstvo za pravosodje Severnega Porenja &#8211; Vestfalije. Policija ga intenzivno i\u0161\u010de, njegov najbolj prepoznaven znak pa je tetova\u017ea \u017eenske na nadlakti. \u010ce ga opazite, takoj pokli\u010dite policijo.<\/p>\n<p>Po dosedanjih ugotovitvah je ube\u017enik pre\u017eagal kovinsko palico na zunanji re\u0161etki okna svoje celice, notranjo re\u0161etko, pa je odtrgal tako, da je za vzvod uporabil kar mizo. Nato se je stisnil skozi ozko odprtino, se po fasadi zgradbe povzpel na streho in pobegnil.\u00a0Glede na poro\u010danje \u010dasnika Bild je bil Sa\u0161a D. maja 2026 nepravnomo\u010dno obsojen na \u0161est let zapora zaradi dveh vlomov v Oberhausnu, pri \u010demer naj bi poleg nakita ukradel ve\u010d kot 200.000 evrov gotovine.<\/p>\n<p>Lokalne oblasti\u00a0zdaj\u00a0preiskujejo, kako je ube\u017enik pri\u0161el do orodja za \u017eaganje in zakaj skrivali\u0161\u010da v celici niso odkrili \u017ee prej. Primer je za doti\u010dno zvezno de\u017eelo izjemno ob\u010dutljiv, saj tamkaj\u0161nji zaporni\u0161ki sistem \u017ee ve\u010d mesecev pretresajo \u0161kandali. V zaporu v Euskirchnu so namre\u010d ve\u010d paznikov osumili korupcije in jemanja podkupnin v zamenjavo za ugodnosti za zapornike.<\/p>\n<p>Kljub temu na ministrstvu zatrjujejo, da primera med sabo nista povezana. Predstavnik za stike z javnostjo je za Bild izjavil: \u00bbV tem primeru za zdaj nimamo nikakr\u0161nih indicev, ki bi kazali na korupcijo znotraj zapora. Zakaj skrivali\u0161\u010da niso odkrili med pregledom celice in kako je orodje pri\u0161lo v zapor, pa je predmet preiskave.\u00ab\u00a0<\/p>\n<p>Dogodek je spro\u017eil ostre politi\u010dne odzive. Werner Pfeil, strokovnjak za pravosodje iz stranke FDP, je ostro kritiziral de\u017eelnega ministra za pravosodje Benjamina Limbacha.\u00a0\u00bbZdaj se vrsti spodrsljajev ministra za pravosodje pridru\u017euje \u0161e en incident,\u00ab je dejal Pfeil za omenjeni \u010dasnik in opozoril, da je minister le nekaj dni prej zagotavljal, da je zaporni\u0161ki sistem varen. \u00bbLe tri dni kasneje pa sredi no\u010di nekdo prere\u017ee re\u0161etke. O\u010ditno je v pravosodnem sistemu Severnega Porenja &#8211; Vestfalije zdaj mogo\u010de prav vse.\u00ab<\/p>\n","protected":false},"excerpt":{"rendered":"35-letni dr\u017eavljan Srbije Sa\u0161a D. je pobegnil iz zapora v nem\u0161kem Duisburgu, je sporo\u010dilo ministrstvo za pravosodje Severnega&hellip;\n","protected":false},"author":2,"featured_media":209269,"comment_status":"","ping_status":"","sticky":false,"template":"","format":"standard","meta":{"footnotes":"","_share_on_mastodon":"0"},"categories":[3],"tags":[51430,65,66,813,493,2052,326,76,37,38,2415,50406],"class_list":["post-209268","post","type-post","status-publish","format-standard","has-post-thumbnail","category-evropa","tag-duisburg","tag-europe","tag-evropa","tag-incident","tag-nemcija","tag-pobeg","tag-policija","tag-preiskava","tag-slovene","tag-slovenscina","tag-zapor","tag-zapornik"],"share_on_mastodon":{"url":"https:\/\/pubeurope.com\/@si\/117185623108889944","error":""},"_links":{"self":[{"href":"https:\/\/www.europesays.com\/si\/wp-json\/wp\/v2\/posts\/209268","targetHints":{"allow":["GET"]}}],"collection":[{"href":"https:\/\/www.europesays.com\/si\/wp-json\/wp\/v2\/posts"}],"about":[{"href":"https:\/\/www.europesays.com\/si\/wp-json\/wp\/v2\/types\/post"}],"author":[{"embeddable":true,"href":"https:\/\/www.europesays.com\/si\/wp-json\/wp\/v2\/users\/2"}],"replies":[{"embeddable":true,"href":"https:\/\/www.europesays.com\/si\/wp-json\/wp\/v2\/comments?post=209268"}],"version-history":[{"count":0,"href":"https:\/\/www.europesays.com\/si\/wp-json\/wp\/v2\/posts\/209268\/revisions"}],"wp:featuredmedia":[{"embeddable":true,"href":"https:\/\/www.europesays.com\/si\/wp-json\/wp\/v2\/media\/209269"}],"wp:attachment":[{"href":"https:\/\/www.europesays.com\/si\/wp-json\/wp\/v2\/media?parent=209268"}],"wp:term":[{"taxonomy":"category","embeddable":true,"href":"https:\/\/www.europesays.com\/si\/wp-json\/wp\/v2\/categories?post=209268"},{"taxonomy":"post_tag","embeddable":true,"href":"https:\/\/www.europesays.com\/si\/wp-json\/wp\/v2\/tags?post=209268"}],"curies":[{"name":"wp","href":"https:\/\/api.w.org\/{rel}","templated":true}]}}