{"id":209274,"date":"2026-08-30T17:26:12","date_gmt":"2026-08-30T17:26:12","guid":{"rendered":"https:\/\/www.europesays.com\/si\/209274\/"},"modified":"2026-08-30T17:26:12","modified_gmt":"2026-08-30T17:26:12","slug":"veliko-ogorcenje-zaradi-mladicevega-pogreba-medtem-ko-se-v-sloveniji-udbovce-pokopava-z-drzavnimi-castmi","status":"publish","type":"post","link":"https:\/\/www.europesays.com\/si\/209274\/","title":{"rendered":"Veliko ogor\u010denje zaradi Mladi\u0107evega pogreba, medtem ko se v Sloveniji udbovce pokopava z dr\u017eavnimi \u010dastmi"},"content":{"rendered":"<p>Mednarodno javnost razburja odlo\u010ditev Beograda, da bo Ratko Mladi\u0107 pokopan z voja\u0161kimi in dr\u017eavnimi \u010dastmi, medtem pa slovenska levica, ki se pridru\u017euje ogor\u010denju, mol\u010di o njenih lastnih vzornikih. <\/p>\n<p style=\"text-align: justify;\">General Ratko Mladi\u0107, nekdanji poveljnik bosanskih Srbov, ki je bil v Haagu obsojen na dosmrtni zapor zaradi vojnih zlo\u010dinov, bo pokopan v zvsemi voja\u0161kimi in dr\u017eavnimi \u010dastmi, je v petek povedal srbski pravosodni minister Nenad Vuji\u0107. Ta odlo\u010ditev Srbije je seveda razburila mednarodno javnost zaradi Mladi\u0107eve vloge v Srebrenici.<\/p>\n<p>Preberite tudi: <a href=\"https:\/\/nova24tv.si\/postkomunisticni-totalitarizem-nas-se-vedno-ogroza\/\" rel=\"nofollow noopener\" target=\"_blank\">Postkomunisti\u010dni totalitarizem nas \u0161e vedno ogro\u017ea <\/a><\/p>\n<p style=\"text-align: justify;\">Razburjenju in obsodbam se pridru\u017euje tudi velik del slovenske javnosti, med njimi so tudi \u0161tevilni levi\u010darji, ki sicer ignorirajo Mladi\u0107eve korenine v jugoslovanskem re\u017eimu in antifa\u0161izmu. Prav tako pa po drugi strani slovenska javnost o\u010dita Srbiji nekaj, \u010desar ni uredila v lastni hi\u0161i. V Sloveniji namre\u010d \u0161e vedno nemoteno stojijo \u0161tevilni spomeniki ljudi, ki so bili odgovorni za precej ve\u010dje morije od tiste, ki se je zgodila v Srebrenici.<\/p>\n<p><img fetchpriority=\"high\" decoding=\"async\" class=\"wp-image-555237\" src=\"https:\/\/www.europesays.com\/si\/wp-content\/uploads\/2026\/08\/kidric02-400x225.jpg\" alt=\"\" width=\"1086\" height=\"611\"  \/>Namesto da bi komunizem kot totalitarizem obsodili, se mu v slovenski levi politiki klanjajo (Foto: FB)<\/p>\n<p style=\"text-align: justify;\">Slovenija je polna mno\u017ei\u010dnih grobi\u0161\u010d, v katera je bilo pometanih na tiso\u010de izvensodno pobitih ljudi po uradnem koncu druge svetovne vojne, za razliko od Srebrenice in vojne v Bosni pa za na deset tiso\u010de smrti ni nih\u010de odgovarjal ne sodno ne moralno. Nasprotno, zlo\u010dince se \u010dasti kot junaki, pred njihovimi spomeniki polagajo vence stranke biv\u0161e koalicije, ob njihovih podobah se fotografirajo biv\u0161i ministri. Tu seveda ne gre govoriti le od ljudeh, ki so umrli \u0161e za \u010dasa Jugoslavije in so imeli zato razko\u0161ne pogrebe.<\/p>\n<p><img loading=\"lazy\" decoding=\"async\" class=\"wp-image-908992\" src=\"https:\/\/www.europesays.com\/si\/wp-content\/uploads\/2026\/08\/20230908-01271870-400x267.jpg\" alt=\"\" width=\"1078\" height=\"720\"  \/>Predsednica s svojimi potezami deli in poglablja razpoke, povzro\u010dene s strani komunisti\u010dne strani med revolucijo pred 80 leti (Foto: STA)<\/p>\n<p style=\"text-align: justify;\">Slaba tri leta nazaj je bil z voja\u0161kimi \u010dastmi pod Golobovo vlado v samostojni in demokrati\u010dni Sloveniji pokopan nekdanji \u0161ef Udbe Janez Zemljari\u010d, ki je zasedal visoke polo\u017eaje za \u010dasa komunizma in je bil med drugim tudi minister za notranje zadeve. Kot tak\u0161en je bil seveda odgovoren za trpljenja, mu\u010denja in represijo nad disidenti in vsemi, ki so ob\u010dutili trdo roko Udbe. Kljub temu se takrat slovenska javnost ni razburjala ob njegovem pogrebu z voja\u0161kimi \u010dastmi, vrh takratne vlade pa se je pogreba tudi udele\u017eil. Prav tako se najvi\u0161ji predstavniki politi\u010dnega razreda, tudi predsednica Nata\u0161a Pirc Musar, redno udele\u017eujejo partizanskih proslav ter se ka\u017eejo pod totalitarnimi simboli rde\u010de zvezde.<\/p>\n<p style=\"text-align: justify;\">Ogor\u010denje leve opozicije nad Mladi\u0107evim pogrebom se zdi zato precej dvoli\u010dno, saj ta ista levica povzdiguje ljudi, ki so imeli \u0161e bolj krvave roke.<\/p>\n<p>A. S.<\/p>\n","protected":false},"excerpt":{"rendered":"Mednarodno javnost razburja odlo\u010ditev Beograda, da bo Ratko Mladi\u0107 pokopan z voja\u0161kimi in dr\u017eavnimi \u010dastmi, medtem pa slovenska&hellip;\n","protected":false},"author":2,"featured_media":209275,"comment_status":"","ping_status":"","sticky":false,"template":"","format":"standard","meta":{"footnotes":"","_share_on_mastodon":"0"},"categories":[20],"tags":[32,51434,35,31,14960,34,36,11691,19584,30164,37,60,38,780,33],"class_list":["post-209274","post","type-post","status-publish","format-standard","has-post-thumbnail","category-novice","tag-headlines","tag-janez-zemljaric","tag-najpomembnejse-novice","tag-news","tag-nob","tag-novice","tag-osrednje-novice","tag-pogreb","tag-ratko-mladic","tag-revolucionarno-nasilje","tag-slovene","tag-slovenija","tag-slovenscina","tag-srbija","tag-top-stories"],"share_on_mastodon":{"url":"https:\/\/pubeurope.com\/@si\/117185635087986211","error":""},"_links":{"self":[{"href":"https:\/\/www.europesays.com\/si\/wp-json\/wp\/v2\/posts\/209274","targetHints":{"allow":["GET"]}}],"collection":[{"href":"https:\/\/www.europesays.com\/si\/wp-json\/wp\/v2\/posts"}],"about":[{"href":"https:\/\/www.europesays.com\/si\/wp-json\/wp\/v2\/types\/post"}],"author":[{"embeddable":true,"href":"https:\/\/www.europesays.com\/si\/wp-json\/wp\/v2\/users\/2"}],"replies":[{"embeddable":true,"href":"https:\/\/www.europesays.com\/si\/wp-json\/wp\/v2\/comments?post=209274"}],"version-history":[{"count":0,"href":"https:\/\/www.europesays.com\/si\/wp-json\/wp\/v2\/posts\/209274\/revisions"}],"wp:featuredmedia":[{"embeddable":true,"href":"https:\/\/www.europesays.com\/si\/wp-json\/wp\/v2\/media\/209275"}],"wp:attachment":[{"href":"https:\/\/www.europesays.com\/si\/wp-json\/wp\/v2\/media?parent=209274"}],"wp:term":[{"taxonomy":"category","embeddable":true,"href":"https:\/\/www.europesays.com\/si\/wp-json\/wp\/v2\/categories?post=209274"},{"taxonomy":"post_tag","embeddable":true,"href":"https:\/\/www.europesays.com\/si\/wp-json\/wp\/v2\/tags?post=209274"}],"curies":[{"name":"wp","href":"https:\/\/api.w.org\/{rel}","templated":true}]}}