{"id":209328,"date":"2026-08-30T18:38:15","date_gmt":"2026-08-30T18:38:15","guid":{"rendered":"https:\/\/www.europesays.com\/si\/209328\/"},"modified":"2026-08-30T18:38:15","modified_gmt":"2026-08-30T18:38:15","slug":"ob-obali-cipra-se-je-prevrnil-trajekt-umrlo-najmanj-osem-ljudi","status":"publish","type":"post","link":"https:\/\/www.europesays.com\/si\/209328\/","title":{"rendered":"Ob obali Cipra se je prevrnil trajekt, umrlo najmanj osem ljudi"},"content":{"rendered":"<p>\t\t\t\t\t\t\t\t<a href=\"https:\/\/www.europesays.com\/si\/wp-content\/uploads\/2026\/08\/1788115094_199_67086970.jpg\" itemprop=\"contentUrl\" data-size=\"1200x800\" data-large=\"https:\/\/www.europesays.com\/si\/wp-content\/uploads\/2026\/08\/1788115094_199_67086970.jpg\"><br \/>\n\t\t\t\t\t\t\t\t\t<img decoding=\"async\" src=\"https:\/\/www.europesays.com\/si\/wp-content\/uploads\/2026\/08\/1788115094_199_67086970.jpg\" title=\"Katamaran Filojet, ki se je prevrnil pred obalo Severnega Cipra. Foto: Reuters\" alt=\"Katamaran Filojet, ki se je prevrnil pred obalo Severnega Cipra. Foto: Reuters\"\/><br \/>\n\t\t\t\t\t\t\t\t<\/a><\/p>\n<p>\t\t\t\t\t\t\t\t\tKatamaran Filojet, ki se je prevrnil pred obalo Severnega Cipra. Foto: Reuters<\/p>\n<p>\t\t\t\t\t\t\t<a id=\"preferredSourceBanner\" href=\"https:\/\/www.rtvslo.si\/svet\/ob-obali-cipra-se-je-prevrnil-trajekt-umrlo-najmanj-sedem-ljudi\/javascript:void(0)\" target=\"_blank\" class=\"d-none align-items-center justify-content-between rounded my-3\" style=\"padding: 10px 15px;\" rel=\"nofollow noopener\"><br \/>\n\t\t\t\t\t\t<img decoding=\"async\" src=\"https:\/\/img.rtvslo.si\/_static\/novi\/img\/ico-google.svg\" class=\"flex-shrink-0 mr-3\" aria-hidden=\"true\"\/><br \/>\n\t\t\t\t\t\tSpremljajte RTVSLO.si kot prednostni vir na Google<\/p>\n<p>\t\t\t\t\t<\/a><\/p>\n<p>Trajekt je preva\u017eal 259 potnikov in osem \u010dlanov posadke. Re\u0161ili so 237 ljudi, je dejal premier  Tur\u0161ke republike Severni Ciper \u00dcnal \u00dcstel, ki je dejal, da so za re\u0161evanje preostalih mobilizirali vse razpolo\u017eljive enote. Minister za transport je sporo\u010dil, da je v nesre\u010di umrlo najmanj osem ljudi.<\/p>\n<p>Oglas<\/p>\n<p>\u00dcstel je pozneje na dru\u017ebenem omre\u017eju Facebook zapisal, da so bili kapitan plovila in \u0161e sedem \u010dlanov posadke aretirani, ter dejal, da bo &#8220;preiskan vsak vidik&#8221; incidenta, je poro\u010dal BBC.<\/p>\n<p>Trajekt tipa katamaran je ob 11:58 po krajevnem \u010dasu (10.58 po srednjeevropskem) izplul iz pristani\u0161\u010da Kirenija, znanega tudi kot Girne, ki je del samooklicane Tur\u0161ke republike Severni Ciper, ki upravlja severni del otoka. Namenjen je bil do pristani\u0161\u010da Ta\u015fucu v pokrajini Mersin v Tur\u010diji. V trajektu naj bi se okoli 7,5 kilometra od obale za\u010dela nabirati voda, poro\u010da britanski Guardian. Kot je sporo\u010dil uradnik Severnega Cipra, se je trajekt popolnoma potopil na globino 514 metrov.<\/p>\n<p>Tudi tamkaj\u0161nje ministrstvo za zdravje je sporo\u010dilo, da izvajajo vse potrebne ukrepe za hiter odziv re\u0161evalnih in zdravstvenih slu\u017eb. Ob tem je zagotovilo, da so bile bolni\u0161nice obve\u0161\u010dene o incidentu, da bodo lahko zagotovile vso potrebno zdravstveno oskrbo. Po navedbah tamkaj\u0161njih oblasti je bilo na krovu plovila, ki je iz pristani\u0161\u010da Kirenija odplulo proti tur\u0161kemu pristani\u0161\u010du Tasucu, 267 ljudi.<\/p>\n<p>Na pomo\u010d je prisko\u010dila Tur\u010dija. Podpredsednik Cevdet Yilmaz je sporo\u010dil, da Ankara &#8220;zagotavlja vso potrebno pomo\u010d pri iskalnih in re\u0161evalnih operacijah&#8221;.<\/p>\n<p>V nevihti umrl \u010dlovek<\/p>\n<p>Dele Cipra je v soboto prizadela mo\u010dna nevihta, ki je zahtevala eno \u017eivljenje, nekaj \u010dolnov pa se je pred jugovzhodno obalo te oto\u0161ke dr\u017eave zna\u0161lo v te\u017eavah, so sporo\u010dile oblasti.<\/p>\n<p>Umrl je skiper \u010dolna, ki so ga visoki valovi potisnili proti skalam, kjer je potonil. Truplo so po navedbah policije na\u0161li na skalnatem delu obale rta Greco.<\/p>\n<p>Po poro\u010danju ciprskih medijev so v bli\u017eini re\u0161evalne slu\u017ebe s helikopterjem iz razburkanega morja re\u0161ile \u010dloveka.<\/p>\n<p>Nevihta je povzro\u010dila te\u017eave tudi v notranjosti otoka. Ponekod so bile poplavljene ceste in poslopja, padla so drevesa, poro\u010dali so tudi o zemeljskih plazovih in prekinitvi dobave elektri\u010dne energije, poro\u010da nem\u0161ka tiskovna agencija DPA.<\/p>\n<p>Gasilce so ve\u010dkrat poklicali zaradi v nevihti povzro\u010dene \u0161kode, predvsem z obmo\u010dja okoli prestolnice Nikozija. Nekega mo\u0161kega je zadela stela, a njegovo \u017eivljenje ni ogro\u017eeno, so poro\u010dali mediji.<\/p>\n<p>Zaradi nevihte je bil moten letalski promet na letali\u0161\u010dih v Larnaki in Pafosu, ki pa so ga po izbolj\u0161anju vremena \u017ee normalizirali. Odpovedali niso nobenega poleta, zjutraj so jih samo nekaj preusmerili.<\/p>\n<p>Oglas<\/p>\n","protected":false},"excerpt":{"rendered":"Katamaran Filojet, ki se je prevrnil pred obalo Severnega Cipra. Foto: Reuters Spremljajte RTVSLO.si kot prednostni vir na&hellip;\n","protected":false},"author":2,"featured_media":209329,"comment_status":"","ping_status":"","sticky":false,"template":"","format":"standard","meta":{"footnotes":"","_share_on_mastodon":"0"},"categories":[20],"tags":[5261,406,32,4244,35,19194,31,34,36,781,9010,44065,37,38,33,6015],"class_list":["post-209328","post","type-post","status-publish","format-standard","has-post-thumbnail","category-novice","tag-ciper","tag-evakuacija","tag-headlines","tag-letalski-promet","tag-najpomembnejse-novice","tag-nevihta","tag-news","tag-novice","tag-osrednje-novice","tag-poplave","tag-resevalna-akcija","tag-skiper","tag-slovene","tag-slovenscina","tag-top-stories","tag-trajekt"],"share_on_mastodon":{"url":"https:\/\/pubeurope.com\/@si\/117185918556235691","error":""},"_links":{"self":[{"href":"https:\/\/www.europesays.com\/si\/wp-json\/wp\/v2\/posts\/209328","targetHints":{"allow":["GET"]}}],"collection":[{"href":"https:\/\/www.europesays.com\/si\/wp-json\/wp\/v2\/posts"}],"about":[{"href":"https:\/\/www.europesays.com\/si\/wp-json\/wp\/v2\/types\/post"}],"author":[{"embeddable":true,"href":"https:\/\/www.europesays.com\/si\/wp-json\/wp\/v2\/users\/2"}],"replies":[{"embeddable":true,"href":"https:\/\/www.europesays.com\/si\/wp-json\/wp\/v2\/comments?post=209328"}],"version-history":[{"count":0,"href":"https:\/\/www.europesays.com\/si\/wp-json\/wp\/v2\/posts\/209328\/revisions"}],"wp:featuredmedia":[{"embeddable":true,"href":"https:\/\/www.europesays.com\/si\/wp-json\/wp\/v2\/media\/209329"}],"wp:attachment":[{"href":"https:\/\/www.europesays.com\/si\/wp-json\/wp\/v2\/media?parent=209328"}],"wp:term":[{"taxonomy":"category","embeddable":true,"href":"https:\/\/www.europesays.com\/si\/wp-json\/wp\/v2\/categories?post=209328"},{"taxonomy":"post_tag","embeddable":true,"href":"https:\/\/www.europesays.com\/si\/wp-json\/wp\/v2\/tags?post=209328"}],"curies":[{"name":"wp","href":"https:\/\/api.w.org\/{rel}","templated":true}]}}