{"id":209442,"date":"2026-08-30T20:38:10","date_gmt":"2026-08-30T20:38:10","guid":{"rendered":"https:\/\/www.europesays.com\/si\/209442\/"},"modified":"2026-08-30T20:38:10","modified_gmt":"2026-08-30T20:38:10","slug":"pidcock-po-zlatu-v-solzah-zaradi-tarlinga-nato-omenil-se-pogacarja","status":"publish","type":"post","link":"https:\/\/www.europesays.com\/si\/209442\/","title":{"rendered":"Pidcock po zlatu v solzah zaradi Tarlinga, nato omenil \u0161e Poga\u010darja"},"content":{"rendered":"<p>Britanec Tom Pidcock je po naslovu svetovnega prvaka v olimpijskem krosu le ste\u017eka zadr\u017eeval \u010dustva. Zmago je posvetil preminulemu Finlayju Tarlingu in njegovemu bratu Joshu, ki je kljub dru\u017einski tragediji za\u010del z Vuelto. Nato se je spomnil \u0161e Tadeja Poga\u010darja, ki po padcu \u010daka na operacijo v bolni\u0161nici: &#8220;Resni\u010dno upam, da bo z njim vse v redu. Je patron na\u0161ega \u0161porta.&#8221;<\/p>\n<p>Tom Pidcock je v italijanskem Val di Soleju drugi\u010d v karieri postal svetovni prvak v olimpijskem krosu, toda po prihodu v cilj rezultat ni bil ve\u010d edina stvar, o kateri je \u017eelel govoriti.<\/p>\n<p>Britanca so premagala \u010dustva. S solzami v o\u010deh se je spomnil Finlayja Tarlinga in njegovega brata Josha.<\/p>\n<p>&#8220;To zmago \u017eelim posvetiti Finu Tarlingu in Joshu. Videti Josha na startu Vuelte je bilo nekaj neverjetnega,&#8221; je dejal Pidcock.<\/p>\n<p>Finlay Tarling je avgusta umrl po nesre\u010di na Dirki po Portugalski, njegov starej\u0161i brat Josh pa se je le nekaj dni pozneje pojavil na startu Dirke po \u0160paniji.<\/p>\n<p>&#8220;Pot do sem je bila dolga in zahtevna&#8221;<\/p>\n<p>Tudi Pidcockova pot do mavri\u010dne majice ni bila brez te\u017eav. Razkril je, da je v petek na treningu grdo padel, posledice pa \u010dutil skozi prakti\u010dno celotno nedeljsko preizku\u0161njo.<\/p>\n<p dir=\"ltr\" lang=\"en\">Lost for words \ud83d\ude22<\/p>\n<p>An emotional Tom Pidcock dedicates his win to Finlay, Josh and the Tarling family after riding to a second UCI XCO World Championship title \u2764\ufe0f <a href=\"https:\/\/t.co\/UoSq0rjtNc\" rel=\"nofollow\">pic.twitter.com\/UoSq0rjtNc<\/a><\/p>\n<p>\u2014 Cycling on TNT Sports (@cyclingontnt) <a href=\"https:\/\/x.com\/cyclingontnt\/status\/2094118336829206733?ref_src=twsrc%5Etfw\" rel=\"nofollow\">August 30, 2026<\/a><\/p>\n<p>&#8220;\u010ce sem iskren, sem ostal brez besed. Pot do sem je bila dolga in zahtevna. V petek sem na treningu grdo padel in \u017ee od prvega kroga me je bolel hrbet. V zadnjih krogih sem moral dati od sebe prav vse.&#8221;<\/p>\n<p>Pidcock je preizku\u0161njo za\u010del dale\u010d iz ozadja, vendar se je vztrajno prebijal proti najbolj\u0161im. V petem krogu se je priklju\u010dil vodilnim, nato pa s pospe\u0161evanji v zaklju\u010dku strl tekmece enega za drugim.<\/p>\n<p>Za Pidcocka je bil to drugi naslov svetovnega prvaka po letu 2023. Ob tem ima v olimpijskem krosu tudi dve zlati olimpijski medalji.<\/p>\n<p>Nato \u0161e besede za Poga\u010darja v bolni\u0161nici<\/p>\n<p>Ko je govoril o \u010dustvenem dnevu, se je Pidcock spomnil \u0161e Tadeja Poga\u010darja, ki po hudem padcu na Dirki po \u0160paniji okreva v bolni\u0161nici.<\/p>\n<p><img decoding=\"async\" alt=\"Lepe bedsede je namenil tudi na\u0161emu Tadeju Poga\u010darju.&#10; | Foto: Instagram\" class=\"article_content__inline_image js_imageLightbox is-clickable\" data-author=\"Instagram\" data-caption=\"Lepe bedsede je namenil tudi na\u0161emu Tadeju Poga\u010darju.&#10;\" data-height=\"775\" data-href=\"https:\/\/siol.net\/media\/images\/2026-34\/tadej-po-padcu-naslovna.jpg\" data-width=\"1170\" loading=\"lazy\" src=\"\/media\/img\/f8\/a7\/f74bd07435049f004ed4-tadej-pogacar.jpeg\" title=\"Tadej Poga\u010dar\"\/><\/p>\n<p> Lepe bedsede je namenil tudi na\u0161emu Tadeju Poga\u010darju.<\/p>\n<p> Foto: Instagram <\/p>\n<p>&#8220;Sli\u0161al sem, da je Tadej gledal dirko iz bolni\u0161nice, kar je lepo. Resni\u010dno upam, da bo z njim vse v redu. Je patron na\u0161ega \u0161porta,&#8221; je dejal Britanec.<\/p>\n<p>Pidcock in Poga\u010dar sta v zadnjih letih pogosto tekmovala drug proti drugemu na najve\u010djih cestnih dirkah, besede novega svetovnega prvaka v olimpijskem krosu pa so \u0161e enkrat pokazale, kak\u0161en status ima slovenski \u0161ampion med tekmeci.<\/p>\n<p>                <script async src=\"https:\/\/platform.twitter.com\/widgets.js\" charset=\"utf-8\"><\/script><\/p>\n","protected":false},"excerpt":{"rendered":"Britanec Tom Pidcock je po naslovu svetovnega prvaka v olimpijskem krosu le ste\u017eka zadr\u017eeval \u010dustva. Zmago je posvetil&hellip;\n","protected":false},"author":2,"featured_media":209443,"comment_status":"","ping_status":"","sticky":false,"template":"","format":"standard","meta":{"footnotes":"","_share_on_mastodon":"0"},"categories":[16],"tags":[47929,47930,62,37,58,60,38,94,93,1874,7487,24726],"class_list":["post-209442","post","type-post","status-publish","format-standard","has-post-thumbnail","category-sport","tag-finlay-tarling","tag-joshua-tarling","tag-si","tag-slovene","tag-slovenia","tag-slovenija","tag-slovenscina","tag-sport","tag-sports","tag-tadej-pogacar","tag-tom-pidcock","tag-vuelta"],"share_on_mastodon":{"url":"https:\/\/pubeurope.com\/@si\/117186390105374209","error":""},"_links":{"self":[{"href":"https:\/\/www.europesays.com\/si\/wp-json\/wp\/v2\/posts\/209442","targetHints":{"allow":["GET"]}}],"collection":[{"href":"https:\/\/www.europesays.com\/si\/wp-json\/wp\/v2\/posts"}],"about":[{"href":"https:\/\/www.europesays.com\/si\/wp-json\/wp\/v2\/types\/post"}],"author":[{"embeddable":true,"href":"https:\/\/www.europesays.com\/si\/wp-json\/wp\/v2\/users\/2"}],"replies":[{"embeddable":true,"href":"https:\/\/www.europesays.com\/si\/wp-json\/wp\/v2\/comments?post=209442"}],"version-history":[{"count":0,"href":"https:\/\/www.europesays.com\/si\/wp-json\/wp\/v2\/posts\/209442\/revisions"}],"wp:featuredmedia":[{"embeddable":true,"href":"https:\/\/www.europesays.com\/si\/wp-json\/wp\/v2\/media\/209443"}],"wp:attachment":[{"href":"https:\/\/www.europesays.com\/si\/wp-json\/wp\/v2\/media?parent=209442"}],"wp:term":[{"taxonomy":"category","embeddable":true,"href":"https:\/\/www.europesays.com\/si\/wp-json\/wp\/v2\/categories?post=209442"},{"taxonomy":"post_tag","embeddable":true,"href":"https:\/\/www.europesays.com\/si\/wp-json\/wp\/v2\/tags?post=209442"}],"curies":[{"name":"wp","href":"https:\/\/api.w.org\/{rel}","templated":true}]}}