{"id":209562,"date":"2026-08-30T22:54:12","date_gmt":"2026-08-30T22:54:12","guid":{"rendered":"https:\/\/www.europesays.com\/si\/209562\/"},"modified":"2026-08-30T22:54:12","modified_gmt":"2026-08-30T22:54:12","slug":"slovenci-za-konec-wagnerjevega-memoriala-po-hudem-boju-izgubili","status":"publish","type":"post","link":"https:\/\/www.europesays.com\/si\/209562\/","title":{"rendered":"Slovenci za konec Wagnerjevega memoriala po hudem boju izgubili"},"content":{"rendered":"<p>Slovenska mo\u0161ka reprezentanca je danes odigrala \u0161e zadnjo tekmo Wagnerjevega memoriala in v Krakovu s 2:3 v nizih izgubila spopad z Ameri\u010dani. Gre za pripravljalni turnir na evropsko prvenstvo, ki se bo za\u010delo 9. septembra. Slovenci, ki so pred odhodom na Poljsko dejali, da bo pripravljalni turnir pomemben predvsem z vidika preizku\u0161anja dolo\u010denih takti\u010dnih zamisli, so na prvi tekmi po petih setih izgubili proti gostiteljem, na drugi, ko je selektor Fabio Soli prilo\u017enost ponudil rezervistom, pa so z 1:3 izgubili s Francozi.<\/p>\n<p>Slovenska reprezentanca je tako po treh porazih na Wagnerjevem memorialu zasedla zadnje mesto. Danes je bila reprezentanca ZDA\u00a0bolj\u0161a s 3:2 (-28, 26, -17, 19, 11).<\/p>\n<p>Slovenci so v prvih treh nizih igrali z najbolj\u0161o postavo, tudi vodili z 2:1, v zadnjih dveh nizih pa so na igri\u0161\u010de stopili rezervisti, ki pa niso imeli mo\u017enosti. Jasno je, da slovenskemu selektorju v prvem planu ni bil rezultat, odlo\u010dil se je, da mo\u017enost ponudi vsem igralcem.<\/p>\n<p>Je pa njegova ekipa na trenutke igrala dobro, na trenutke pa malo manj. Nihanja so bila prisotna \u017ee v prvih dveh sicer izena\u010denih nizih. V prvem so slovenski reprezentanti izni\u010dili visok zaostanek, ubranili tudi dve zaklju\u010dni \u017eogi, niz pa dobili s 30:28.<\/p>\n<p>V drugem so bili Slovenci tisti, ki so ve\u010dji del vodili. Tekmeci so jih ujeli v kon\u010dnici, niz pa se je kon\u010dal z izidom 26:28. S slovenske strani je bil tretji niz najbolj\u0161i. Ameri\u010dani so se v njem dr\u017eali do izida 9:9, nato pa so z dobrimi servisi Slovenci u\u0161li, po asu Nika Mujanovi\u0107a je bilo na semaforju 20:13 in jasno je bilo, da bo Slovenija spet vodila.<\/p>\n<p>V zadnjih dveh nizih so v igro pri\u0161li Nejc Najdi\u010d, Grega Okrogli\u010d, Luka Marovt, Klemen \u0160en, Janez Jan\u017e Kr\u017ei\u010d, Sa\u0161o \u0160talekar, na igri\u0161\u010du je ostal Rok Bra\u010dko, mlada postava pa je imela preve\u010d te\u017eav v napadu, da bi lahko ra\u010dunala na ugodnej\u0161i izid.<\/p>\n<p>Wagnerjev memorial, Krakov<\/p>\n<p>Nedelja, 30. avgust<\/p>\n<p>Sobota, 29. avgust<\/p>\n<p>Petek, 28. avgust<\/p>\n<p>Lestvica:<\/p>\n","protected":false},"excerpt":{"rendered":"Slovenska mo\u0161ka reprezentanca je danes odigrala \u0161e zadnjo tekmo Wagnerjevega memoriala in v Krakovu s 2:3 v nizih&hellip;\n","protected":false},"author":2,"featured_media":209563,"comment_status":"","ping_status":"","sticky":false,"template":"","format":"standard","meta":{"footnotes":"","_share_on_mastodon":"0"},"categories":[20],"tags":[13406,32,35,31,34,146,36,37,38,3334,33],"class_list":["post-209562","post","type-post","status-publish","format-standard","has-post-thumbnail","category-novice","tag-fabio-soli","tag-headlines","tag-najpomembnejse-novice","tag-news","tag-novice","tag-odbojka","tag-osrednje-novice","tag-slovene","tag-slovenscina","tag-slovenska-odbojkarska-reprezentanca","tag-top-stories"],"share_on_mastodon":{"url":"https:\/\/pubeurope.com\/@si\/117186924691974984","error":""},"_links":{"self":[{"href":"https:\/\/www.europesays.com\/si\/wp-json\/wp\/v2\/posts\/209562","targetHints":{"allow":["GET"]}}],"collection":[{"href":"https:\/\/www.europesays.com\/si\/wp-json\/wp\/v2\/posts"}],"about":[{"href":"https:\/\/www.europesays.com\/si\/wp-json\/wp\/v2\/types\/post"}],"author":[{"embeddable":true,"href":"https:\/\/www.europesays.com\/si\/wp-json\/wp\/v2\/users\/2"}],"replies":[{"embeddable":true,"href":"https:\/\/www.europesays.com\/si\/wp-json\/wp\/v2\/comments?post=209562"}],"version-history":[{"count":0,"href":"https:\/\/www.europesays.com\/si\/wp-json\/wp\/v2\/posts\/209562\/revisions"}],"wp:featuredmedia":[{"embeddable":true,"href":"https:\/\/www.europesays.com\/si\/wp-json\/wp\/v2\/media\/209563"}],"wp:attachment":[{"href":"https:\/\/www.europesays.com\/si\/wp-json\/wp\/v2\/media?parent=209562"}],"wp:term":[{"taxonomy":"category","embeddable":true,"href":"https:\/\/www.europesays.com\/si\/wp-json\/wp\/v2\/categories?post=209562"},{"taxonomy":"post_tag","embeddable":true,"href":"https:\/\/www.europesays.com\/si\/wp-json\/wp\/v2\/tags?post=209562"}],"curies":[{"name":"wp","href":"https:\/\/api.w.org\/{rel}","templated":true}]}}