{"id":209604,"date":"2026-08-31T00:44:14","date_gmt":"2026-08-31T00:44:14","guid":{"rendered":"https:\/\/www.europesays.com\/si\/209604\/"},"modified":"2026-08-31T00:44:14","modified_gmt":"2026-08-31T00:44:14","slug":"trajekt-z-267-ljudmi-se-je-prevrnil-kmalu-po-izplutju-sest-mrtvih-vec-deset-pogresanih-video","status":"publish","type":"post","link":"https:\/\/www.europesays.com\/si\/209604\/","title":{"rendered":"Trajekt z 267 ljudmi se je prevrnil kmalu po izplutju: \u0161est mrtvih, ve\u010d deset pogre\u0161anih (VIDEO)"},"content":{"rendered":"<p>Trajekt z okoli 270 ljudmi na krovu se je danes prevrnil ob obali Severnega Cipra kmalu po izplutju iz pristani\u0161\u010da, so sporo\u010dile lokalne oblasti. Dodale so, da je v incidentu umrlo najmanj \u0161est ljudi, in da so re\u0161evalne akcije v teku, navaja francoska tiskovna agencija AFP. \u00bbPribli\u017eno sto potnikov so evakuirali in jih prepeljali na kopno,\u00ab\u00a0je za lokalno televizijo povedal Erhan Arikli, prometni minister samooklicane Tur\u0161ke republike Severni Ciper, ki upravlja severni del razdeljenega otoka Ciper. Dodal je, da se je v trajektu nabirala voda in da je re\u0161evalna akcija v polnem teku.<\/p>\n<p>Kmalu za tem je premier Severnega Cipra \u00dcnal \u00dcstel za tur\u0161ke medije dejal, da so doslej re\u0161ili 172 ljudi in da je po prvih ocenah v incidentu umrlo najmanj \u0161est ljudi.\u00a0Tamkaj\u0161nje ministrstvo za zdravje je sporo\u010dilo, da izvajajo vse potrebne ukrepe za hiter odziv re\u0161evalnih in zdravstvenih slu\u017eb. Ob tem je zatrdilo, da so bile bolni\u0161nice obve\u0161\u010dene o incidentu, da bodo lahko zagotovile vso potrebno zdravstveno oskrbo.\u00a0Po navedbah lokalnih oblasti je bilo na krovu plovila, ki je iz pristani\u0161\u010da Kyrenia odplulo proti tur\u0161kemu pristani\u0161\u010du Tasucu, 267 ljudi. Na pomo\u010d je prisko\u010dila tudi Tur\u010dija. Kot je namre\u010d sporo\u010dil tamkaj\u0161nji podpredsednik Cevdet Yilmaz, Ankara \u00bbzagotavlja vso potrebno pomo\u010d pri iskalnih in re\u0161evalnih operacijah\u00ab.<\/p>\n<p>Ciper je razdeljen od leta 1974. Takrat so tur\u0161ke sile zaradi voja\u0161kega udara ciprskih Grkov, ki ga je podpirala voja\u0161ka hunta v Atenah, vdrle na severni del otoka. Tam so kasneje ustanovili Tur\u0161ko republiko Severni Ciper, ki pa jo priznava samo Tur\u010dija.<\/p>\n<p>\u00a0<\/p>\n","protected":false},"excerpt":{"rendered":"Trajekt z okoli 270 ljudmi na krovu se je danes prevrnil ob obali Severnega Cipra kmalu po izplutju&hellip;\n","protected":false},"author":2,"featured_media":209605,"comment_status":"","ping_status":"","sticky":false,"template":"","format":"standard","meta":{"footnotes":"","_share_on_mastodon":"0"},"categories":[20],"tags":[51509,32,1411,7646,35,502,31,34,36,51403,37,38,783,51398,33,6015],"class_list":["post-209604","post","type-post","status-publish","format-standard","has-post-thumbnail","category-novice","tag-erhan-arikli","tag-headlines","tag-ladja","tag-morje","tag-najpomembnejse-novice","tag-nesreca","tag-news","tag-novice","tag-osrednje-novice","tag-severni-ciper","tag-slovene","tag-slovenscina","tag-smrtne-zrtve","tag-tasucu","tag-top-stories","tag-trajekt"],"share_on_mastodon":{"url":"https:\/\/pubeurope.com\/@si\/117187357139716326","error":""},"_links":{"self":[{"href":"https:\/\/www.europesays.com\/si\/wp-json\/wp\/v2\/posts\/209604","targetHints":{"allow":["GET"]}}],"collection":[{"href":"https:\/\/www.europesays.com\/si\/wp-json\/wp\/v2\/posts"}],"about":[{"href":"https:\/\/www.europesays.com\/si\/wp-json\/wp\/v2\/types\/post"}],"author":[{"embeddable":true,"href":"https:\/\/www.europesays.com\/si\/wp-json\/wp\/v2\/users\/2"}],"replies":[{"embeddable":true,"href":"https:\/\/www.europesays.com\/si\/wp-json\/wp\/v2\/comments?post=209604"}],"version-history":[{"count":0,"href":"https:\/\/www.europesays.com\/si\/wp-json\/wp\/v2\/posts\/209604\/revisions"}],"wp:featuredmedia":[{"embeddable":true,"href":"https:\/\/www.europesays.com\/si\/wp-json\/wp\/v2\/media\/209605"}],"wp:attachment":[{"href":"https:\/\/www.europesays.com\/si\/wp-json\/wp\/v2\/media?parent=209604"}],"wp:term":[{"taxonomy":"category","embeddable":true,"href":"https:\/\/www.europesays.com\/si\/wp-json\/wp\/v2\/categories?post=209604"},{"taxonomy":"post_tag","embeddable":true,"href":"https:\/\/www.europesays.com\/si\/wp-json\/wp\/v2\/tags?post=209604"}],"curies":[{"name":"wp","href":"https:\/\/api.w.org\/{rel}","templated":true}]}}