{"id":209868,"date":"2026-08-31T09:01:07","date_gmt":"2026-08-31T09:01:07","guid":{"rendered":"https:\/\/www.europesays.com\/si\/209868\/"},"modified":"2026-08-31T09:01:07","modified_gmt":"2026-08-31T09:01:07","slug":"pogacar-obiskal-ursko-niti-slutil-ni-kaj-mu-tekmeci-pocnejo-za-hrbtom","status":"publish","type":"post","link":"https:\/\/www.europesays.com\/si\/209868\/","title":{"rendered":"Poga\u010dar obiskal Ur\u0161ko, niti slutil ni, kaj mu tekmeci po\u010dnejo za hrbtom"},"content":{"rendered":"<p>Ni\u010d hudega slute\u010di Tadej Poga\u010dar je svoje kolo zaupal v hrambo tekmecem, ti pa so prilo\u017enost nemudoma izkoristili za podroben pregled in analizo.<\/p>\n<p>V nadaljevanju preberite:<\/p>\n<p>Tadej Poga\u010dar je pred dvema letoma svoje kolo pustil v prostorih Soudal Quick-Stepa, medtem ko sta z Ur\u0161ko \u017digart obiskala savno.<br \/>\n\u0160tirje mehaniki belgijskega mo\u0161tva so v njegovi odsotnosti kolo stehtali, izmerili in natan\u010dno pregledali.<br \/>\nNajbolj jih je presenetil Poga\u010darjev polo\u017eaj na kolesu, po besedah tedanjega \u0161efa Patricka Lefevereja pa na kolesu niso na\u0161li motorja.<\/p>\n<p>Nekdanji \u0161ef mo\u0161tva Soudal Quick-Stepa Patrick Lefevere je razkril, kako so \u0161tirje njihovi mehaniki na skrivaj stehtali, izmerili in podrobno analizirali kolo slovenskega kolesarskega asa\u00a0Tadeja Poga\u010darja, potem ko jim ga je petkratni zmagovalec dirke po Franciji za dve uri zaupal v hrambo.<\/p>\n<p>Lefevere se je v tedenski kolumni za Het Nieuwsblad razpisal o prigodi\u00a0pred dvema letoma, ko je slovenski kolesar med zimskim pripravljalnim taborom obiskal hotel Suitopia v \u0160paniji, kjer je bila s svojo ekipo AG Insurance\u2013Soudal nastanjena tudi njegova izbranka Ur\u0161ka \u017digart.\u00a0<\/p>\n<p><img decoding=\"async\" alt=\"Colnago | Avtor: Profimedia\" class=\"rwd\" data-href=\"https:\/\/www.zurnal24.si\/media\/img\/53\/69\/38807d1c788988425477.jpeg\" itemprop=\"image\" src=\"\/media\/img\/c7\/37\/f84eda351f1d319efee6.jpeg\"\/><\/p>\n<p>                Profimedia<\/p>\n<p>Najbolj\u0161i kolesar na svetu in njegova bolj\u0161a polovica sta \u017eelela obiskati savno, zato je Poga\u010dar potreboval prostor, kjer bi lahko za nekaj \u010dasa spravil\u00a0svoje Colnagovo kolo. Belgijska ekipa mu je rade volje prisko\u010dila na pomo\u010d, Poga\u010dar pa je, nevedo\u010d, da bo njegov dirkalni stroj kmalu postal predmet temeljitega pregleda, kolo parkiral v njihovo gara\u017ei. Takoj ko je Slovenec izginil iz njihovega vidnega polja, so mehaniki Soudala planili na\u00a0kolo v \u017eelji, da bi vsaj delno razvozlali skrivnost njegovega uspeha.<\/p>\n<p>&#8220;S kolesom se je pripeljal do hotela, da bi z Ur\u0161ko obiskal savno. Na\u0161e mehanike je prosil, \u010de ga lahko za nekaj \u010dasa pusti\u00a0v na\u0161i kolesarnici,&#8221; je zapisal Lefevere in dodal: &#8220;Takoj ko Pogija ni bilo ve\u010d na vidiku, so na\u0161i mehaniki planili na njegovo kolo.&#8221;<\/p>\n<p>\u0160tirje mehaniki so nepri\u010dakovano dobili prilo\u017enost, kakr\u0161nih v svetu profesionalnega kolesarstva ni na pretek. Kar naenkrat so imeli pred seboj tekmovalno kolo najbolj dominantnega kolesarja na svetu, \u010digar oprema je \u017ee dlje \u010dasa predmet velikega zanimanja. &#8220;Vse so stehtali, izmerili in analizirali. Niti na misel mu ni pri\u0161lo, da bi lahko s tem razkril kak\u0161ne &#8216;poslovne&#8217; skrivnosti, toda noben mehanik z vsaj malo ponosa ne bi\u00a0pustil kolesa zmagovalca Toura nedotaknjenega stati v kotu,&#8221; meni\u00a0Lefevere.<\/p>\n<p><img decoding=\"async\" alt=\"Poga\u010dar \u017digart | Avtor: Profimedia\" class=\"rwd\" data-href=\"https:\/\/www.zurnal24.si\/media\/img\/ae\/3b\/b6823b35eb3bd31ef14d.jpeg\" itemprop=\"image\" src=\"\/media\/img\/ce\/d7\/1393cfb4d9cd4f784914.jpeg\"\/><\/p>\n<p>                Profimedia<\/p>\n<p>Po besedah belgijskega funkcionarja kolesa niso razstavljali ali kakorkoli posegali vanj, \u010deprav so\u00a0jih kar po\u0161teno\u00a0srbeli prsti. &#8220;Kolikor vem, niso bili dale\u010d od tega,&#8221; je dejal.<\/p>\n<p>Ugotovitve so bile razmeroma skope, \u0161e najbolj jih je presenetil Poga\u010darjev polo\u017eaj. &#8220;Opazili so, da je bil sede\u017e pomaknjen nazaj. Glede na gonilno os je delovalo, da Poga\u010dar sedi precej naprej,&#8221; je \u0161e pojasnil Belgijec in nenavadno prigodo za\u010dinil s \u0161alo: &#8220;In \u010de po tolikih zmagah morda \u0161e koga zanima, na\u0161 pregled ni odkril motorja na kolesu.&#8221;<\/p>\n<p>&#8220;Poga\u010darja ne poznam&#8221;<\/p>\n<p>\u010ceprav so se njune poti v preteklosti \u017ee kri\u017eale, je poznanstvo med Leveferejem in Poga\u010darjem zgolj povr\u0161insko. &#8220;Nikoli v \u017eivljenju se nisem pogovarjal z njim. Ne morem re\u010di, da ga poznam. Nekajkrat sem ga videl stran od kamer in vedno mi je deloval kot povsem preprost\u00a0fant, ki bi bil zlahka lahko va\u0161 sosed.&#8221;<\/p>\n<p>Poga\u010dar in \u017digartova sta skupne trenutke ve\u010dkrat pre\u017eivljala\u00a0hotelski avli. &#8220;\u010ce ne spremlja\u0161 kolesarstva, ne bi nikoli uganil, da je fant s kapuco najbolj\u0161i kolesar na svetu,&#8221; \u0161e pravi Lefevere in dodaja, da je kljub vsej svoji dominanci Poga\u010dar \u0161e vedno zelo v\u0161e\u010den \u010dlovek. &#8220;Naj se \u0161e tako trudim, a tudi po 130 zmagah mi je Poga\u010dar \u0161e vedno v\u0161e\u010d. Lahko bi rekli, da zelo dobro skrbi za svojo javno podobo, a ta deluje, ker v resnici ni samo PR.&#8221;<\/p>\n<p><img decoding=\"async\" alt=\"Poga\u010dar | Avtor: Profimedia\" class=\"rwd\" data-href=\"https:\/\/www.zurnal24.si\/media\/img\/d6\/a5\/f3da7e5f04262809696a.jpeg\" itemprop=\"image\" src=\"\/media\/img\/84\/58\/7aa55a06ad5fc79120d0.jpeg\"\/><\/p>\n<p>                Profimedia<\/p>\n<p><a href=\"https:\/\/styria-media.si\/\" rel=\"nofollow noopener\" target=\"_blank\">dezurni@styria-media.si<\/a><\/p>\n","protected":false},"excerpt":{"rendered":"Ni\u010d hudega slute\u010di Tadej Poga\u010dar je svoje kolo zaupal v hrambo tekmecem, ti pa so prilo\u017enost nemudoma izkoristili&hellip;\n","protected":false},"author":2,"featured_media":209869,"comment_status":"","ping_status":"","sticky":false,"template":"","format":"standard","meta":{"footnotes":"","_share_on_mastodon":"0"},"categories":[16],"tags":[2735,33211,13662,44848,62,37,58,60,38,94,93,1874,2878],"class_list":["post-209868","post","type-post","status-publish","format-standard","has-post-thumbnail","category-sport","tag-analiza","tag-colnago","tag-kolo","tag-patrick-lefevere","tag-si","tag-slovene","tag-slovenia","tag-slovenija","tag-slovenscina","tag-sport","tag-sports","tag-tadej-pogacar","tag-urska-zigart"],"share_on_mastodon":{"url":"https:\/\/pubeurope.com\/@si\/117189311933626814","error":""},"_links":{"self":[{"href":"https:\/\/www.europesays.com\/si\/wp-json\/wp\/v2\/posts\/209868","targetHints":{"allow":["GET"]}}],"collection":[{"href":"https:\/\/www.europesays.com\/si\/wp-json\/wp\/v2\/posts"}],"about":[{"href":"https:\/\/www.europesays.com\/si\/wp-json\/wp\/v2\/types\/post"}],"author":[{"embeddable":true,"href":"https:\/\/www.europesays.com\/si\/wp-json\/wp\/v2\/users\/2"}],"replies":[{"embeddable":true,"href":"https:\/\/www.europesays.com\/si\/wp-json\/wp\/v2\/comments?post=209868"}],"version-history":[{"count":0,"href":"https:\/\/www.europesays.com\/si\/wp-json\/wp\/v2\/posts\/209868\/revisions"}],"wp:featuredmedia":[{"embeddable":true,"href":"https:\/\/www.europesays.com\/si\/wp-json\/wp\/v2\/media\/209869"}],"wp:attachment":[{"href":"https:\/\/www.europesays.com\/si\/wp-json\/wp\/v2\/media?parent=209868"}],"wp:term":[{"taxonomy":"category","embeddable":true,"href":"https:\/\/www.europesays.com\/si\/wp-json\/wp\/v2\/categories?post=209868"},{"taxonomy":"post_tag","embeddable":true,"href":"https:\/\/www.europesays.com\/si\/wp-json\/wp\/v2\/tags?post=209868"}],"curies":[{"name":"wp","href":"https:\/\/api.w.org\/{rel}","templated":true}]}}