{"id":209904,"date":"2026-08-31T09:25:13","date_gmt":"2026-08-31T09:25:13","guid":{"rendered":"https:\/\/www.europesays.com\/si\/209904\/"},"modified":"2026-08-31T09:25:13","modified_gmt":"2026-08-31T09:25:13","slug":"zakaj-se-zacenja-kazenski-postopek-proti-robertu-golobu","status":"publish","type":"post","link":"https:\/\/www.europesays.com\/si\/209904\/","title":{"rendered":"Zakaj se za\u010denja kazenski postopek proti Robertu Golobu?"},"content":{"rendered":"<p>Zdaj bodo o tem, ali mu priznati imuniteto v zadevi Bobnar, odlo\u010dali poslanci.<\/p>\n<p>Specializirano dr\u017eavno to\u017eilstvo je predsednika dr\u017eavnega zbora Zorana Stevanovi\u0107a obvestilo, da so izpolnjeni vsi pogoji za za\u010detek kazenskega postopka proti\u00a0Robertu\u00a0Golobu. \u010ce bodo to dopustili poslanci, ga\u00a0bodo preiskovali\u00a0zaradi nedovoljenega dajanja daril, ki naj bi ga storil \u0161e v \u010dasu, ko je bil predsednik vlade.<\/p>\n<p>Gre za pogojevanje nadaljnjega opravljanja ministrske funkcije v zameno za to, da bi iz policije o\u010distili t. i. jan\u0161iste, kar je ponujal tedanji notranji\u00a0ministrici\u00a0Tatjani Bobnar. Kot je znano, je oktobra lani\u00a0specializirano dr\u017eavno to\u017eilstvo na ljubljansko okro\u017eno sodi\u0161\u010de v tej zadevi <a href=\"https:\/\/info360.si\/politika\/razkrivamo-v-rokah-katere-sodnice-je-politicna-usoda-roberta-goloba\/\" target=\"_blank\" rel=\"nofollow noopener\">vlo\u017eilo zahtevo za sodno preiskavo<\/a>. Po na\u0161ih informacijah ima to\u017eilstvo v rokah trdne listinske dokaze, torej primer ne temelji zgolj na sporo\u010dilih SMS, kot je \u017eelela prikazati Golobova obramba.<\/p>\n<p>  <a class=\"se-card__wrap se-card--link\" href=\"https:\/\/info360.si\/aktualno\/se-je-golob-v-zadevi-bobnar-ze-zagovarjal-na-sodiscu\/\" rel=\"nofollow noopener\" target=\"_blank\"><\/p>\n<p>        <img decoding=\"async\" class=\"se-image se-image--card\" src=\"https:\/\/www.europesays.com\/si\/wp-content\/uploads\/2026\/08\/H-golob-400.webp\" alt=\"Robert Golob, predsednik vlade\"\/><\/p>\n<p>  <\/a><\/p>\n<p>       <a class=\"se-card__wrap se-card--link\" href=\"https:\/\/info360.si\/aktualno\/se-je-golob-v-zadevi-bobnar-ze-zagovarjal-na-sodiscu\/\" rel=\"nofollow noopener\" target=\"_blank\"><\/p>\n<p>Se je Golob v zadevi Bobnar \u017ee zagovarjal na sodi\u0161\u010du?<\/p>\n<p>    <\/a><\/p>\n<p>Po Stevanovi\u0107evih besedah\u00a0je pristojni organ v skladu z ustavo, zakonom o kazenskem postopku in\u00a0zakonom o poslancih zahteval\u00a0odlo\u010ditev dr\u017eavnega zbora kot pogoj za za\u010detek kazenskega postopka.<\/p>\n<p class=\"SEClass1\">&#8220;V skladu s pravilniki, zakonom, ustavo sem takoj obvestil poslanca gospoda Goloba, poslansko skupino Svoboda in mandatno volilno komisijo, ki bo zadevo obravnavala na zaprti seji ter dr\u017eavnemu zboru predlagala odlo\u010ditev o tem, ali naj se imuniteta prizna ali ne ter s tem posledi\u010dno dovoli za\u010detek kazenskega postopka. Samo na tak na\u010din ravnamo zakonito, obenem pa omogo\u010damo neovirano in neodvisno delo tako to\u017eilstvu kot sodstvu.&#8221;\u00a0<\/p>\n<p>Premierov zastopnik Stojan Zdol\u0161ek je za STA potrdil, da gre za zadevo Bobnar, vendar konkretnih o\u010ditkov \u0161e ne pozna. Golob pa se ne bo skliceval na poslansko imuniteto, je napovedal.<\/p>\n<p>Za odziv smo prosili nekdanjo ministrico Bobnar, vendar zadeve ne \u017eeli komentirati.<\/p>\n<p>Lindav: Jan\u0161a in Golob s policijo po\u010dela\u00a0enako<\/p>\n<p>Zgovornej\u0161i je bil Bo\u0161tjan Lindav, nekdanji vr\u0161ilec dol\u017enosti generalnega\u00a0direktorja policije, na katerega je Golob prav tako vr\u0161il politi\u010dni pritisk:<\/p>\n<p class=\"SEClass1\">&#8220;Skozi fazo postopka, ki se preve\u0161a v drugo polovico, se je jasno izkazalo, da sva s Tatjano Bobnar vseskozi govorila resnico in da je politi\u010dna opcija, ki je vladala prej (koalicija Roberta Goloba, op.p.), s policijo po\u010dela enako, kot njena predhodnica v \u010dasu tretje vlade Janeza Jan\u0161e. Upam\u00a0\u0161e, da bo leva sredina zdaj po tej odlo\u010ditvi specializiranega dr\u017eavnega to\u017eilstva enako enotno, kot je januarja\u00a02025, potrdila vmesno poro\u010dilo parlamentarne preiskovalne komisije pod vodstvom Ale\u0161a Rezarja (Gibanje Svoboda), in odlo\u010dno obsodila tudi Golobovo ravnanje.&#8221;<\/p>\n<p>Spomnimo, dr\u017eavni zbor je takrat potrdil vmesno poro\u010dilo preiskovalne komisije, ki je ugotovila, da potrebe po zasli\u0161anju Goloba ni in da je treba pri\u010di preiskovalke, Tatjano Bobnar in Bo\u0161tjana Lindava, kazensko ovaditi. Oba sta bila pred preiskovalko vabljena v vlogi pri\u010d, preiskovalna komisija pa je bila uporabljena za obra\u010dun z njima in njuno diskreditacijo.<\/p>\n<p>&#8220;Prav\u00a0v tem primeru se je pokazalo, da je leva koalicija prav tako zlorabljala preiskovalno komisijo kot njeni predhodniki in kako pristransko je bilo njeno delovanje, ki je bilo namenjeno kaznovanju mene osebno in Tatjane Bobnar,&#8221; sklene Lindav.\u00a0<\/p>\n<p>  <a class=\"se-card__wrap se-card--link\" href=\"https:\/\/info360.si\/aktualno\/kpk-presodila-v-zadevi-bobnar-golob-krsil-integriteto\/\" rel=\"nofollow noopener\" target=\"_blank\"><\/p>\n<p>        <img decoding=\"async\" class=\"se-image se-image--card\" src=\"https:\/\/www.europesays.com\/si\/wp-content\/uploads\/2026\/08\/1788168313_930_H-golob-400.webp\" alt=\"Robert Golob, predsednik vlade\"\/><\/p>\n<p>  <\/a><\/p>\n<p>       <a class=\"se-card__wrap se-card--link\" href=\"https:\/\/info360.si\/aktualno\/kpk-presodila-v-zadevi-bobnar-golob-krsil-integriteto\/\" rel=\"nofollow noopener\" target=\"_blank\"><\/p>\n<p>KPK presodila v zadevi Bobnar: Golob kr\u0161il integriteto!<\/p>\n<p>    <\/a><\/p>\n<p>Kak\u0161ne so sankcije za nedovoljeno dajanje daril?<\/p>\n<p>Tedanji premier Golob je o\u010ditke, da je vr\u0161il politi\u010dne pritiske na Bobnar in Lindava, kot sta sama ve\u010dkrat javno povedala, zavrnil. Dejal je, da\u00a0gre za besedo proti besedi. Medtem ko ga specializirano dr\u017eavno to\u017eilstvo sumi, da naj bi storil\u00a0kaznivo dejanje nedovoljenega dajanja daril za nezakonito posredovanje.\u00a0Nedovoljeno dajanje daril kazenski\u00a0zakonik opredeljuje tako:<\/p>\n<p class=\"SEClass2\">(1)\u00a0Kdor osebi, ki opravlja gospodarsko dejavnost, obljubi, ponudi ali da nedovoljeno nagrado, darilo ali kak\u0161no drugo korist zanjo ali za koga drugega, da bi sebi ali komu drugemu pridobil kak\u0161no neupravi\u010deno ugodnost pri pridobitvi ali ohranitvi posla ali druge nedovoljene koristi, se kaznuje z zaporom od \u0161estih mesecev do \u0161estih let in denarno kaznijo. (2)\u00a0Kdor osebi, ki opravlja gospodarsko dejavnost, obljubi, ponudi ali da nedovoljeno nagrado, darilo ali kak\u0161no drugo korist zanjo ali za koga drugega kot protiuslugo za pridobitev ali ohranitev posla ali druge koristi, se kaznuje z zaporom do \u0161tirih let in denarno kaznijo.<\/p>\n<p>Po korakih\u00a0kazenskega postopka\u00a0<\/p>\n<p>Oktobra lani je\u00a0specializirano dr\u017eavno to\u017eilstvo na ljubljansko okro\u017eno sodi\u0161\u010de vlo\u017eilo zahtevo za sodno preiskavo zoper Goloba zaradi kaznivega dejanja dajanja daril. O\u010ditali so mu domnevno vme\u0161avanje v delo policije. Sodi\u0161\u010de mora zdaj\u00a0odlo\u010diti \u0161e o uvedbi sodne preiskave.<\/p>\n<p>\u010ce bi tak sklep sprejelo, bi se s tem za\u010del kazenski postopek.<\/p>\n<p>A \u0161e pred tem mora dr\u017eavni zbor\u00a0odlo\u010diti o Golobovi imuniteti. Na sklep o uvedbi preiskave bo sicer mo\u017ena prito\u017eba.<\/p>\n<p>Poslanska imuniteta omogo\u010da:<\/p>\n<p class=\"SEClass2\">Poslanec\u00a0ni kazensko odgovoren za mnenje ali glas, ki ga je izrekel na sejah dr\u017eavnega zbora. Poslanec ne sme biti priprt niti se zoper njega, \u010de se sklicuje na imuniteto, ne sme za\u010deti kazenski postopek brez dovoljenja dr\u017eavnega zbora, razen \u010de je bil zaloten pri kaznivem dejanju, za katero je predpisana kazen zapora nad pet let. Dr\u017eavni zbor lahko prizna imuniteto tudi poslancu, ki se nanjo ni skliceval ali ki je bil zaloten pri kaznivem dejanju iz prej\u0161njega odstavka<\/p>\n","protected":false},"excerpt":{"rendered":"Zdaj bodo o tem, ali mu priznati imuniteto v zadevi Bobnar, odlo\u010dali poslanci. Specializirano dr\u017eavno to\u017eilstvo je predsednika&hellip;\n","protected":false},"author":2,"featured_media":209905,"comment_status":"","ping_status":"","sticky":false,"template":"","format":"standard","meta":{"footnotes":"","_share_on_mastodon":"0"},"categories":[20],"tags":[32,35,31,34,36,76,50,37,38,3802,33],"class_list":["post-209904","post","type-post","status-publish","format-standard","has-post-thumbnail","category-novice","tag-headlines","tag-najpomembnejse-novice","tag-news","tag-novice","tag-osrednje-novice","tag-preiskava","tag-robert-golob","tag-slovene","tag-slovenscina","tag-specializirano-drzavno-tozilstvo","tag-top-stories"],"share_on_mastodon":{"url":"https:\/\/pubeurope.com\/@si\/117189406043786748","error":""},"_links":{"self":[{"href":"https:\/\/www.europesays.com\/si\/wp-json\/wp\/v2\/posts\/209904","targetHints":{"allow":["GET"]}}],"collection":[{"href":"https:\/\/www.europesays.com\/si\/wp-json\/wp\/v2\/posts"}],"about":[{"href":"https:\/\/www.europesays.com\/si\/wp-json\/wp\/v2\/types\/post"}],"author":[{"embeddable":true,"href":"https:\/\/www.europesays.com\/si\/wp-json\/wp\/v2\/users\/2"}],"replies":[{"embeddable":true,"href":"https:\/\/www.europesays.com\/si\/wp-json\/wp\/v2\/comments?post=209904"}],"version-history":[{"count":0,"href":"https:\/\/www.europesays.com\/si\/wp-json\/wp\/v2\/posts\/209904\/revisions"}],"wp:featuredmedia":[{"embeddable":true,"href":"https:\/\/www.europesays.com\/si\/wp-json\/wp\/v2\/media\/209905"}],"wp:attachment":[{"href":"https:\/\/www.europesays.com\/si\/wp-json\/wp\/v2\/media?parent=209904"}],"wp:term":[{"taxonomy":"category","embeddable":true,"href":"https:\/\/www.europesays.com\/si\/wp-json\/wp\/v2\/categories?post=209904"},{"taxonomy":"post_tag","embeddable":true,"href":"https:\/\/www.europesays.com\/si\/wp-json\/wp\/v2\/tags?post=209904"}],"curies":[{"name":"wp","href":"https:\/\/api.w.org\/{rel}","templated":true}]}}