{"id":209990,"date":"2026-08-31T10:48:15","date_gmt":"2026-08-31T10:48:15","guid":{"rendered":"https:\/\/www.europesays.com\/si\/209990\/"},"modified":"2026-08-31T10:48:15","modified_gmt":"2026-08-31T10:48:15","slug":"prehitri-motorist-padel-v-strugo-kokre-z-njim-je-hudo","status":"publish","type":"post","link":"https:\/\/www.europesays.com\/si\/209990\/","title":{"rendered":"Prehitri motorist padel v strugo Kokre, z njim je hudo"},"content":{"rendered":"<p>V nedeljo ob 14.44 je na regionalni cesti, ki povezuje Preddvor in Zgornje Jezersko voznik motornega kolesa zapeljal v strugo reke Kokre in v njem oble\u017eal hudo po\u0161kodovan, so zapisali na spletni strani Uprave Republike Slovenije za za\u0161\u010dito in re\u0161evanje. Na kraju so mu prvo pomo\u010d nudili re\u0161evalci NMP Kranj v sodelovanju z gasilci GARS Kranj, ki so zavarovali kraj nesre\u010de, na motornem kolesu\u00a0odklopili akumulator, prepre\u010dili iztekanje motornih teko\u010din in \u017ee iztekle nevtralizirali. Re\u0161evalni ekipi\u00a0sta po\u0161kodovanega motorista oskrbeli, imobilizirali in ga pripravili za helikopterski transport, de\u017eurna ekipa Gorske re\u0161evalne slu\u017ebe Brnik pa ga je s helikopterjem nato prepeljala v ljubljanski klini\u010dni center.<\/p>\n<p>O prometni nesre\u010di so bili obve\u0161\u010deni tudi policisti Policijske uprave (PU) Kranj, tamkaj\u0161nji tiskovni predstavnik Roland Braji\u010d pa je danes sporo\u010dil podrobnosti nesre\u010de: \u00bbPolicisti PU Kranj so obravnavali\u00a0padec 53-letnega motorista, dr\u017eavljana Avstrije, ki je vozil v skupini ve\u010d motoristov iz smeri Preddvora proti Zgornjem\u00a0Jezerskem. Po doslej znanih podatkih je zaradi neprilagojene hitrosti zapeljal desno in z motorjem tr\u010dil v robnik plo\u010dnika, padel z motornega kolesa in tr\u010dil v drog javne razsvetljave ter se ustavil v strugi reke Kokre pod nivojem vozi\u0161\u010da.\u00ab\u00a0Policisti zoper voznika motornega kolesa vodijo prekr\u0161kovni postopek.<\/p>\n","protected":false},"excerpt":{"rendered":"V nedeljo ob 14.44 je na regionalni cesti, ki povezuje Preddvor in Zgornje Jezersko voznik motornega kolesa zapeljal&hellip;\n","protected":false},"author":2,"featured_media":209991,"comment_status":"","ping_status":"","sticky":false,"template":"","format":"standard","meta":{"footnotes":"","_share_on_mastodon":"0"},"categories":[6],"tags":[7960,299,326,296,215,268,59,61,62,37,58,60,38],"class_list":["post-209990","post","type-post","status-publish","format-standard","has-post-thumbnail","category-slovenija","tag-motorist","tag-padec","tag-policija","tag-poskodbe","tag-prometna-nesreca","tag-pu-kranj","tag-republic-of-slovenia","tag-republika-slovenija","tag-si","tag-slovene","tag-slovenia","tag-slovenija","tag-slovenscina"],"share_on_mastodon":{"url":"https:\/\/pubeurope.com\/@si\/117189732383174539","error":""},"_links":{"self":[{"href":"https:\/\/www.europesays.com\/si\/wp-json\/wp\/v2\/posts\/209990","targetHints":{"allow":["GET"]}}],"collection":[{"href":"https:\/\/www.europesays.com\/si\/wp-json\/wp\/v2\/posts"}],"about":[{"href":"https:\/\/www.europesays.com\/si\/wp-json\/wp\/v2\/types\/post"}],"author":[{"embeddable":true,"href":"https:\/\/www.europesays.com\/si\/wp-json\/wp\/v2\/users\/2"}],"replies":[{"embeddable":true,"href":"https:\/\/www.europesays.com\/si\/wp-json\/wp\/v2\/comments?post=209990"}],"version-history":[{"count":0,"href":"https:\/\/www.europesays.com\/si\/wp-json\/wp\/v2\/posts\/209990\/revisions"}],"wp:featuredmedia":[{"embeddable":true,"href":"https:\/\/www.europesays.com\/si\/wp-json\/wp\/v2\/media\/209991"}],"wp:attachment":[{"href":"https:\/\/www.europesays.com\/si\/wp-json\/wp\/v2\/media?parent=209990"}],"wp:term":[{"taxonomy":"category","embeddable":true,"href":"https:\/\/www.europesays.com\/si\/wp-json\/wp\/v2\/categories?post=209990"},{"taxonomy":"post_tag","embeddable":true,"href":"https:\/\/www.europesays.com\/si\/wp-json\/wp\/v2\/tags?post=209990"}],"curies":[{"name":"wp","href":"https:\/\/api.w.org\/{rel}","templated":true}]}}