{"id":210060,"date":"2026-08-31T11:58:23","date_gmt":"2026-08-31T11:58:23","guid":{"rendered":"https:\/\/www.europesays.com\/si\/210060\/"},"modified":"2026-08-31T11:58:23","modified_gmt":"2026-08-31T11:58:23","slug":"veliko-veselje-v-trebnjem-prvic-so-osvojili-slovenski-superpokal","status":"publish","type":"post","link":"https:\/\/www.europesays.com\/si\/210060\/","title":{"rendered":"Veliko veselje v Trebnjem, prvi\u010d so osvojili slovenski superpokal"},"content":{"rendered":"<p>Rokometa\u0161i Trima iz Trebnjega so zmagovalci slovenskega superpokala, potem ko so v dvorani Zlatorog po izvajanju sedemmetrovk premagali Celje Pivovarno La\u0161ko s 34:32 (30:30, 18:17). Zasedba iz Trebnjega je prvi\u010d slavila v tradicionalnem uvodu v rokometno sezono, ki je na sporedu od leta 2007.<\/p>\n<p>V kne\u017ejem mestu je ugnala dr\u017eavne in pokalne prvake iz minule sezone iz Celja, ki so doslej osemkrat slavili v superpokalu. \u0160tiri tovrstne naslove je osvojilo Gorenje Velenje, po enkrat pa so poleg Trima Trebnjega zmagali tudi LL Grosist Slovan, Krka in Cimos Koper. Izbranci doma\u010dega trenerja Klemena Luzarja so tekmo odprli s 3:0.<\/p>\n<p>Trebanjci so hitro ujeli priklju\u010dek in se pribli\u017eali na gol zaostanka. V 15. minuti so izena\u010dili na 8:8, dve minuti kasneje pa prvi\u010d povedli na dvoboju (11:10). V 20. minuti je Filip Baznik po udarcu v glavo Alju\u0161a An\u017ei\u010da prejel rde\u010di karton. V naslednjih dveh minutah je Celjanom uspela sijajna serija 4:0, po njej so si priigrali \u0161tiri gole prednosti (15:11).<\/p>\n<p>Trebanjci so bili odli\u010dni<\/p>\n<p>A Trebanjci so pokazali zobe, v 26. minuti so zadihali za ovratnik gostiteljem (15:16), v 28. minuti izena\u010dili na 17:17, tik pred odhodom na veliki odmor pa po golu Timoteja Grm\u0161ka povedli z 18:17. An\u017ei\u0107 iz preventivnih razlogov v nadaljevanju ni ve\u010d stopil na igri\u0161\u010de, Celjani pa v odsotnosti svojega prvega mo\u017ea sprva niso bili konkuren\u010dni tekmecem z Dolenjske.<\/p>\n<p>Ti so si v 35. minuti priigrali \u0161tiri gole prednosti (21:17), a nato izgubili rde\u010do nit v svoji igri, kar so Celjani izkoristili. V 43. minuti so po golu Uro\u0161a Mili\u0107evi\u0107a izena\u010dili na 22:22, \u0161est minuti kasneje pa sta Jesus Hurtado Vergara in Mili\u0107evi\u0107 zadela za vodstvo 26:24 in gostujo\u010dega trenerja Branka Tam\u0161eta prisilila, da je zahteval minuto odmora. Celjani so v prelomnih trenutkih dvoboja zaigrali bledo.<\/p>\n<p>Po vodstvu 28:25 so med 53. in 56. minuto gostom dovolili, da so naredili delni izid 4:1 in izena\u010dili na 29:29. V sami kon\u010dnici je bilo izjemno napeto, nobena ekipa pa v rednem delu ni dosegla zmagovitega gola. V rokometni loteriji so bili bolj zbrani Trebanjci in osvojili prvo lovoriko v sezoni 2026\/27.<\/p>\n<p>Pri Celjanih sta bila v rednem delu naju\u010dinkovitej\u0161a \u017diga Mlakar s sedmimi in Jaka Sor\u0161ak s petimi goli, Andra\u017e Stani\u010d pa je za Trebanjce dosegel sedem zadetkov. Na dana\u0161nji \u017eenski superpokalni tekmi so rokometa\u0161ice Krima OTP Groupa Mercatorja premagale Mlinotest Ajdov\u0161\u010dino s 45:28.<\/p>\n","protected":false},"excerpt":{"rendered":"Rokometa\u0161i Trima iz Trebnjega so zmagovalci slovenskega superpokala, potem ko so v dvorani Zlatorog po izvajanju sedemmetrovk premagali&hellip;\n","protected":false},"author":2,"featured_media":210061,"comment_status":"","ping_status":"","sticky":false,"template":"","format":"standard","meta":{"footnotes":"","_share_on_mastodon":"0"},"categories":[23],"tags":[162,466,18438,301,62,37,58,60,38,47759,9893,15419],"class_list":["post-210060","post","type-post","status-publish","format-standard","has-post-thumbnail","category-celje","tag-celje","tag-celje-pivovarna-lasko","tag-gorenje-velenje","tag-rokomet","tag-si","tag-slovene","tag-slovenia","tag-slovenija","tag-slovenscina","tag-superpokal","tag-trebnje","tag-trimo-trebnje"],"share_on_mastodon":{"url":"https:\/\/pubeurope.com\/@si\/117190007571847098","error":""},"_links":{"self":[{"href":"https:\/\/www.europesays.com\/si\/wp-json\/wp\/v2\/posts\/210060","targetHints":{"allow":["GET"]}}],"collection":[{"href":"https:\/\/www.europesays.com\/si\/wp-json\/wp\/v2\/posts"}],"about":[{"href":"https:\/\/www.europesays.com\/si\/wp-json\/wp\/v2\/types\/post"}],"author":[{"embeddable":true,"href":"https:\/\/www.europesays.com\/si\/wp-json\/wp\/v2\/users\/2"}],"replies":[{"embeddable":true,"href":"https:\/\/www.europesays.com\/si\/wp-json\/wp\/v2\/comments?post=210060"}],"version-history":[{"count":0,"href":"https:\/\/www.europesays.com\/si\/wp-json\/wp\/v2\/posts\/210060\/revisions"}],"wp:featuredmedia":[{"embeddable":true,"href":"https:\/\/www.europesays.com\/si\/wp-json\/wp\/v2\/media\/210061"}],"wp:attachment":[{"href":"https:\/\/www.europesays.com\/si\/wp-json\/wp\/v2\/media?parent=210060"}],"wp:term":[{"taxonomy":"category","embeddable":true,"href":"https:\/\/www.europesays.com\/si\/wp-json\/wp\/v2\/categories?post=210060"},{"taxonomy":"post_tag","embeddable":true,"href":"https:\/\/www.europesays.com\/si\/wp-json\/wp\/v2\/tags?post=210060"}],"curies":[{"name":"wp","href":"https:\/\/api.w.org\/{rel}","templated":true}]}}