{"id":210142,"date":"2026-08-31T12:52:11","date_gmt":"2026-08-31T12:52:11","guid":{"rendered":"https:\/\/www.europesays.com\/si\/210142\/"},"modified":"2026-08-31T12:52:11","modified_gmt":"2026-08-31T12:52:11","slug":"se-putin-boji-za-svoje-zivljenje-obesili-me-bodo","status":"publish","type":"post","link":"https:\/\/www.europesays.com\/si\/210142\/","title":{"rendered":"Se Putin boji za svoje \u017eivljenje? \u201cObesili me bodo!\u201d"},"content":{"rendered":"<p style=\"text-align: justify;\">Ruski predsednik Vladimir Putin se je po navedbah neimenovanega vira v reviji The Economist zna\u0161el v slepi ulici, a se boji pokazati \u0161ibkost. Po tednih razmisleka poleti naj bi se odlo\u010dil, da vojne ne bo umiril, temve\u010d znova dvignil stave.<\/p>\n<p>Po poro\u010danju The Economista Putin meni, da bi kon\u010danje vojne brez zavzetja celotnega Donbasa ogrozilo ne le njegovo oblast, ampak tudi \u017eivljenje. Eden od insiderjev je reviji povedal, da je Putin sodelavcem dejal: \u201cObesili me bodo.\u201d<\/p>\n<p> Oglejte si \u0161e: <a href=\"https:\/\/nova24tv.si\/ko-ruske-povezave-podrejo-vlade-in-unicijo-politicne-kariere\/\" rel=\"nofollow noopener\" target=\"_blank\">Ko ruske povezave podrejo vlade in uni\u010dijo politi\u010dne kariere<\/a><\/p>\n<p style=\"text-align: justify;\">Glavni problem Kremlja ostaja pomanjkanje oprijemljivih rezultatov kljub ogromnim izgubam. Vojna se vle\u010de, ukrajinski droni vse globlje prodirajo na rusko ozemlje, ob\u010dutek normalnega \u017eivljenja v Rusiji pa postopoma izginja. Nezadovoljstvo raste med prebivalstvom, med elitami pa je razpolo\u017eenje \u0161e temnej\u0161e.<\/p>\n<p><img fetchpriority=\"high\" decoding=\"async\" class=\"wp-image-955938\" src=\"https:\/\/www.europesays.com\/si\/wp-content\/uploads\/2026\/08\/12888789-400x266.jpg.webp\" alt=\"\" width=\"1129\" height=\"751\"  \/>Foto: epa<\/p>\n<p style=\"text-align: justify;\">Kremelj naj bi zato lahko hkrati deloval na ve\u010d frontah: okrepil napade na Ukrajino, raz\u0161iril sabota\u017ee in hibridno vojskovanje proti Evropi ter na fronto poslal dodatnih 300.000 do 400.000 vojakov, ne da bi formalno razglasil novo mobilizacijo. Economist ocenjuje, da Putin ne razume, da eskalacija ne bo re\u0161ila nobene njegove te\u017eave. Nasprotno: pove\u010dala bo ceno vojne in bi lahko sistem \u0161e dodatno destabilizirala.<\/p>\n<p style=\"text-align: justify;\">C. \u0160.<\/p>\n","protected":false},"excerpt":{"rendered":"Ruski predsednik Vladimir Putin se je po navedbah neimenovanega vira v reviji The Economist zna\u0161el v slepi ulici,&hellip;\n","protected":false},"author":2,"featured_media":210143,"comment_status":"","ping_status":"","sticky":false,"template":"","format":"standard","meta":{"footnotes":"","_share_on_mastodon":"0"},"categories":[8],"tags":[421,37,60,38,64,757,882,63],"class_list":["post-210142","post","type-post","status-publish","format-standard","has-post-thumbnail","category-svet","tag-rusija","tag-slovene","tag-slovenija","tag-slovenscina","tag-svet","tag-vladimir-putin","tag-vojna","tag-world"],"share_on_mastodon":{"url":"https:\/\/pubeurope.com\/@si\/117190219991016562","error":""},"_links":{"self":[{"href":"https:\/\/www.europesays.com\/si\/wp-json\/wp\/v2\/posts\/210142","targetHints":{"allow":["GET"]}}],"collection":[{"href":"https:\/\/www.europesays.com\/si\/wp-json\/wp\/v2\/posts"}],"about":[{"href":"https:\/\/www.europesays.com\/si\/wp-json\/wp\/v2\/types\/post"}],"author":[{"embeddable":true,"href":"https:\/\/www.europesays.com\/si\/wp-json\/wp\/v2\/users\/2"}],"replies":[{"embeddable":true,"href":"https:\/\/www.europesays.com\/si\/wp-json\/wp\/v2\/comments?post=210142"}],"version-history":[{"count":0,"href":"https:\/\/www.europesays.com\/si\/wp-json\/wp\/v2\/posts\/210142\/revisions"}],"wp:featuredmedia":[{"embeddable":true,"href":"https:\/\/www.europesays.com\/si\/wp-json\/wp\/v2\/media\/210143"}],"wp:attachment":[{"href":"https:\/\/www.europesays.com\/si\/wp-json\/wp\/v2\/media?parent=210142"}],"wp:term":[{"taxonomy":"category","embeddable":true,"href":"https:\/\/www.europesays.com\/si\/wp-json\/wp\/v2\/categories?post=210142"},{"taxonomy":"post_tag","embeddable":true,"href":"https:\/\/www.europesays.com\/si\/wp-json\/wp\/v2\/tags?post=210142"}],"curies":[{"name":"wp","href":"https:\/\/api.w.org\/{rel}","templated":true}]}}