{"id":210184,"date":"2026-08-31T13:23:16","date_gmt":"2026-08-31T13:23:16","guid":{"rendered":"https:\/\/www.europesays.com\/si\/210184\/"},"modified":"2026-08-31T13:23:16","modified_gmt":"2026-08-31T13:23:16","slug":"lado-bizovicar-resno-mogoce-tega-ne-bi-smel-povedati","status":"publish","type":"post","link":"https:\/\/www.europesays.com\/si\/210184\/","title":{"rendered":"Lado Bizovi\u010dar resno: \u00bbMogo\u010de tega ne bi smel povedati \u2026\u00ab"},"content":{"rendered":"<p>ZAUPANJA VREDEN VIR<\/p>\n<p class=\"tdm-descr td-fix-index\">Smo se izkazali kot zaupanja vreden vir informacij? Dodajte nas na googlu<\/p>\n<p>Lado Bizovi\u010dar, eden od \u017eirantov Slovenija ima talent, se je javno oglasil in razkril, kaj se dogaja.<\/p>\n<p>Priljubljeni slovenski <a href=\"https:\/\/top24novice.si\/?s=lado+bizovi%C4%8Dar\" target=\"_blank\" rel=\"noopener nofollow\">voditelj in komik<\/a> Lado Bizovi\u010dar pripravlja novo predstavo. Ob tej prilo\u017enosti pa je s svojimi spletnimi prijatelji delil nekaj podrobnosti. Povedal je, da se je med njegovimi predstavami dogajalo marsikaj.<\/p>\n<p><img fetchpriority=\"high\" decoding=\"async\" class=\"wp-image-39316 size-full\" src=\"https:\/\/www.europesays.com\/si\/wp-content\/uploads\/2026\/08\/Lado_Bizovicar.png\" alt=\"Odkrijte skrito stran Lada Bizovi\u010darja. Od za\u010detkov v breakdanceu do razprodanih Sto\u017eic \u2013 spoznajte perfekcionista, ki svojo zasebnost varuje pred vsemi.\" width=\"1400\" height=\"1400\"  \/>foto: Facebook<\/p>\n<p>\u00bbRecimo, na temu odru sem jaz enkrat pozabil tekst na odru,\u00ab je povedal in pokazal, kje to\u010dno je stal. Nato pa \u0161e enkrat poudaril, da se je res zgodilo, da je pozabil tekst. \u00bbNoben ni opazil, ker sem dobro \u2018sfural\u2019,\u00ab je dodal.<\/p>\n<p>\u00bb\u010ce bi te deske lahko govorile, ali pa garderobe zadaj \u2026 Kaj bi to vse izvedeli,\u00ab je v smehu priznal Bizovi\u010dar. Dodal: \u00bbKaj vse smo tam po\u010deli, ljudje. Sicer tega ni\u010d ne smem povedat, ker mogo\u010de res to ni najbolj kul, ampak \u2026 V glavnem, ful enih zgodb. Ful enih lepih spominov \u2026\u00ab<\/p>\n<p>Nato je \u017ee za\u010del z eno zgodbo, pa si je premislil in dejal: \u00bbAha, tega mogo\u010de tudi ni dobro, da povem. Pa enkrat smo bili v Mariboru, no to, tudi ni dobro, da povem \u2026\u00ab Nato pa zaklju\u010dil, da samo zato dela novo predstavo. Da bo publiki lahko vse povedal.<\/p>\n<p>Bizovi\u010dar pa je tudi eden izmed \u017eirantov nove sezone \u0161ova Slovenija ima talent. Pred kratkim so gledalci izvedeli, da ne bo predvajani v jesenskem terminu. POP TV jo je prestavil na pomladni \u010das.<\/p>\n<p><a href=\"https:\/\/top24novice.si\/estrada\/ali-veste-koliko-je-star-lado-bizovicar-ne-bi-mu-prisodili-toliko-let\/\" rel=\"nofollow noopener\" target=\"_blank\">Ali veste, koliko je star Lado Bizovi\u010dar? Ne bi mu prisodili toliko let<\/a><\/p>\n<p>\u00a0<\/p>\n","protected":false},"excerpt":{"rendered":"ZAUPANJA VREDEN VIR Smo se izkazali kot zaupanja vreden vir informacij? Dodajte nas na googlu Lado Bizovi\u010dar, eden&hellip;\n","protected":false},"author":2,"featured_media":210185,"comment_status":"","ping_status":"","sticky":false,"template":"","format":"standard","meta":{"footnotes":"","_share_on_mastodon":"0"},"categories":[18],"tags":[114,13410,1390,62,37,58,60,13640,38,115],"class_list":["post-210184","post","type-post","status-publish","format-standard","has-post-thumbnail","category-zabava","tag-entertainment","tag-lado-bizovicar","tag-predstava","tag-si","tag-slovene","tag-slovenia","tag-slovenija","tag-slovenija-ima-talent","tag-slovenscina","tag-zabava"],"share_on_mastodon":{"url":"https:\/\/pubeurope.com\/@si\/117190341961182790","error":""},"_links":{"self":[{"href":"https:\/\/www.europesays.com\/si\/wp-json\/wp\/v2\/posts\/210184","targetHints":{"allow":["GET"]}}],"collection":[{"href":"https:\/\/www.europesays.com\/si\/wp-json\/wp\/v2\/posts"}],"about":[{"href":"https:\/\/www.europesays.com\/si\/wp-json\/wp\/v2\/types\/post"}],"author":[{"embeddable":true,"href":"https:\/\/www.europesays.com\/si\/wp-json\/wp\/v2\/users\/2"}],"replies":[{"embeddable":true,"href":"https:\/\/www.europesays.com\/si\/wp-json\/wp\/v2\/comments?post=210184"}],"version-history":[{"count":0,"href":"https:\/\/www.europesays.com\/si\/wp-json\/wp\/v2\/posts\/210184\/revisions"}],"wp:featuredmedia":[{"embeddable":true,"href":"https:\/\/www.europesays.com\/si\/wp-json\/wp\/v2\/media\/210185"}],"wp:attachment":[{"href":"https:\/\/www.europesays.com\/si\/wp-json\/wp\/v2\/media?parent=210184"}],"wp:term":[{"taxonomy":"category","embeddable":true,"href":"https:\/\/www.europesays.com\/si\/wp-json\/wp\/v2\/categories?post=210184"},{"taxonomy":"post_tag","embeddable":true,"href":"https:\/\/www.europesays.com\/si\/wp-json\/wp\/v2\/tags?post=210184"}],"curies":[{"name":"wp","href":"https:\/\/api.w.org\/{rel}","templated":true}]}}