{"id":210326,"date":"2026-08-31T15:11:13","date_gmt":"2026-08-31T15:11:13","guid":{"rendered":"https:\/\/www.europesays.com\/si\/210326\/"},"modified":"2026-08-31T15:11:13","modified_gmt":"2026-08-31T15:11:13","slug":"celje-v-slovenski-ligi-placalo-davek-na-igranje-evrope","status":"publish","type":"post","link":"https:\/\/www.europesays.com\/si\/210326\/","title":{"rendered":"Celje v slovenski ligi pla\u010dalo davek na igranje Evrope"},"content":{"rendered":"<p>    <img decoding=\"async\" data-lb-desktop=\"\/media\/2026\/08\/31\/859319\/Orig-celje-campelos1-1200.webp\" data-lb-mobile=\"\/media\/2026\/08\/31\/859319\/Orig-celje-campelos1-600.webp\" class=\"main-gallery-image se_image_lb\" src=\"https:\/\/www.europesays.com\/si\/wp-content\/uploads\/2026\/08\/1788189071_443_Wide-celje-campelos1-1000.webp\" alt=\"nogomet, vitor campelos, celje\"\/><\/p>\n<p>Celjski trener Vitor Campelos je po evropskem porazu proti Slovanu do\u017eivel \u0161ok tudi v slovenski ligi. Foto: NK Celje<\/p>\n<p>Celje v slovenski ligi pla\u010dalo davek na igranje Evrope<\/p>\n<p>Na zadnjih dveh tekmah sedmega kroga v prvi slovenski nogometni ligi so Brinje Grosuplje doma premagale Celje s 4:1 (1:1), Maribor pa v gosteh Nafto s 3:2 (2:1).<\/p>\n<p>                        31. 08. 2026, 16.42\n                    <\/p>\n<p>                        <a href=\"https:\/\/google.com\/preferences\/source?q=dnevnik.si\" class=\"se-author-gps-cta\" target=\"_blank\" rel=\"nofollow noopener\"><br \/>\n                            <img decoding=\"async\" class=\"se-author-gps-cta-badge\" src=\"https:\/\/www.europesays.com\/si\/wp-content\/uploads\/2026\/08\/1788189073_898_dnevnik_gps_badge.png\" alt=\"Google Preferred Sources CTA\"\/><br \/>\n                        <\/a><\/p>\n<p>Celjani so v Grosupljem (ne)pri\u010dakovano pla\u010dali davek na igranje v Evropi in \u0161okantni izpad v zadnjem krogu kvalifikacij za ligo prvakov proti Slovanu iz Bratislave, po katerem so ostali brez dodatnih 9,6 milijona evrov. Izbranci portugalskega trenerja Vitorja Campelosa, ki je zamenjal kar deset igralcev iz za\u010detne enajsterice proti Slovakom, so dobro za\u010deli tekmo in v 18. minuti povedli po golu Kosovca Vetona Tushe. \u010ceprav so imeli Celjani izrazito premo\u010d v posesti \u017eoge (v odstotkih 62:38), so bili gostitelji uspe\u0161nej\u0161i tako pri strelih na gol (12:8) kot v okvir vrat (8:2). Grosupelj\u010dani so po za\u010detnem zaostanku dosegli kar \u0161tiri gole zapored: 20-letni Nal Lan Koren v 41. in 57. minuti, leto starej\u0161i Tin Levani\u0107 iz Bosne in Hercegovine v 50. in komaj 19-letni \u010crnogorec Vuk Vlahovi\u0107 v prvi minuti sodnikovega dodatka. Doma\u010da zasedba je tako prekinila niz dveh porazov v ligi, aktualni slovenski prvaki pa so do\u017eiveli prvi poraz.<\/p>\n<p>Po 15. februarju prvi\u010d vse tri to\u010dke z gostovanja<\/p>\n<p>Maribor je s tesno zmago v Lendavi potrdil prvo mesto na lestvici in ostaja edini nepora\u017eeni klub med slovensko elito. Ekipa trenerja Darka Milani\u010da je hitro povedla z 2:0 (Tio Cipot v sedmi in \u017dan Karni\u010dnik v 18. minuti), a je v drugi minuti sodnikovega dodatka v prvem pol\u010dasu zaostanek prepolovil Luka Poredo\u0161. Dokon\u010dno ga je izni\u010dil Amadej Maro\u0161a v 52. minuti, zmagoviti gol za \u0160tajerce, ki so bili bolj\u0161i v vseh elementih igre (posest \u017eoge 63:37, streli na gol 19:5 in v okvir vrat 6:3), pa je dosegel Tio Cipot v 78. Maribor\u010dani so tako po treh remijih na gostovanjih prvi\u010d prinesli domov vse tri to\u010dke (pred tem zadnji\u010d 15. februarja proti Primorju), zmago pa sta skazili po\u0161kodbi Portugalca Clauda Goncalvesa in \u010cedomirja Bumbi\u0107a iz Bosne in Hercegovine, ki sta morala pred\u010dasno zapustiti igri\u0161\u010de.<\/p>\n<p>Izidi 7. kroga: Brinje Grosuplje \u2013 Celje 4:1 (1:1), Nafta \u2013 Maribor 2:3 (1:2), Radomlje \u2013 Olimpija 0:0, Bravo \u2013 Mura 2:0 (1:0), Aluminij \u2013 Koper 0:1 (0:0), vrstni red: Maribor 15, Koper 12, Bravo 11, Aluminij (-1), Celje (-2), Brinje Grosuplje in Olimpija po 8, Nafta in Mura po 7, Radomlje (-1) 5, pari 8. kroga, petek, 4. september: Nafta \u2013 Radomlje (ob 201.5), sobota, 5. september: Aluminij \u2013 Bravo (17.30), Olimpija \u2013 Brinje Grosuplje (20.15), nedelja, 6. september: Maribor \u2013 Mura (17.30), Celje \u2013 Koper (20.15).<\/p>\n<p>        <img decoding=\"async\" data-lb-desktop=\"\/media\/2026\/08\/31\/859317\/Orig-2026-08-31-SNL_igralec-web-1200.webp\" data-lb-mobile=\"\/media\/2026\/08\/31\/859317\/Orig-2026-08-31-SNL_igralec-web-600.webp\" class=\"se_image se_image_lb\" src=\"https:\/\/www.europesays.com\/si\/wp-content\/uploads\/2026\/08\/Orig-2026-08-31-SNL_igralec-web-1000.webp\" alt=\"SNL igralec\"\/><\/p>\n","protected":false},"excerpt":{"rendered":"Celjski trener Vitor Campelos je po evropskem porazu proti Slovanu do\u017eivel \u0161ok tudi v slovenski ligi. Foto: NK&hellip;\n","protected":false},"author":2,"featured_media":210327,"comment_status":"","ping_status":"","sticky":false,"template":"","format":"standard","meta":{"footnotes":"","_share_on_mastodon":"0"},"categories":[22],"tags":[6776,162,51623,150,462,264,10443,62,37,58,60,38],"class_list":["post-210326","post","type-post","status-publish","format-standard","has-post-thumbnail","category-maribor","tag-brinje-grosuplje","tag-celje","tag-igralec-kroga","tag-maribor","tag-nafta","tag-nogomet","tag-prva-slovenska-liga","tag-si","tag-slovene","tag-slovenia","tag-slovenija","tag-slovenscina"],"share_on_mastodon":{"url":"https:\/\/pubeurope.com\/@si\/117190766781203252","error":""},"_links":{"self":[{"href":"https:\/\/www.europesays.com\/si\/wp-json\/wp\/v2\/posts\/210326","targetHints":{"allow":["GET"]}}],"collection":[{"href":"https:\/\/www.europesays.com\/si\/wp-json\/wp\/v2\/posts"}],"about":[{"href":"https:\/\/www.europesays.com\/si\/wp-json\/wp\/v2\/types\/post"}],"author":[{"embeddable":true,"href":"https:\/\/www.europesays.com\/si\/wp-json\/wp\/v2\/users\/2"}],"replies":[{"embeddable":true,"href":"https:\/\/www.europesays.com\/si\/wp-json\/wp\/v2\/comments?post=210326"}],"version-history":[{"count":0,"href":"https:\/\/www.europesays.com\/si\/wp-json\/wp\/v2\/posts\/210326\/revisions"}],"wp:featuredmedia":[{"embeddable":true,"href":"https:\/\/www.europesays.com\/si\/wp-json\/wp\/v2\/media\/210327"}],"wp:attachment":[{"href":"https:\/\/www.europesays.com\/si\/wp-json\/wp\/v2\/media?parent=210326"}],"wp:term":[{"taxonomy":"category","embeddable":true,"href":"https:\/\/www.europesays.com\/si\/wp-json\/wp\/v2\/categories?post=210326"},{"taxonomy":"post_tag","embeddable":true,"href":"https:\/\/www.europesays.com\/si\/wp-json\/wp\/v2\/tags?post=210326"}],"curies":[{"name":"wp","href":"https:\/\/api.w.org\/{rel}","templated":true}]}}