{"id":210356,"date":"2026-08-31T15:36:12","date_gmt":"2026-08-31T15:36:12","guid":{"rendered":"https:\/\/www.europesays.com\/si\/210356\/"},"modified":"2026-08-31T15:36:12","modified_gmt":"2026-08-31T15:36:12","slug":"kos-o-srbiji-po-smrti-mladica-povelicevanje-vojnih-zlocincev-v-nasprotju-z-vrednotami-eu-ja","status":"publish","type":"post","link":"https:\/\/www.europesays.com\/si\/210356\/","title":{"rendered":"Kos o Srbiji po smrti Mladi\u0107a: Poveli\u010devanje vojnih zlo\u010dincev v nasprotju z vrednotami EU-ja"},"content":{"rendered":"<p>\t\t\t\t\t\t\t\t<a href=\"https:\/\/www.europesays.com\/si\/wp-content\/uploads\/2026\/08\/67088163.jpg\" itemprop=\"contentUrl\" data-size=\"1200x800\" data-large=\"https:\/\/www.europesays.com\/si\/wp-content\/uploads\/2026\/08\/67088163.jpg\"><br \/>\n\t\t\t\t\t\t\t\t\t<img decoding=\"async\" src=\"https:\/\/www.europesays.com\/si\/wp-content\/uploads\/2026\/08\/67088163.jpg\" title=\"Kos se na Bledu udele\u017euje leto\u0161njega strate\u0161kega foruma. Foto: BoBo\" alt=\"Kos se na Bledu udele\u017euje leto\u0161njega strate\u0161kega foruma. Foto: BoBo\"\/><br \/>\n\t\t\t\t\t\t\t\t<\/a><\/p>\n<p>\t\t\t\t\t\t\t\t\tKos se na Bledu udele\u017euje leto\u0161njega strate\u0161kega foruma. Foto: BoBo<\/p>\n<p>\t\t\t\t\t\t\t<a id=\"preferredSourceBanner\" href=\"https:\/\/www.rtvslo.si\/evropska-unija\/kos-o-srbiji-po-smrti-mladica-povelicevanje-vojnih-zlocincev-v-nasprotju-z-vrednotami-eu-ja\/javascript:void(0)\" target=\"_blank\" class=\"d-none align-items-center justify-content-between rounded my-3\" style=\"padding: 10px 15px;\" rel=\"nofollow noopener\"><br \/>\n\t\t\t\t\t\t<img decoding=\"async\" src=\"https:\/\/img.rtvslo.si\/_static\/novi\/img\/ico-google.svg\" class=\"flex-shrink-0 mr-3\" aria-hidden=\"true\"\/><br \/>\n\t\t\t\t\t\tSpremljajte RTVSLO.si kot prednostni vir na Google<\/p>\n<p>\t\t\t\t\t<\/a><\/p>\n<p>&#8220;Poveli\u010devanje vojnih zlo\u010dincev je v nasprotju s temeljnimi evropskimi vrednotami in zanje ni prostora ne v Evropski uniji ne v dr\u017eavah, ki si to prizadevajo postati. Ratko Mladi\u0107 je bil pravnomo\u010dno obsojen vojni zlo\u010dinec, prestajal je dosmrtni zapor zaradi genocida v Srebrenici, zaradi hudodelstev proti \u010dlove\u0161tvu. In to bo osnova, na kateri bomo tudi presojali, kaj se bo v Srbiji zgodilo,&#8221; je ob robu Blejskega strate\u0161kega foruma glede dogajanja v Srbiji po Mladi\u0107evi smrti povedala Kos.<\/p>\n<p>Oglas<\/p>\n<p>Med drugim je srbski minister za pravosodje Nenad Vuji\u0107 po smrti obsojenega vojnega zlo\u010dinca napovedal, da ga bodo pokopali z najvi\u0161jimi dr\u017eavnimi \u010dastmi. Predsednik Aleksandar Vu\u010di\u0107 je v prvem odzivu izjavil, da je haa\u0161ko sodi\u0161\u010de \u017eelelo, da bi Mladi\u0107 umrl za zapahi, ne pa v Srbiji, kot je \u017eelel. Ob tem je mednarodna sodi\u0161\u010da za zlo\u010dine na obmo\u010dju nekdanje Jugoslavije obto\u017eil dvojnih meril.<\/p>\n<p>Mladi\u0107 je umrl v \u010detrtek v zaporu v Haagu, kjer je prestajal dosmrtno zaporno kazen zaradi vojnih zlo\u010dinov in genocida med vojno v Bosni in Hercegovini med letoma 1992 in 1995.<\/p>\n<p>Kos kmalu na obisk Srbije<\/p>\n<p>Evropska komisarka za \u0161iritev je v pogovoru za skupino slovenskih in tujih medijev, med njimi STA, na Bledu komentirala tudi pribli\u017eevanje Srbije EU-ju, ki je prakti\u010dno zastalo.<\/p>\n<p>Potrdila je, da je Bruselj pred poletnim premorom znova predlagal odprtje sklopa poglavij, vezanih na gospodarsko konkuren\u010dnost, v okviru pristopnih pogajanj z Beogradom, saj da tehni\u010dno gledano izpolnjuje pogoje za to.<\/p>\n<p>&#8220;Seveda pa dr\u017eave \u010dlanice, ko presojajo pripravljenost za kakr\u0161en koli korak naprej v \u0161iritvenem procesu, presojajo \u0161e marsikaj drugega. In takrat je bilo jasno sporo\u010dilo s strani dr\u017eav \u010dlanic, da si Srbija po njihovem mnenju ne zaslu\u017ei, da bi odprli tretji sklop, in to kljub manj\u0161emu napredku,&#8221; je pojasnila komisarka iz Slovenije. Napovedala je, da bo 9. septembra obiskala Srbijo.<\/p>\n<p>Kako Srbija napreduje na svoji poti v EU, bo sicer Evropska komisija znova ocenila v svojem letnem \u0161iritvenem poro\u010dilu, ki ga bodo po besedah komisarke predvidoma objavili konec oktobra.<\/p>\n<p>Novembra lani so ugotovili, da se je v Srbiji izvajanje reform, potrebnih za pridru\u017eitev Evropski uniji, bistveno upo\u010dasnilo. Srbske oblasti je Kos tedaj pozvala, naj obrnejo trend nazadovanja na podro\u010dju svobode izra\u017eanja in akademske svobode, kar so na protestih zahtevali tudi dr\u017eavljani.<\/p>\n<p>Oglas<\/p>\n","protected":false},"excerpt":{"rendered":"Kos se na Bledu udele\u017euje leto\u0161njega strate\u0161kega foruma. Foto: BoBo Spremljajte RTVSLO.si kot prednostni vir na Google &#8220;Poveli\u010devanje&hellip;\n","protected":false},"author":2,"featured_media":210357,"comment_status":"","ping_status":"","sticky":false,"template":"","format":"standard","meta":{"footnotes":"","_share_on_mastodon":"0"},"categories":[8],"tags":[422,19584,37,38,780,64,63],"class_list":["post-210356","post","type-post","status-publish","format-standard","has-post-thumbnail","category-svet","tag-evropska-unija","tag-ratko-mladic","tag-slovene","tag-slovenscina","tag-srbija","tag-svet","tag-world"],"share_on_mastodon":{"url":"https:\/\/pubeurope.com\/@si\/117190865257848596","error":""},"_links":{"self":[{"href":"https:\/\/www.europesays.com\/si\/wp-json\/wp\/v2\/posts\/210356","targetHints":{"allow":["GET"]}}],"collection":[{"href":"https:\/\/www.europesays.com\/si\/wp-json\/wp\/v2\/posts"}],"about":[{"href":"https:\/\/www.europesays.com\/si\/wp-json\/wp\/v2\/types\/post"}],"author":[{"embeddable":true,"href":"https:\/\/www.europesays.com\/si\/wp-json\/wp\/v2\/users\/2"}],"replies":[{"embeddable":true,"href":"https:\/\/www.europesays.com\/si\/wp-json\/wp\/v2\/comments?post=210356"}],"version-history":[{"count":0,"href":"https:\/\/www.europesays.com\/si\/wp-json\/wp\/v2\/posts\/210356\/revisions"}],"wp:featuredmedia":[{"embeddable":true,"href":"https:\/\/www.europesays.com\/si\/wp-json\/wp\/v2\/media\/210357"}],"wp:attachment":[{"href":"https:\/\/www.europesays.com\/si\/wp-json\/wp\/v2\/media?parent=210356"}],"wp:term":[{"taxonomy":"category","embeddable":true,"href":"https:\/\/www.europesays.com\/si\/wp-json\/wp\/v2\/categories?post=210356"},{"taxonomy":"post_tag","embeddable":true,"href":"https:\/\/www.europesays.com\/si\/wp-json\/wp\/v2\/tags?post=210356"}],"curies":[{"name":"wp","href":"https:\/\/api.w.org\/{rel}","templated":true}]}}