{"id":210372,"date":"2026-08-31T15:50:08","date_gmt":"2026-08-31T15:50:08","guid":{"rendered":"https:\/\/www.europesays.com\/si\/210372\/"},"modified":"2026-08-31T15:50:08","modified_gmt":"2026-08-31T15:50:08","slug":"za-roglica-se-zanima-kar-sest-ekip-toda-primoz-ima-en-brutalen-pogoj","status":"publish","type":"post","link":"https:\/\/www.europesays.com\/si\/210372\/","title":{"rendered":"Za Rogli\u010da se zanima kar \u0161est ekip, toda Primo\u017e ima en brutalen pogoj!"},"content":{"rendered":"<p>Primo\u017e Rogli\u010d naj bi ob podpisu pogodbe z novo ekipo zahteval kar 4 milijone evrov na leto.<\/p>\n<p>Glavno ime leto\u0161njega prestopnega roka v kolesarskem svetu je zagotovo slovenski \u0161ampion\u00a0Primo\u017e Rogli\u010d,\u00a0kateremu z letom 2026 pote\u010de aktualna pogodba z Red Bull-BORA-hansgrohe, avstrijsko-nem\u0161ka ekipa pa je \u017ee sporo\u010dila, da s svojim kolesarjem ne namerava podalj\u0161ati pogodbe.<\/p>\n<p>Rogli\u010d se bo tako pred za\u010detkom sezone 2027 zna\u0161el na seznamu kolesarjev brez pogodbe za prihajajo\u010do sezono in \u0161tevilne ekipe so pokazale interes za prihod tak\u0161nega zvezdnika, kot je slovenski \u0161ampion.<\/p>\n<p>Le redko se namre\u010d pojavi prilo\u017enost, da lahko v svoje vrste zvabite marketin\u0161ko tako zanimivega kolesarja, kot je petkratni zmagovalec velikih tritedenskih dirk,\u00a0rekorder po \u0161tevilu skupnih zmag na Vuelti in osvajalec kolesarskega spomenika (Liege-Bastogne-Liege), ki je v svoji karieri zbral kar 92 zmag, s \u010dimer je drugi najuspe\u0161nej\u0161i \u0161e aktivni kolesar, za rojakom\u00a0Tadejem Poga\u010darjem.<\/p>\n<p>In po zadnjih poro\u010dilih belgijskega\u00a0HLN-a (Het Laatste Nieuws)\u00a0naj bi se za na\u0161ega \u0161ampiona zanimalo kar \u0161est ekip, ki pa so naletele na precej\u0161njo oviro. Rogli\u010dev agent naj bi za svojega varovanca namre\u010d zahteval kar \u0161tiri milijone evrov letne pla\u010de.<\/p>\n<p><img decoding=\"async\" alt=\"Primo\u017e Rogli\u010d | Avtor: Profimedia\" class=\"rwd\" data-href=\"https:\/\/www.zurnal24.si\/media\/img\/75\/fe\/e1774a74480317dc18da.jpeg\" itemprop=\"image\" src=\"\/media\/img\/05\/0a\/92f16c1cae7e8fd91535.jpeg\"\/><\/p>\n<p>                Profimedia<\/p>\n<p>Omenjeni belgijski medij se je tudi dokopal do informacij, da bo Rogli\u010deva prihodnost odvisna od njegovega dose\u017eka na leto\u0161nji Vuelti. \u010ce bi mu uspelo dirko po \u0160paniji dobiti \u0161e peti\u010d, s \u010dimer bi postal samostojni rekorder (trenutno si rekord s \u0161tirimi zmagami deli z\u00a0Robertom Herasom), bo po pisanju Belgijcev kolo postavil v kot in se od kolesarstva poslovil s tem zgodovinskim dose\u017ekom.<\/p>\n<p>\u010ce pa se \u0161panska pentlja ne bo kon\u010dala po Rogli\u010devih \u017eeljah, je pripravljen podalj\u0161ati svojo kolesarsko kariero, a le \u010de dobi primerno pogodbo s strani ene izmed ekip, od katerih naj bi zahteval 4 milijone evrov letno.<\/p>\n<p>Za Rogli\u010da naj bi se sicer poleg ekipe Lotto Intermarche, o katerem interesu se poro\u010da \u017ee tedne, zanimale \u0161e ekipe Pinarello Q36.5, NSN, Tudor, Jayco AlUla in Astana.\u00a0A najve\u010dja te\u017eava naj bi bile ravno Rogli\u010deve zahteve, saj si le redke ekipe lahko privo\u0161\u010dijo tak\u0161en znesek za svojega kolesarja.<\/p>\n<p>Zanimivo bo videti, ali bo katera izmed ekip le popustila pod Rogli\u010devimi zahtevami, ali pa se bo slovenski \u0161ampion vendarle zadovoljil tudi z nekoliko ni\u017ejim zneskom. Seveda pa obstaja tudi tretja mo\u017enost &#8230; Da Rogli\u010d po koncu sezone svoje kolo postavi v kot. Zakaj pa ne, kot rekordni, petkratni zmagovalec Vuelte?<\/p>\n","protected":false},"excerpt":{"rendered":"Primo\u017e Rogli\u010d naj bi ob podpisu pogodbe z novo ekipo zahteval kar 4 milijone evrov na leto. Glavno&hellip;\n","protected":false},"author":2,"featured_media":210373,"comment_status":"","ping_status":"","sticky":false,"template":"","format":"standard","meta":{"footnotes":"","_share_on_mastodon":"0"},"categories":[16],"tags":[39933,24180,20607,618,47305,51628,45060,4557,62,37,58,60,38,94,93,51629,24726],"class_list":["post-210372","post","type-post","status-publish","format-standard","has-post-thumbnail","category-sport","tag-astana","tag-dirka-po-spaniji","tag-jayco-alula","tag-kolesarstvo","tag-lotto-intermarche","tag-nsn-cycling","tag-pinarello-q36-5","tag-primoz-roglic","tag-si","tag-slovene","tag-slovenia","tag-slovenija","tag-slovenscina","tag-sport","tag-sports","tag-tudor-pro-cycling-team","tag-vuelta"],"share_on_mastodon":{"url":"https:\/\/pubeurope.com\/@si\/117190919865590680","error":""},"_links":{"self":[{"href":"https:\/\/www.europesays.com\/si\/wp-json\/wp\/v2\/posts\/210372","targetHints":{"allow":["GET"]}}],"collection":[{"href":"https:\/\/www.europesays.com\/si\/wp-json\/wp\/v2\/posts"}],"about":[{"href":"https:\/\/www.europesays.com\/si\/wp-json\/wp\/v2\/types\/post"}],"author":[{"embeddable":true,"href":"https:\/\/www.europesays.com\/si\/wp-json\/wp\/v2\/users\/2"}],"replies":[{"embeddable":true,"href":"https:\/\/www.europesays.com\/si\/wp-json\/wp\/v2\/comments?post=210372"}],"version-history":[{"count":0,"href":"https:\/\/www.europesays.com\/si\/wp-json\/wp\/v2\/posts\/210372\/revisions"}],"wp:featuredmedia":[{"embeddable":true,"href":"https:\/\/www.europesays.com\/si\/wp-json\/wp\/v2\/media\/210373"}],"wp:attachment":[{"href":"https:\/\/www.europesays.com\/si\/wp-json\/wp\/v2\/media?parent=210372"}],"wp:term":[{"taxonomy":"category","embeddable":true,"href":"https:\/\/www.europesays.com\/si\/wp-json\/wp\/v2\/categories?post=210372"},{"taxonomy":"post_tag","embeddable":true,"href":"https:\/\/www.europesays.com\/si\/wp-json\/wp\/v2\/tags?post=210372"}],"curies":[{"name":"wp","href":"https:\/\/api.w.org\/{rel}","templated":true}]}}