{"id":210450,"date":"2026-08-31T17:01:13","date_gmt":"2026-08-31T17:01:13","guid":{"rendered":"https:\/\/www.europesays.com\/si\/210450\/"},"modified":"2026-08-31T17:01:13","modified_gmt":"2026-08-31T17:01:13","slug":"policija-posredovala-po-obracunu-v-mariboru-en-clovek-poskodovan-2","status":"publish","type":"post","link":"https:\/\/www.europesays.com\/si\/210450\/","title":{"rendered":"Policija posredovala po obra\u010dunu v Mariboru, en \u010dlovek po\u0161kodovan"},"content":{"rendered":"<p>\t\t\t\t\t\t\t\t<a href=\"https:\/\/www.europesays.com\/si\/wp-content\/uploads\/2026\/08\/1788195672_862_65087730_mb1.jpg\" itemprop=\"contentUrl\" data-size=\"1200x800\" data-large=\"https:\/\/www.europesays.com\/si\/wp-content\/uploads\/2026\/08\/1788195672_862_65087730_mb1.jpg\"><br \/>\n\t\t\t\t\t\t\t\t\t<img decoding=\"async\" src=\"https:\/\/www.europesays.com\/si\/wp-content\/uploads\/2026\/08\/1788195672_862_65087730_mb1.jpg\" title=\"Trg Leona \u0160tuklja v Mariboru. Foto: BoBo\" alt=\"Trg Leona \u0160tuklja v Mariboru. Foto: BoBo\"\/><br \/>\n\t\t\t\t\t\t\t\t<\/a><\/p>\n<p>\t\t\t\t\t\t\t\t\tTrg Leona \u0160tuklja v Mariboru. Foto: BoBo<\/p>\n<p>\t\t\t\t\t\t\t<a id=\"preferredSourceBanner\" href=\"https:\/\/www.rtvslo.si\/crna-kronika\/policija-posredovala-po-obracunu-v-mariboru-en-clovek-poskodovan\/javascript:void(0)\" target=\"_blank\" class=\"d-none align-items-center justify-content-between rounded my-3\" style=\"padding: 10px 15px;\" rel=\"nofollow noopener\"><br \/>\n\t\t\t\t\t\t<img decoding=\"async\" src=\"https:\/\/img.rtvslo.si\/_static\/novi\/img\/ico-google.svg\" class=\"flex-shrink-0 mr-3\" aria-hidden=\"true\"\/><br \/>\n\t\t\t\t\t\tSpremljajte RTVSLO.si kot prednostni vir na Google<\/p>\n<p>\t\t\t\t\t<\/a><\/p>\n<p>Mariborski policisti so bili o dogodku obve\u0161\u010deni ob 14.45. Kaj se je dogajalo in kaj je bil povod za spor, \u0161e ugotavljajo, je za Slovensko tiskovno agencijo povedal predstavnik Policijske uprave Maribor Bo\u0161tjan Veli\u010dki. Na kraju dogodka so izvedli ve\u010d postopkov ugotavljanja identitete. <\/p>\n<p>Policisti so bili obve\u0161\u010deni o tem, da naj bi udele\u017eenci incidenta uporabljali strelno oro\u017eje, a je Veli\u010dki povedal, da niti teh podatkov niti tega, da naj bi bil eden od osumljenih oboro\u017een z no\u017eem, za zdaj ne more potrditi. Ob tem je \u0161e zagotovil, da nevarnosti za ljudi ni.<\/p>\n<p>PU Maribor sicer priporo\u010da vsem, naj se po nepotrebnem ne pribli\u017eujejo kraju, kjer policisti \u0161e izvajajo dejavnosti. <\/p>\n<p>&#8220;Za zdaj lahko potrdimo, da je ena oseba iskala zdravni\u0161ko pomo\u010d zaradi po\u0161kodb, ki po prvih ugotovitvah niso ogro\u017eajo\u010de za \u017eivljenje,&#8221; pi\u0161e v sporo\u010dilu za javnost PU-ja Maribor. <\/p>\n<p>Spletni Ve\u010der poro\u010da, da so Trg Leona \u0160tuklja malo po 15. uri zasedli policisti, ga obdali s policijskimi trakovi, ljudje, zbrani na kraju, pa so razlagali o sporu med ve\u010d ljudmi, o streljanju, pa tudi o tem, da naj bi bil nekdo od vpletenih oboro\u017een z no\u017eem.<\/p>\n<p>Oglas<\/p>\n","protected":false},"excerpt":{"rendered":"Trg Leona \u0160tuklja v Mariboru. Foto: BoBo Spremljajte RTVSLO.si kot prednostni vir na Google Mariborski policisti so bili&hellip;\n","protected":false},"author":2,"featured_media":210451,"comment_status":"","ping_status":"","sticky":false,"template":"","format":"standard","meta":{"footnotes":"","_share_on_mastodon":"0"},"categories":[22],"tags":[150,779,33964,62,37,58,60,38,3817],"class_list":["post-210450","post","type-post","status-publish","format-standard","has-post-thumbnail","category-maribor","tag-maribor","tag-nasilje","tag-obracun","tag-si","tag-slovene","tag-slovenia","tag-slovenija","tag-slovenscina","tag-streljanje"],"share_on_mastodon":{"url":"https:\/\/pubeurope.com\/@si\/117191199295940373","error":""},"_links":{"self":[{"href":"https:\/\/www.europesays.com\/si\/wp-json\/wp\/v2\/posts\/210450","targetHints":{"allow":["GET"]}}],"collection":[{"href":"https:\/\/www.europesays.com\/si\/wp-json\/wp\/v2\/posts"}],"about":[{"href":"https:\/\/www.europesays.com\/si\/wp-json\/wp\/v2\/types\/post"}],"author":[{"embeddable":true,"href":"https:\/\/www.europesays.com\/si\/wp-json\/wp\/v2\/users\/2"}],"replies":[{"embeddable":true,"href":"https:\/\/www.europesays.com\/si\/wp-json\/wp\/v2\/comments?post=210450"}],"version-history":[{"count":0,"href":"https:\/\/www.europesays.com\/si\/wp-json\/wp\/v2\/posts\/210450\/revisions"}],"wp:featuredmedia":[{"embeddable":true,"href":"https:\/\/www.europesays.com\/si\/wp-json\/wp\/v2\/media\/210451"}],"wp:attachment":[{"href":"https:\/\/www.europesays.com\/si\/wp-json\/wp\/v2\/media?parent=210450"}],"wp:term":[{"taxonomy":"category","embeddable":true,"href":"https:\/\/www.europesays.com\/si\/wp-json\/wp\/v2\/categories?post=210450"},{"taxonomy":"post_tag","embeddable":true,"href":"https:\/\/www.europesays.com\/si\/wp-json\/wp\/v2\/tags?post=210450"}],"curies":[{"name":"wp","href":"https:\/\/api.w.org\/{rel}","templated":true}]}}