{"id":210512,"date":"2026-08-31T17:55:14","date_gmt":"2026-08-31T17:55:14","guid":{"rendered":"https:\/\/www.europesays.com\/si\/210512\/"},"modified":"2026-08-31T17:55:14","modified_gmt":"2026-08-31T17:55:14","slug":"drama-v-mariboru-malo-po-15-uri-trg-leona-stuklja-zasedli-policisti-res-tudi-streli-priporocamo-vsem-da-se-ne-priblizujejo-kraju","status":"publish","type":"post","link":"https:\/\/www.europesays.com\/si\/210512\/","title":{"rendered":"Drama v Mariboru malo po 15. uri: Trg Leona \u0160tuklja zasedli policisti, res tudi streli? \u00bbPriporo\u010damo vsem, da se ne pribli\u017eujejo kraju!\u00ab"},"content":{"rendered":"<p>Mariborski policisti so zgodaj popoldne posredovali pri incidentu oziroma obra\u010dunu na Trgu Leona \u0160tuklja v centru mesta. Kot je za STA povedal predstavnik Policijske uprave Maribor Bo\u0161tjan Veli\u010dki, so na kraju dogodka prijeli ve\u010d oseb, kaj se je dogajalo oziroma kak\u0161en je bil motiv spora, pa za zdaj \u0161e ugotavljajo.<\/p>\n<p>Res tudi streli?<\/p>\n<p>Policisti so bili obve\u0161\u010deni o tem, da naj bi pri\u0161lo tudi do uporabe strelnega oro\u017eja, a je Veli\u010dki povedal, da teh informacij za zdaj ne more potrditi, kot tudi ne, da naj bi bil eden od osumljenih oboro\u017een z no\u017eem. Ob tem je \u0161e zagotovil, da nevarnosti za ljudi ni. Spletni Ve\u010der poro\u010da, da so Trg Leona \u0160tuklja malo po 15. uri zasedli policisti, ga obdali s policijskimi trakovi, ljudje, zbrani na kraju, pa so razlagali o sporu med ve\u010d osebami, o streljanju, pa tudi o tem, da naj bi bil nekdo od vpletenih oboro\u017een z no\u017eem.<\/p>\n<p>Policisti vpletene intenzivno i\u0161\u010dejo<\/p>\n<p>Na kraj je bilo napotenih ve\u010d policijskih patrulj, ki na kraju dogodka \u00a0in okolici \u0161e zmeraj intenzivno izvajajo ukrepe za izsleditev oseb, vpletenih v dogodek, ter zbirajo obvestila o samem dogodku. Glede informacij, da naj bi policija ob prihodu na kraj prijela osumljence, pojasnjujemo, da so policisti na kraju izvedli ve\u010d postopkov ugotavljanja identitete.<\/p>\n<p>\u00bbPriporo\u010damo vsem, da se po nepotrebnem ne pribli\u017eujejo kraju, kjer policisti izvajajo aktivnosti oz. upo\u0161tevajo navodila policistov,\u00ab so navedli na PU Maribor.<\/p>\n<p>Zaenkrat lahko potrdijo, da je ena oseba iskala zdravni\u0161ko pomo\u010d zaradi po\u0161kodb, ki po prvih ugotovitvah niso ogro\u017eujo\u010de za \u017eivljenje.<\/p>\n<p>\u00a0<\/p>\n","protected":false},"excerpt":{"rendered":"Mariborski policisti so zgodaj popoldne posredovali pri incidentu oziroma obra\u010dunu na Trgu Leona \u0160tuklja v centru mesta. Kot&hellip;\n","protected":false},"author":2,"featured_media":210513,"comment_status":"","ping_status":"","sticky":false,"template":"","format":"standard","meta":{"footnotes":"","_share_on_mastodon":"0"},"categories":[22],"tags":[813,150,779,326,6004,62,37,58,60,38,6478,51655],"class_list":["post-210512","post","type-post","status-publish","format-standard","has-post-thumbnail","category-maribor","tag-incident","tag-maribor","tag-nasilje","tag-policija","tag-policijska-uprava-maribor","tag-si","tag-slovene","tag-slovenia","tag-slovenija","tag-slovenscina","tag-spor","tag-trg-leona-stuklja"],"share_on_mastodon":{"url":"https:\/\/pubeurope.com\/@si\/117191411194981953","error":""},"_links":{"self":[{"href":"https:\/\/www.europesays.com\/si\/wp-json\/wp\/v2\/posts\/210512","targetHints":{"allow":["GET"]}}],"collection":[{"href":"https:\/\/www.europesays.com\/si\/wp-json\/wp\/v2\/posts"}],"about":[{"href":"https:\/\/www.europesays.com\/si\/wp-json\/wp\/v2\/types\/post"}],"author":[{"embeddable":true,"href":"https:\/\/www.europesays.com\/si\/wp-json\/wp\/v2\/users\/2"}],"replies":[{"embeddable":true,"href":"https:\/\/www.europesays.com\/si\/wp-json\/wp\/v2\/comments?post=210512"}],"version-history":[{"count":0,"href":"https:\/\/www.europesays.com\/si\/wp-json\/wp\/v2\/posts\/210512\/revisions"}],"wp:featuredmedia":[{"embeddable":true,"href":"https:\/\/www.europesays.com\/si\/wp-json\/wp\/v2\/media\/210513"}],"wp:attachment":[{"href":"https:\/\/www.europesays.com\/si\/wp-json\/wp\/v2\/media?parent=210512"}],"wp:term":[{"taxonomy":"category","embeddable":true,"href":"https:\/\/www.europesays.com\/si\/wp-json\/wp\/v2\/categories?post=210512"},{"taxonomy":"post_tag","embeddable":true,"href":"https:\/\/www.europesays.com\/si\/wp-json\/wp\/v2\/tags?post=210512"}],"curies":[{"name":"wp","href":"https:\/\/api.w.org\/{rel}","templated":true}]}}