{"id":210586,"date":"2026-08-31T19:07:27","date_gmt":"2026-08-31T19:07:27","guid":{"rendered":"https:\/\/www.europesays.com\/si\/210586\/"},"modified":"2026-08-31T19:07:27","modified_gmt":"2026-08-31T19:07:27","slug":"grozljivo-taktika-na-rtv-obdrzati-informativni-program-in-povabiti-goste-da-nabijajo-proti-jansi","status":"publish","type":"post","link":"https:\/\/www.europesays.com\/si\/210586\/","title":{"rendered":"Grozljivo! Taktika na RTV? Obdr\u017eati informativni program in povabiti goste, da nabijajo proti Jan\u0161i?"},"content":{"rendered":"<p>Pokvarjena taktika RTV. Kaj se bo zgodilo \u010de referendum proti pla\u010devanju RTV naro\u010dnine uspe in bo sprejet novi medijski zakon? Briga jih za druge programe. Va\u017eni jim je obdr\u017eati informativni program, ker tam lahko \u201cnabijajo\u201d proti Jan\u0161i?<\/p>\n<p>Vpra\u0161anje obstoja RTV Slovenija, programsko, finan\u010dno, intelektualno in mened\u017eersko bankrotirane javne televizije, ki je hkrati postala brutalni poligon \u2013 celo skrajno \u2013 leve politi\u010dne opcije, se bli\u017ea najve\u010djemu finan\u010dnemu dnu. Obeta se referendum o nepla\u010devanju RTV naro\u010dnine in novi medijski zakon. In tega se levi\u010darji na TV Slovenija tudi najbolj bojijo?<\/p>\n<p>In \u010de so pod Golobovim vodstvom RTV \u010distili Jan\u0161istov, bo potrebno sedaj po\u010distiti \u0161e levi\u010darsko strukturo na RTV, ki se svaljka po javni TV, ki je pla\u010dana z na\u0161ega denarja. In kaj se sli\u0161i po hodnikih RTV? (Razkriva portal Po\u017ear report)<\/p>\n<p>Taktika Jan\u0161e, da bo \u201cizstradal RTV\u201d (taktiko t. i. \u201cfinan\u010dnega iz\u010drpavanja\u201d javnega servisa Jan\u0161i sicer o\u010dita opozicija; p. a.), se ne bo tako zlahka iz\u0161la. Ker treba je vedeti, na\u0161i \u0161efi imajo na\u010drt, da zadr\u017eijo pla\u010de zaposlenih in honorarje to\u010dno dolo\u010denih izbrancev ter informativni (popularno imenovani \u201cinfo\u201d) program, samo za to jim gre, ostalo jih ne briga in jih ne zanima. Na to karto igrajo. Zato prera\u010dunljivo ukinjajo del \u0161portnega, razvedrilnega in kulturnega programa, toda zaposleni, ki na teh \u2013 kmalu ukinjenih \u2013 programih delajo, bodo, poglejte ta absurd, to norost, tudi po ukinitvi teh programskih sklopov ostali redno zaposleni na RTV. Okej, nekaj honorarcev bo verjetno moralo iti, a ne veliko. Info program pa bo prakti\u010dno nedotaknjen. Itak je poceni, skoraj zastonj, povabi\u0161 nekaj gostov, pridejo zastonj in lahko ure in ure nabijajo proti Jan\u0161i in ta desnim.<\/p>\n<p>In \u0161e o informativnem programu: \u201cTam je enih dvajset ljudi, ki se gredo politiko in vsi mi smo njihovi talci. Predvsem info na TV, nekaj je tudi radijcev. Ampak zdaj, ko situacija postaja resna, se \u017ee tol\u010dejo med seboj. Manica Jane\u017ei\u010d Ambro\u017ei\u010d\u00a0(voditeljica\u00a0osrednjega\u00a0TV Dnevnika) razlaga, da sta vsega kriva \u201cStari\u010dka\u201d (Tanja Stari\u010d,\u00a0voditeljica Odmevov) in\u00a0Marcel\u00a0(\u0160tefan\u010di\u010d,\u00a0voditelj oddaje Marcel). In da se je slednjega treba znebiti.\u201d<\/p>\n","protected":false},"excerpt":{"rendered":"Pokvarjena taktika RTV. Kaj se bo zgodilo \u010de referendum proti pla\u010devanju RTV naro\u010dnine uspe in bo sprejet novi&hellip;\n","protected":false},"author":2,"featured_media":210587,"comment_status":"","ping_status":"","sticky":false,"template":"","format":"standard","meta":{"footnotes":"","_share_on_mastodon":"0"},"categories":[22],"tags":[18699,150,51673,419,1641,62,37,58,60,38,51674],"class_list":["post-210586","post","type-post","status-publish","format-standard","has-post-thumbnail","category-maribor","tag-informativni-program","tag-maribor","tag-placevanje-rtv-narocnine","tag-referendum","tag-rtv-slovenija","tag-si","tag-slovene","tag-slovenia","tag-slovenija","tag-slovenscina","tag-taktika"],"share_on_mastodon":{"url":"https:\/\/pubeurope.com\/@si\/117191694495726085","error":""},"_links":{"self":[{"href":"https:\/\/www.europesays.com\/si\/wp-json\/wp\/v2\/posts\/210586","targetHints":{"allow":["GET"]}}],"collection":[{"href":"https:\/\/www.europesays.com\/si\/wp-json\/wp\/v2\/posts"}],"about":[{"href":"https:\/\/www.europesays.com\/si\/wp-json\/wp\/v2\/types\/post"}],"author":[{"embeddable":true,"href":"https:\/\/www.europesays.com\/si\/wp-json\/wp\/v2\/users\/2"}],"replies":[{"embeddable":true,"href":"https:\/\/www.europesays.com\/si\/wp-json\/wp\/v2\/comments?post=210586"}],"version-history":[{"count":0,"href":"https:\/\/www.europesays.com\/si\/wp-json\/wp\/v2\/posts\/210586\/revisions"}],"wp:featuredmedia":[{"embeddable":true,"href":"https:\/\/www.europesays.com\/si\/wp-json\/wp\/v2\/media\/210587"}],"wp:attachment":[{"href":"https:\/\/www.europesays.com\/si\/wp-json\/wp\/v2\/media?parent=210586"}],"wp:term":[{"taxonomy":"category","embeddable":true,"href":"https:\/\/www.europesays.com\/si\/wp-json\/wp\/v2\/categories?post=210586"},{"taxonomy":"post_tag","embeddable":true,"href":"https:\/\/www.europesays.com\/si\/wp-json\/wp\/v2\/tags?post=210586"}],"curies":[{"name":"wp","href":"https:\/\/api.w.org\/{rel}","templated":true}]}}