{"id":210800,"date":"2026-08-31T23:12:10","date_gmt":"2026-08-31T23:12:10","guid":{"rendered":"https:\/\/www.europesays.com\/si\/210800\/"},"modified":"2026-08-31T23:12:10","modified_gmt":"2026-08-31T23:12:10","slug":"se-je-slovenkam-zgodila-krivica-selektor-prst-uperil-v-sodnico-besen-sem","status":"publish","type":"post","link":"https:\/\/www.europesays.com\/si\/210800\/","title":{"rendered":"Se je Slovenkam zgodila krivica? Selektor prst uperil v sodnico: &#8220;Besen sem!&#8221;"},"content":{"rendered":"<p>V slovenskem taboru so mnenja, da je pri izpadu proti Nizozemkam v osmini finala evropskega prvenstva imela prste vmes tudi glavna sodnica.<\/p>\n<p>Slovenska \u017eenska odbojkarska reprezentanca je nastope na evropskem prvenstvu sklenila v osmini finala. Slovenke so se v Carigradu za zgodovinsko prvo uvrstitev med najbolj\u0161ih osem reprezentanc stare celine pomerile z branilkami bronastega odli\u010dja z zadnjega EuroVolleyja, Nizozemkami, ki so \u0161ele po petih nizih ter morebitni sodni\u0161ki pomo\u010di\u00a0strle odpor na\u0161ih deklet in <a href=\"https:\/\/www.zurnal24.si\/sport\/slovenke-po-pravem-trilerju-obstale-na-pragu-zgodovinskega-uspeha-464431\" rel=\"nofollow noopener\" target=\"_blank\">se veselile zmage s 3:2 (18, -19, 21, -29, 9).<\/a><\/p>\n<p>Slovenke so si uvrstitev v osmino finala priigrale s tretjim mestom v zahtevni skupini A, v kateri so premagale Nem\u010dijo, Latvijo in Mad\u017earsko, premo\u010d pa priznale Tur\u010diji in Poljski. S tremi zmagami v Carigradu so \u017ee pred za\u010detkom izlo\u010dilnih bojev poskrbele za lep dose\u017eek, saj so izena\u010dile \u0161tevilo vseh zmag, ki jih je Slovenija skupaj zbrala na svojih prvih treh nastopih na evropskih prvenstvih, obenem pa so se drugi\u010d doslej prebile iz skupinskega dela tekmovanja.\u00a0<\/p>\n<p><img decoding=\"async\" alt=\"Slovenija : Nizozemska | Avtor: CEV\" class=\"rwd\" data-href=\"https:\/\/www.zurnal24.si\/media\/img\/98\/64\/e5ba44f1a00770636ed9.png\" itemprop=\"image\" src=\"\/media\/img\/93\/82\/c85dcd6cce1a9b5fe69c.png\"\/><\/p>\n<p>                CEV<\/p>\n<p>Na drugi strani mre\u017ee jih je \u010dakala precej izku\u0161enej\u0161a reprezentanca Nizozemske, ki je skupinski del v Bakuju s \u0161tirimi zmagami in enim porazom kon\u010dala na drugem mestu skupine C. Varovanke Felixa Koslowskega so edini poraz do\u017eivele proti Belgiji, na zadnjih petih izvedbah EuroVolleyja pa so se vselej uvrstile najmanj med najbolj\u0161ih osem, leta 2023 pa se okitile celo z bronastim odli\u010djem.<\/p>\n<p>Dana\u0161nji obra\u010dun je bil \u0161ele drugi medsebojni dvoboj Slovenije in Nizozemske na evropskih prvenstvih. Prvega sta reprezentanci odigrali leta 2015 v Apeldoornu, ko so Slovenke sploh prvi\u010d nastopile med evropsko elito, Nizozemke pa so slavile s 3:0. V slovenski zasedbi sta bili \u017ee tedaj Eva Pavlovi\u0107 Mori in Sa\u0161a Planin\u0161ec, ki sta tako proti Nizozemski zaigrali tudi enajst let pozneje.<\/p>\n<p>Tokrat\u00a0so se Slovenke dosti bolje zoperstavile favoriziranim tekmicam kot pred enajstimi leti, dvakrat celo izni\u010dile zaostanek v nizih, a so na koncu v petem nizu vendarle prevladale izku\u0161nje \u010detrte najbolj\u0161e evropske ekipe z mednarodne lestvice FIVB. A po mnenju iz slovenskega tabora niso bile odlo\u010dilne zgolj izku\u0161nje nasprotnic, pa\u010d pa tudi kriterij gr\u0161ke sodnice\u00a0Theodore Kyriopoulou,\u00a0ki je tekom dvoboja pogosto pila \u017eivce slovenski reprezentanci, ki je morala s \u0161tevilnimi &#8220;sodni\u0161kimi izzivi&#8221; izpodbijati njene odlo\u010ditve. \u0160e posebej pa je slovenski tabor zmotila njena odlo\u010ditev na za\u010detku odlo\u010dilnega niza, ki je morda celo odlo\u010dilno prelomila tekmo.<\/p>\n<p><img decoding=\"async\" alt=\"Slovenija : Nizozemska | Avtor: CEV\" class=\"rwd\" data-href=\"https:\/\/www.zurnal24.si\/media\/img\/52\/ae\/fc519e11cd02106228f2.png\" itemprop=\"image\" src=\"\/media\/img\/a6\/f7\/a5407092145cb9b2638d.png\"\/><\/p>\n<p>                CEV<\/p>\n<p>&#8220;Res je bole\u010de, saj smo bili zelo blizu. Osmina finala je vedno kot finale in bili smo na ravni nizozemske reprezentance. Kljub \u0161tevilnim menjavam, ki so jih naredili, v te\u017eave smo namre\u010d spravili njihovo za\u010detno \u0161esterko, v te\u017eave smo spravili tudi igralke, ki so vstopile s klopi. Resni\u010dno smo ostali na enaki ravni in se nismo nikoli predali,&#8221; je bil po koncu tekme na svoje varovanke ponosen Italijan na slovenski klopi\u00a0Alessandro Orefice,\u00a0ki je prst za poraz nato uperil v gr\u0161ko sodnico.<\/p>\n<p>&#8220;V odlo\u010dilnem nizu pa na \u017ealost zaradi ene same \u017eoge&#8230; Zaradi za\u010detka tega niza sem besen, saj lahko ena \u017eoga spremeni celotno tekmo. Lahko bi povedli z 2:0. Vzeli so nam to\u010dko pri \u017eogi, ki je bila po mojem mnenju povsem \u010dista, in to me res jezi. \u0160lo je za sodni\u0161ko napako, to\u010dke pa ne bi smeli ponavljati. V tistem trenutku so jo ponovili, nato pa nismo uspeli zadr\u017eati zaslu\u017eenega vodstva. V pomembnih trenutkih smo postali nekoliko preve\u010d popustljivi pri servisu in to je na koncu odlo\u010dilo tekmo,&#8221; ni skrival nezadovoljstva nad odlo\u010ditvami Grkinje.<\/p>\n<p>&#8220;Seveda je v tem trenutku zelo bole\u010de, a s hladno glavo bom in sem izjemno ponosen na to ekipo, na te \u0161tiri mesece, ki smo jih pre\u017eiveli skupaj. Opravili smo neverjetno delo, res neverjetno. Danes smo bili na enaki ravni kot Nizozemska. Tako mo\u010dno smo si \u017eeleli zmagati in izjemno ponosen sem na vse, kar smo dosegli. Osvojili smo medaljo v Evropski ligi, se uvrstili v Ligo narodov, se v osmini finala pomerili z zares odli\u010dno ekipo. Neizmerno sem ponosen na to, kar smo pokazali tudi danes na igri\u0161\u010du,&#8221; je zaklju\u010dil Italijan.<\/p>\n<p><img decoding=\"async\" alt=\"Slovenska \u017eenska odbojkarska reprezentanca | Avtor: Profimedia\" class=\"rwd\" data-href=\"https:\/\/www.zurnal24.si\/media\/img\/59\/ab\/e0049c0ff5ede660ee8a.jpeg\" itemprop=\"image\" src=\"\/media\/img\/98\/08\/50beb81815ab4ad9e30e.jpeg\"\/><\/p>\n<p>                Profimedia<\/p>\n<p>Da je imela prste vmes pri kon\u010dnem razpletu tudi gr\u0161ka sodnica, se je strinjala tudi slovenska organizatorka igre Eva Pavlovi\u0107 Mori. &#8220;Dale smo vse, kar smo lahko. Vsaka je dala 100 %, \u0161e ve\u010d, 150 %. Igrale smo lepo tekmo. Le nekaj \u017eog je odlo\u010dalo, kdo bo zmagal. Malo je tekmicam pomagala tudi sodnica, zaradi tega, ker tista \u017eoga pri 2:0 v petem nizu je bila definitivno preko mre\u017ee, ampak vseeno, rezultat je tak, kakr\u0161en je.&#8221;<\/p>\n<p>&#8220;Jaz sem ponosna na ekipo in na to evropsko prvenstvo. Drugo leto nas \u010dakajo \u0161e lep\u0161e stvari in komaj \u010dakam. Smo pa lahko ponosni na vse, kar smo do zdaj naredili. Sicer je zdaj ta poraz bole\u010d, tako da potegniti neko \u010drto, je te\u017eko, ampak kar smo naredili v tem letu, je \u0161e ena stopni\u010dka ve\u010d kot lani. \u0160koda, da se je zgodilo, kot\u00a0se je, ker smo si res vse \u017eelele, da pridemo naprej v \u010detrtfinale. A \u010de bi pred evropskim prvenstvom rekli, da bomo tretji v skupini, da bomo igrali z Nizozemsko in da bomo z njimi igrali 3:2, bi rekla, da podpi\u0161em takoj. \u017dal smo imeli res te\u017eko skupino. Bom rekla, da \u010de potegnemo \u010drto, je za nami najbolj uspe\u0161no evropsko prvenstvo,&#8221; je \u0161e dodala.<\/p>\n<p><img decoding=\"async\" alt=\"Slovenija : Nizozemska | Avtor: CEV\" class=\"rwd\" data-href=\"https:\/\/www.zurnal24.si\/media\/img\/1d\/48\/b0800925e7738b599dbc.png\" itemprop=\"image\" src=\"\/media\/img\/0e\/8f\/72d2d6708506649a3dd4.png\"\/><\/p>\n<p>                CEV<\/p>\n<p>S tekmo proti Nizozemski se je tako kon\u010dal \u010detrti nastop Slovenije med evropsko elito. Slovenke prvenstvo zapu\u0161\u010dajo s tremi zmagami in uvrstitvijo v osmino finala, s \u010dimer so \u0161e nadgradile sezono, v kateri so nase opozorile tudi z drugim mestom v Evropski ligi in se \u017ee kvalificirale na evropsko prvenstvo 2028. Slovenke so v tej sezoni dosegle \u0161e en mejnik, saj jih bomo v prihodnji sezoni spremljali v elitni Ligi narodov, kjer tekmuje najbolj\u0161ih 19 reprezentanc sveta.<\/p>\n","protected":false},"excerpt":{"rendered":"V slovenskem taboru so mnenja, da je pri izpadu proti Nizozemkam v osmini finala evropskega prvenstva imela prste&hellip;\n","protected":false},"author":2,"featured_media":210801,"comment_status":"","ping_status":"","sticky":false,"template":"","format":"standard","meta":{"footnotes":"","_share_on_mastodon":"0"},"categories":[16],"tags":[11852,48115,51718,146,62,37,58,60,38,33116,94,93],"class_list":["post-210800","post","type-post","status-publish","format-standard","has-post-thumbnail","category-sport","tag-alessandro-orefice","tag-ep-v-odbojki","tag-eva-pvalovic-mori","tag-odbojka","tag-si","tag-slovene","tag-slovenia","tag-slovenija","tag-slovenscina","tag-slovenska-zenska-odbojkarska-reprezentanca","tag-sport","tag-sports"],"share_on_mastodon":{"url":"https:\/\/pubeurope.com\/@si\/117192658204842015","error":""},"_links":{"self":[{"href":"https:\/\/www.europesays.com\/si\/wp-json\/wp\/v2\/posts\/210800","targetHints":{"allow":["GET"]}}],"collection":[{"href":"https:\/\/www.europesays.com\/si\/wp-json\/wp\/v2\/posts"}],"about":[{"href":"https:\/\/www.europesays.com\/si\/wp-json\/wp\/v2\/types\/post"}],"author":[{"embeddable":true,"href":"https:\/\/www.europesays.com\/si\/wp-json\/wp\/v2\/users\/2"}],"replies":[{"embeddable":true,"href":"https:\/\/www.europesays.com\/si\/wp-json\/wp\/v2\/comments?post=210800"}],"version-history":[{"count":0,"href":"https:\/\/www.europesays.com\/si\/wp-json\/wp\/v2\/posts\/210800\/revisions"}],"wp:featuredmedia":[{"embeddable":true,"href":"https:\/\/www.europesays.com\/si\/wp-json\/wp\/v2\/media\/210801"}],"wp:attachment":[{"href":"https:\/\/www.europesays.com\/si\/wp-json\/wp\/v2\/media?parent=210800"}],"wp:term":[{"taxonomy":"category","embeddable":true,"href":"https:\/\/www.europesays.com\/si\/wp-json\/wp\/v2\/categories?post=210800"},{"taxonomy":"post_tag","embeddable":true,"href":"https:\/\/www.europesays.com\/si\/wp-json\/wp\/v2\/tags?post=210800"}],"curies":[{"name":"wp","href":"https:\/\/api.w.org\/{rel}","templated":true}]}}