{"id":210836,"date":"2026-09-01T00:03:31","date_gmt":"2026-09-01T00:03:31","guid":{"rendered":"https:\/\/www.europesays.com\/si\/210836\/"},"modified":"2026-09-01T00:03:31","modified_gmt":"2026-09-01T00:03:31","slug":"maribor-le-strl-nafto","status":"publish","type":"post","link":"https:\/\/www.europesays.com\/si\/210836\/","title":{"rendered":"Maribor le strl Nafto"},"content":{"rendered":"<p>Maribor je, kljub temu\u00a0da je v Lendavi pokazal ve\u010d obrazov, zaslu\u017eeno pri\u0161el do nove zmage in kot edini v ligi \u0161e ni do\u017eivel poraza. Junak tekme je bil Tio Cipot z dvema goloma, zdaj ima skupaj s soigralci 15 to\u010dk, tri ve\u010d od prvega zasledovalca Kopra, branilec naslova Celje je po dana\u0161njem porazu v Grosupljem ostal pri osmih to\u010dkah, a ima dve tekmi v dobrem. Nafta ima sedem to\u010dk.<\/p>\n<p>Maribor\u010dani so od za\u010detka prevzeli pobudo in v sedmi minuti tudi povedli, ko je po podaji Isaaca Tshipambe z desne strani na drugi vratnici z nogo zadel Tio Cipot. Je pa moral gostujo\u010di strateg Darko Milani\u010d zaradi po\u0161kodbe Clauda Goncalvesa \u017ee v 13. minuti v igro poslati \u017dana Jev\u0161enaka. Takoj zatem je \u010cedomir Bumbi\u0107 pri\u0161el do novega strela po hitri mariborski akciji, toda Lucas Erjav\u0161ek je bil na mestu, prevlado Maribora pa je v 18. minuti potrdil \u0161e \u017dan Karni\u010dnik, ki je z roba kazenskega prostora unov\u010dil novo podajo Tshipambe za 2:0.<\/p>\n<p>    <a class=\"se-card__wrap se-card--link\" href=\"https:\/\/www.dnevnik.si\/sport\/nogomet\/trencovski-vse-kritike-si-se-kako-zasluzimo-2824357\/\" data-upscore-url=\"\" rel=\"nofollow noopener\" target=\"_blank\"><\/p>\n<p>        <img decoding=\"async\" class=\"se-image se-image--card\" src=\"https:\/\/www.europesays.com\/si\/wp-content\/uploads\/2026\/09\/Wide-IMG_0963-400.webp\" alt=\"- 29.08.2026 - nogmet - 1.SNL - Kalcer Radomlje: Olimpija Ljubljana\/\/FOTO: Jaka Gasar\"\/><\/p>\n<p>Prva liga<\/p>\n<p>Tren\u010dovski: Udarjajo po nas, a nismo v vojni z mediji<\/p>\n<p>    <\/a><\/p>\n<p>Gostje\u00a0so \u0161e naprej imeli vse pod nadzorom, doma\u010dim niso dovolili prakti\u010dno ni\u010desar, a \u0161e pred koncem pol\u010dasa so morali opraviti novo zamenjavo zaradi po\u0161kodbe. Pred\u010dasno je z igri\u0161\u010da od\u0161el Bumbi\u0107, zamenjal ga je Omar Rekik. Tik preden sta se ekipi odpravili na glavni odmor, pa je Luka Poredo\u0161 kar malce nepri\u010dakovano Lendav\u010dane vrnil v igro, potem ko je zadel z 18 metrov z nizkim strelom, \u017eoga je na poti proti mre\u017ei zadela \u0161e vratnico. Lendavska zasedba je izkoristila to spodbudo in v 52. minuti izena\u010dila. Po podaji z desne strani je Amadej Maro\u0161a na drugi vratnici z volejem poskrbel za 2:2. To pa je vendarle spodbudilo tudi vijoli\u010dne k znova aktivnej\u0161i predstavi, Tshipamba je bil nevaren po dobri uri igre, a so Lendav\u010dani kar hitro umirili kratkotrajen pritisk tekmeca.<\/p>\n<p>Milani\u010d je nato osve\u017eil napad, navija\u010di njegove ekipe pa so se le razveselili v 78. minuti, ko je Cipot preigraval v kazenski prostor in nato uspe\u0161no, tudi z malce Poredo\u0161eve &#8220;pomo\u010di&#8221;, kon\u010dal akcijo za kon\u010dnih 3:2. Nafta bo v 8. krogu v petek gostila Kalcer Radomlje, Maribor pa bo dva dni pozneje gostil Muro.<\/p>\n","protected":false},"excerpt":{"rendered":"Maribor je, kljub temu\u00a0da je v Lendavi pokazal ve\u010d obrazov, zaslu\u017eeno pri\u0161el do nove zmage in kot edini&hellip;\n","protected":false},"author":2,"featured_media":210837,"comment_status":"","ping_status":"","sticky":false,"template":"","format":"standard","meta":{"footnotes":"","_share_on_mastodon":"0"},"categories":[22],"tags":[150,462,264,240,62,37,58,60,38],"class_list":["post-210836","post","type-post","status-publish","format-standard","has-post-thumbnail","category-maribor","tag-maribor","tag-nafta","tag-nogomet","tag-prva-liga","tag-si","tag-slovene","tag-slovenia","tag-slovenija","tag-slovenscina"],"share_on_mastodon":{"url":"https:\/\/pubeurope.com\/@si\/117192858467796421","error":""},"_links":{"self":[{"href":"https:\/\/www.europesays.com\/si\/wp-json\/wp\/v2\/posts\/210836","targetHints":{"allow":["GET"]}}],"collection":[{"href":"https:\/\/www.europesays.com\/si\/wp-json\/wp\/v2\/posts"}],"about":[{"href":"https:\/\/www.europesays.com\/si\/wp-json\/wp\/v2\/types\/post"}],"author":[{"embeddable":true,"href":"https:\/\/www.europesays.com\/si\/wp-json\/wp\/v2\/users\/2"}],"replies":[{"embeddable":true,"href":"https:\/\/www.europesays.com\/si\/wp-json\/wp\/v2\/comments?post=210836"}],"version-history":[{"count":0,"href":"https:\/\/www.europesays.com\/si\/wp-json\/wp\/v2\/posts\/210836\/revisions"}],"wp:featuredmedia":[{"embeddable":true,"href":"https:\/\/www.europesays.com\/si\/wp-json\/wp\/v2\/media\/210837"}],"wp:attachment":[{"href":"https:\/\/www.europesays.com\/si\/wp-json\/wp\/v2\/media?parent=210836"}],"wp:term":[{"taxonomy":"category","embeddable":true,"href":"https:\/\/www.europesays.com\/si\/wp-json\/wp\/v2\/categories?post=210836"},{"taxonomy":"post_tag","embeddable":true,"href":"https:\/\/www.europesays.com\/si\/wp-json\/wp\/v2\/tags?post=210836"}],"curies":[{"name":"wp","href":"https:\/\/api.w.org\/{rel}","templated":true}]}}