{"id":210886,"date":"2026-09-01T01:25:42","date_gmt":"2026-09-01T01:25:42","guid":{"rendered":"https:\/\/www.europesays.com\/si\/210886\/"},"modified":"2026-09-01T01:25:42","modified_gmt":"2026-09-01T01:25:42","slug":"pri-ministru-matozu-res-nimajo-srecne-roke-z-iskanjem-ponudnikov-vozil-kaj-smo-odkrili-tokrat","status":"publish","type":"post","link":"https:\/\/www.europesays.com\/si\/210886\/","title":{"rendered":"Pri ministru Matozu res nimajo sre\u010dne roke z iskanjem ponudnikov vozil, kaj smo odkrili tokrat?"},"content":{"rendered":"<p>Najemnike luksuznih vozil je v minulih dneh presenetila avtovleka v spremstvu detektiva. Avtomobile so jim odpeljali zaradi za\u0161\u010dite premo\u017eenja lizingodajalcev, smo izvedeli. Po neuradnih informacijah je o\u0161kodovana tudi Delavska hranilnica. Prav ta naj bi zaradi za\u0161\u010dite svojega premo\u017eenja ob nepla\u010devanju lizin\u0161kih obrokov Actinie avtovleko naro\u010dila in avtomobile odpeljala.\u00a0<\/p>\n<p>Minister za notranje zadeve in javno upravo Franci Matoz je po razkritju na\u0161ega portala Info360, da uporablja vozilo podjetja Renty, ki je v solastni\u0161tvu enega od obto\u017eencev v zadevi Kava\u0161ki klan, pogodbo z njim\u00a0razdrl.\u00a0<\/p>\n<p>Zdaj je jasno, da so se na to konkretno podjetje in \u0161e na eno, ki se je v teh dneh zna\u0161lo v \u0161kripcih, na notranjem ministrstvu obrnili kar sami. Prvega julija letos so povpra\u0161evanje za najem vozil ob Rentyju posredovali \u0161e ponudnikom: ABC rent a car in turizem d.o. o. \u2013 Europcar Slovenija, Actinia d. o. o., Porsche leasing SLO in\u00a0Avtovleka Hajdinjak d. o. o., so za na\u0161 portal razkrili\u00a0na ministrstvu.<\/p>\n<p>  <a class=\"se-card__wrap se-card--link\" href=\"https:\/\/info360.si\/politika\/matoz-po-nasem-razkritju-s-cigavim-avtom-se-vozi-pogodbo-odpovedal\/\" rel=\"nofollow noopener\" target=\"_blank\"><\/p>\n<p>        <img decoding=\"async\" class=\"se-image se-image--card\" src=\"https:\/\/www.europesays.com\/si\/wp-content\/uploads\/2026\/09\/H-Franci-Matoz-400.webp\" alt=\"Foto: Borut \u017divulovi\u0107\/F.A.Bobo\"\/><\/p>\n<p>  <\/a><\/p>\n<p>       <a class=\"se-card__wrap se-card--link\" href=\"https:\/\/info360.si\/politika\/matoz-po-nasem-razkritju-s-cigavim-avtom-se-vozi-pogodbo-odpovedal\/\" rel=\"nofollow noopener\" target=\"_blank\"><\/p>\n<p>Matoz po na\u0161em razkritju, s \u010digavim avtom se vozi, pogodbo odpovedal<\/p>\n<p>    <\/a><\/p>\n<p>V zvezi z iskanjem vozila za ministra Matoza\u00a0so bili precej redkobesedni. Glede na ocenjeno vrednost\u00a0so v tej zadevi\u00a0izvedli\u00a0eviden\u010dno naro\u010dilo male vrednosti, in sicer z zbiranjem ponudb potencialnih ponudnikov. V tak\u0161nih primerih naro\u010dila ni treba voditi prek portala javnih naro\u010dil, kot to velja pri vi\u0161jih vrednostih, pojasnjujejo v slu\u017ebi za odnose z javnostmi ministrstva.\u00a0<\/p>\n<p>Prav tako pri omenjenem postopku ni sodelovala posebna komisija, ampak ve\u010d uslu\u017ebencev iz\u00a0pristojnih notranjih organizacijskih enot. Za koga to\u010dno je \u0161lo, ne razkrivajo:<\/p>\n<p class=\"SEClass1\">\u00bbImena posameznih javnih uslu\u017ebencev ne navajamo, saj za njihovo navedbo v konkretnem primeru oziroma\u00a0za obravnavano zadevo niso relevantna.\u00ab<\/p>\n<p>Posredovali pa so nam tehni\u010dno specifikacijo, na podlagi katere so pri Renty najeli avtomobil znamke Audi.<\/p>\n<p>        <img decoding=\"async\" data-lb-desktop=\"\/media\/2026\/08\/21\/5086\/O-tinywow_razpis_najem_MNZ__1__91528427_1-1080.webp\" data-lb-mobile=\"\/media\/2026\/08\/21\/5086\/O-tinywow_razpis_najem_MNZ__1__91528427_1-800.webp\" class=\"se_image se_image_lb\" src=\"https:\/\/www.europesays.com\/si\/wp-content\/uploads\/2026\/09\/O-tinywow_razpis_najem_MNZ__1__91528427_1-800.webp\" alt=\"MNZ razpisna dokumentacija\"\/><\/p>\n<p>Vir: ministrstvo za notranje zadeve in javno upravo<\/p>\n<p>Postopke bodo \u0161e naprej\u00a0izvajali skladno z zakonodajo in pravili javnega naro\u010danja, napovedujejo na ministrstvu:<\/p>\n<p class=\"SEClass1\">\u00bbZaradi dodatnega zmanj\u0161evanja integritetnih in uglednih tveganj se bodo \u0161e dodatno okrepili notranji kontrolni mehanizmi, pri \u010demer bo preverjanje izvedeno v okviru zakonskih pristojnosti naro\u010dnika in na podlagi objektivnih ter preverljivih podatkov.\u00ab<\/p>\n<p>Medtem pa na dan prihajajo nove informacije o podjetjih, na katera so se obrnili.<\/p>\n<p>\u0160e en problemati\u010den ponudnik?<\/p>\n<p>Ministrstvo je povpra\u0161evanje naslovilo tudi na dru\u017ebo Actinia, ki se ukvarja z oddajanjem luksuznih avtomobilov. A o\u010ditno niti v tem primeru ni imelo sre\u010dne roke.<\/p>\n<p class=\"SEClass2\">Po na\u0161ih neuradnih informacijah je\u00a0avtovleka\u00a0v spremstvu zasebnega detektiva\u00a0v minulih dneh ve\u010d najemnikom njihovih vozil ta odpeljali. Med drugim se Actinii po besedah na\u0161ih virov o\u010dita\u00a0goljufanje pri homologacijah ter sklepanje\u00a0dvojnih lizingov\u00a0na iste avtomobile. Ve\u010d avtomobilov naj bi tako registrirali hkrati v Avstriji in Sloveniji.<\/p>\n<p class=\"SEClass1\">V podjetju odgovarjajo, da so odgovorne osebe trenutno na dopustu, zato bodo pojasnila podali 1. septembra.\u00a0<\/p>\n<p>V Delavski hranilnici, kjer svojim strankam ponujajo tudi mo\u017enost lizinga, so ob na\u0161em preverjanju povedali, da so \u00bbz omenjenim primerom seznanjeni\u00ab. Po neuradnih informacijah je storitva zasebnega detektiva Benjamina Ga\u0161pari\u010da\u00a0in avtovleko naro\u010dila prav Delavska hranilnica, ki naj bi bila po neuradnih ocenah o\u0161kodovana za ve\u010d sto tiso\u010d evrov, skupen\u00a0dolg Actinie pa naj bi dosegel celo \u0161est milijonov evrov.\u00a0\u00a0<\/p>\n<p>Ker gre za konkretna pogodbena razmerja in postopke, posameznih okoli\u0161\u010din\u00a0ne morejo podrobneje komentirati, poudarja Tina Vuleta, direktorica komuniciranja v Delavski hranilnici.<\/p>\n<p class=\"SEClass1\">\u00bbLahko pa pojasnimo, da dru\u017eba DH Leasing kot lastnik vozil ravna v skladu s svojimi pogodbenimi in zakonskimi upravi\u010denji ter pri tem skrbno upo\u0161teva interese vseh vpletenih oseb. Okoli\u0161\u010dine posameznih primerov trenutno preverjamo, zato dodatnih informacij za zdaj ne moremo podati.\u00ab<\/p>\n<p>Policija z zadevo ni seznanjena.<\/p>\n<p>Medtem na ljubljanski policijski upravi v\u00a0okviru varstva osebnih podatkov in interesa preiskave lahko zgolj potrdijo slede\u010de:\u00a0<\/p>\n<p class=\"SEClass1\">Na podlagi prejete pisne prijave lizingodajalca vodimo predkazenski postopek zaradi suma kaznivih dejanj zatajitve zoper eno izmed podjetij s sede\u017eem na obmo\u010dju Ljubljane. V postopku policija ni zasegala vozil.<\/p>\n<p>O svojih ugotovitvah bodo obvestili pristojno dr\u017eavno to\u017eilstvo.<\/p>\n<p>Podoben okus za vozila<\/p>\n<p>Na zgodbo\u00a0z najemom vozil smo naleteli, ko smo preverjali, <a href=\"https:\/\/info360.si\/aktualno\/jansa-se-vozi-s-sportnim-terencem-za-najem-matozove-limuzine-pa-odstejemo-kar-5100-evrov-na-mesec\/\" target=\"_blank\" rel=\"nofollow noopener\">katere\u00a0avte najemajo ministri<\/a>. Za notranjega ministra, ki je varovana oseba, so pri podjetju\u00a0Renty rent a car, Navis mobil, d. o. o. za \u0161tiri mesece najeli\u00a0avtomobil znamke Audi, model A8, letnik 2023. Na mesec so zanj od\u0161teli 5.100 evrov. Izkazalo se je, da gre za podjetje v solastni\u0161tvu Semirja Hajdarpa\u0161i\u010da, enega od osumljenih v zadevi Kava\u0161ki klan, ki pa so ga marca letos oprostili.<\/p>\n<p>  <a class=\"se-card__wrap se-card--link\" href=\"https:\/\/info360.si\/politika\/ministra-matoza-voziju-v-avtomobilu-enega-od-osumljenih-v-zadevi-kavaski-klan\/\" rel=\"nofollow noopener\" target=\"_blank\"><\/p>\n<p>        <img decoding=\"async\" class=\"se-image se-image--card\" src=\"https:\/\/www.europesays.com\/si\/wp-content\/uploads\/2026\/09\/H-matoz-400.webp\" alt=\"Slovenija, Ljubljana, 05.06.2026, 05. junij 2026Primopredaja poslov ministrstvo za javno upravo, politika, Franci Matoz,Foto: Marko Vavpoti\u010d\/F.A.Bobo\"\/><\/p>\n<p>  <\/a><\/p>\n<p>       <a class=\"se-card__wrap se-card--link\" href=\"https:\/\/info360.si\/politika\/ministra-matoza-voziju-v-avtomobilu-enega-od-osumljenih-v-zadevi-kavaski-klan\/\" rel=\"nofollow noopener\" target=\"_blank\"><\/p>\n<p>Ministra Matoza vozijo v avtomobilu enega od osumljenih v zadevi Kava\u0161ki klan<\/p>\n<p>    <\/a><\/p>\n<p>Medijskih navedb oziroma kvalifikacij glede domnevnih povezav posameznih oseb s kriminalom ministrstvo ne more komentirati,\u00a0so se odzvali tedaj. Prav tako ni znano, ali bodo odgovorni za izbiro podjetij, na katera so naslovili povpra\u0161evanje, sankcionirani.<\/p>\n<p>A z omenjenim podjetjem so sodelovali tudi drugi prora\u010dunski uporabniki.<\/p>\n<p>  <a class=\"se-card__wrap se-card--link\" href=\"https:\/\/info360.si\/politika\/matoz-edini-minister-ki-se-vozi-v-avtu-prijatelja-sefa-kavaskega-klana\/\" rel=\"nofollow noopener\" target=\"_blank\"><\/p>\n<p>        <img decoding=\"async\" class=\"se-image se-image--card\" src=\"https:\/\/www.europesays.com\/si\/wp-content\/uploads\/2026\/09\/H-matoz3-400.webp\" alt=\"Franci Matoz\"\/><\/p>\n<p>  <\/a><\/p>\n<p>       <a class=\"se-card__wrap se-card--link\" href=\"https:\/\/info360.si\/politika\/matoz-edini-minister-ki-se-vozi-v-avtu-prijatelja-sefa-kavaskega-klana\/\" rel=\"nofollow noopener\" target=\"_blank\"><\/p>\n<p>Matoz edini minister, ki se vozi v avtu prijatelja \u0161efa kava\u0161kega klana<\/p>\n<p>    <\/a><\/p>\n","protected":false},"excerpt":{"rendered":"Najemnike luksuznih vozil je v minulih dneh presenetila avtovleka v spremstvu detektiva. Avtomobile so jim odpeljali zaradi za\u0161\u010dite&hellip;\n","protected":false},"author":2,"featured_media":210887,"comment_status":"","ping_status":"","sticky":false,"template":"","format":"standard","meta":{"footnotes":"","_share_on_mastodon":"0"},"categories":[6],"tags":[31108,8559,3341,59,61,62,37,58,60,38,3123],"class_list":["post-210886","post","type-post","status-publish","format-standard","has-post-thumbnail","category-slovenija","tag-franci-matoz","tag-ministrstvo-za-notranje-zadeve","tag-najem","tag-republic-of-slovenia","tag-republika-slovenija","tag-si","tag-slovene","tag-slovenia","tag-slovenija","tag-slovenscina","tag-vozila"],"share_on_mastodon":{"url":"https:\/\/pubeurope.com\/@si\/117193181180828654","error":""},"_links":{"self":[{"href":"https:\/\/www.europesays.com\/si\/wp-json\/wp\/v2\/posts\/210886","targetHints":{"allow":["GET"]}}],"collection":[{"href":"https:\/\/www.europesays.com\/si\/wp-json\/wp\/v2\/posts"}],"about":[{"href":"https:\/\/www.europesays.com\/si\/wp-json\/wp\/v2\/types\/post"}],"author":[{"embeddable":true,"href":"https:\/\/www.europesays.com\/si\/wp-json\/wp\/v2\/users\/2"}],"replies":[{"embeddable":true,"href":"https:\/\/www.europesays.com\/si\/wp-json\/wp\/v2\/comments?post=210886"}],"version-history":[{"count":0,"href":"https:\/\/www.europesays.com\/si\/wp-json\/wp\/v2\/posts\/210886\/revisions"}],"wp:featuredmedia":[{"embeddable":true,"href":"https:\/\/www.europesays.com\/si\/wp-json\/wp\/v2\/media\/210887"}],"wp:attachment":[{"href":"https:\/\/www.europesays.com\/si\/wp-json\/wp\/v2\/media?parent=210886"}],"wp:term":[{"taxonomy":"category","embeddable":true,"href":"https:\/\/www.europesays.com\/si\/wp-json\/wp\/v2\/categories?post=210886"},{"taxonomy":"post_tag","embeddable":true,"href":"https:\/\/www.europesays.com\/si\/wp-json\/wp\/v2\/tags?post=210886"}],"curies":[{"name":"wp","href":"https:\/\/api.w.org\/{rel}","templated":true}]}}