{"id":210896,"date":"2026-09-01T01:56:12","date_gmt":"2026-09-01T01:56:12","guid":{"rendered":"https:\/\/www.europesays.com\/si\/210896\/"},"modified":"2026-09-01T01:56:12","modified_gmt":"2026-09-01T01:56:12","slug":"pogacar-odsel-z-ursko-v-savno-tekmeci-pa-so-se-lotili-njegovega-kolesa","status":"publish","type":"post","link":"https:\/\/www.europesays.com\/si\/210896\/","title":{"rendered":"Poga\u010dar od\u0161el z Ur\u0161ko v savno, tekmeci pa so se lotili njegovega kolesa"},"content":{"rendered":"<p><a href=\"https:\/\/www.delo.si\/tag\/tadej-pogacar\" target=\"_blank\" rel=\"nofollow noopener\">Tadej Poga\u010dar<\/a> je \u017eelel le pre\u017eiveti nekaj \u010dasa s partnerko <a href=\"https:\/\/www.delo.si\/tag\/urska-zigart\" target=\"_blank\" rel=\"nofollow noopener\">Ur\u0161ko \u017digart<\/a>, \u0161tirje mehaniki konkuren\u010dnega mo\u0161tva pa so medtem dobili prilo\u017enost, ki je niso nameravali izpustiti iz rok. Slovenski kolesarski zvezdnik jim je pred odhodom v savno zaupal svoje kolo, oni pa so ga, takoj ko je izginil izpred njihovih o\u010di, stehtali, izmerili in podrobno analizirali.<\/p>\n<p>Nenavadno zgodbo izpred pribli\u017eno dveh let je v svoji kolumni za belgijski Het Nieuwsblad razkril nekdanji dolgoletni \u0161ef mo\u0161tva <a href=\"https:\/\/www.delo.si\/tag\/soudal-quick-step\" target=\"_blank\" rel=\"nofollow noopener\">Soudal Quick-Step<\/a> Patrick Lefevere.<\/p>\n<p>Poga\u010dar je pozimi s kolesom obiskal hotel Suitopia v \u0160paniji, kjer je bila nastanjena tudi \u017digartova. Ker sta nameravala skupaj v savno, je slovenski \u0161ampion mehanike Quick-Stepa vpra\u0161al, ali lahko svoje kolo za nekaj \u010dasa pusti v njihovi kolesarnici.<\/p>\n<p>Dovoljenje je seveda dobil. Kar je sledilo, pa najbr\u017e ni bilo povsem tisto, kar je imel v mislih.<\/p>\n<p>\u0160tirje mehaniki so sko\u010dili na kolo<\/p>\n<p>\u00bbTakoj ko je Pogi izginil izpred o\u010di, so na\u0161i mehaniki sko\u010dili na kolo,\u00ab je razkril Lefevere. \u0160tirje \u010dlani osebja so Poga\u010darjev <a href=\"https:\/\/www.delo.si\/tag\/colnago\" target=\"_blank\" rel=\"nofollow noopener\">colnago<\/a> stehtali, opravili meritve in pregledali njegove nastavitve. Ni\u010desar sicer niso razstavili, \u010deprav se je Lefevere po\u0161alil, da po pripovedovanju mehanikov od tega niso bili dale\u010d.<\/p>\n<p>Poga\u010dar po njegovih besedah niti pomislil ni, da bi lahko tekmecem s tem razkril katero od svojih skrivnosti. Za mehanike pa je bilo kolo enega najbolj\u0161ih kolesarjev vseh \u010dasov preprosto preve\u010d zanimivo, da bi ga pustili nedotaknjeno\u00a0v kotu.<\/p>\n<p>Velikega Poga\u010darjevega skrivnega oro\u017eja vendarle niso na\u0161li. Lefevere je pojasnil, da je imel proizvajalec Colnago neko\u010d sloves nekoliko te\u017ejih koles v primerjavi s konkurenco, vendar takrat to ni ve\u010d dr\u017ealo.<\/p>\n<p>Najbolj jih je presenetil polo\u017eaj slovenskega zvezdnika na kolesu. Opazili so predvsem nastavitev sede\u017ea, zaradi katere je Poga\u010dar glede na gonilni le\u017eaj sedel precej pomaknjeno naprej.<\/p>\n<p>To je bilo najve\u010d, kar so lahko odkrili v \u010dasu enega obiska savne.<\/p>\n<p>Lefevere je zgodbo sklenil \u0161e z zna\u010dilno pripombo. Za vse, ki bi po vseh Poga\u010darjevih zmagah \u0161e vedno dvomili, je imel odgovor: pregled je pokazal, da motorja v njegovem kolesu ni bilo.<\/p>\n<p><img decoding=\"async\" class=\"article__img-tag-visible\" src=\"https:\/\/www.europesays.com\/si\/wp-content\/uploads\/2026\/09\/3713335.width-660.format-webp.webp\" alt=\"Tadej Poga\u010dar in Ur\u0161ka \u017digart sta \u017ee vrsto let najve\u010dja navija\u010da drug drugega, v oporo sta si tako na kolesu kot drugod. Poga\u010dar je ve\u010dkrat poudaril, da bi brez Ur\u0161kine podpore veliko te\u017eje dosegal uspehe, sam pa njene nastope spremlja in ji stoji ob strani, kadar mu tekmovalni urnik\u00a0dopu\u0161\u010da. FOTO: Dario Belingheri\/AFP\" img_id=\"15053692\" data-img-id=\"15053692\"\/><\/p>\n<p>Tadej Poga\u010dar in Ur\u0161ka \u017digart sta \u017ee vrsto let najve\u010dja navija\u010da drug drugega, v oporo sta si tako na kolesu kot drugod. Poga\u010dar je ve\u010dkrat poudaril, da bi brez Ur\u0161kine podpore veliko te\u017eje dosegal uspehe, sam pa njene nastope spremlja in ji stoji ob strani, kadar mu tekmovalni urnik\u00a0dopu\u0161\u010da. FOTO: Dario Belingheri\/AFP<\/p>\n<p>\u00bbLahko bi bil va\u0161 sosed\u00ab<\/p>\n<p>Anekdota je po Lefeverovih besedah pokazala tudi drugo plat Poga\u010darja. \u010ceprav ga osebno ne pozna dobro, ga je ve\u010dkrat videl v trenutkih brez kamer in velike pozornosti, njegov vtis pa je vedno podoben.<\/p>\n<p>Poga\u010dar in \u017digartova sta med zimskimi obiski pogosto povsem neopazno sedela v hotelski avli. \u010clovek, ki ne spremlja kolesarstva, po Lefeverovih besedah te\u017eko ugane, da je fant v jopici s kapuco najbolj\u0161i kolesar na svetu.<\/p>\n<p>Nekdanji prvi mo\u017e Quick-Stepa ga je ozna\u010dil tudi za kolesarja z najve\u010djo lakoto po zmagah po <a href=\"https:\/\/www.delo.si\/tag\/eddy-merckx\" target=\"_blank\" rel=\"nofollow noopener\">Eddyju Merckxu<\/a>, a meni, da mu izjemni uspehi niso odvzeli spro\u0161\u010denosti in preprostosti.<\/p>\n<p>\u00bbPreprost\u00a0fant, ki bi bil lahko tudi tvoj sosed,\u00ab je Poga\u010darja opisal Lefevere.<\/p>\n","protected":false},"excerpt":{"rendered":"Tadej Poga\u010dar je \u017eelel le pre\u017eiveti nekaj \u010dasa s partnerko Ur\u0161ko \u017digart, \u0161tirje mehaniki konkuren\u010dnega mo\u0161tva pa so&hellip;\n","protected":false},"author":2,"featured_media":210897,"comment_status":"","ping_status":"","sticky":false,"template":"","format":"standard","meta":{"footnotes":"","_share_on_mastodon":"0"},"categories":[16],"tags":[33211,11647,51742,51743,35186,13662,51744,44848,62,37,58,60,38,17739,94,93,1874,2878],"class_list":["post-210896","post","type-post","status-publish","format-standard","has-post-thumbnail","category-sport","tag-colnago","tag-eddy-merckx","tag-het-nieuwsblad","tag-hotel-suitopia","tag-kolesarska-oprema","tag-kolo","tag-mehaniki","tag-patrick-lefevere","tag-si","tag-slovene","tag-slovenia","tag-slovenija","tag-slovenscina","tag-soudal-quick-step","tag-sport","tag-sports","tag-tadej-pogacar","tag-urska-zigart"],"share_on_mastodon":{"url":"https:\/\/pubeurope.com\/@si\/117193302830399308","error":""},"_links":{"self":[{"href":"https:\/\/www.europesays.com\/si\/wp-json\/wp\/v2\/posts\/210896","targetHints":{"allow":["GET"]}}],"collection":[{"href":"https:\/\/www.europesays.com\/si\/wp-json\/wp\/v2\/posts"}],"about":[{"href":"https:\/\/www.europesays.com\/si\/wp-json\/wp\/v2\/types\/post"}],"author":[{"embeddable":true,"href":"https:\/\/www.europesays.com\/si\/wp-json\/wp\/v2\/users\/2"}],"replies":[{"embeddable":true,"href":"https:\/\/www.europesays.com\/si\/wp-json\/wp\/v2\/comments?post=210896"}],"version-history":[{"count":0,"href":"https:\/\/www.europesays.com\/si\/wp-json\/wp\/v2\/posts\/210896\/revisions"}],"wp:featuredmedia":[{"embeddable":true,"href":"https:\/\/www.europesays.com\/si\/wp-json\/wp\/v2\/media\/210897"}],"wp:attachment":[{"href":"https:\/\/www.europesays.com\/si\/wp-json\/wp\/v2\/media?parent=210896"}],"wp:term":[{"taxonomy":"category","embeddable":true,"href":"https:\/\/www.europesays.com\/si\/wp-json\/wp\/v2\/categories?post=210896"},{"taxonomy":"post_tag","embeddable":true,"href":"https:\/\/www.europesays.com\/si\/wp-json\/wp\/v2\/tags?post=210896"}],"curies":[{"name":"wp","href":"https:\/\/api.w.org\/{rel}","templated":true}]}}