{"id":210902,"date":"2026-09-01T02:02:11","date_gmt":"2026-09-01T02:02:11","guid":{"rendered":"https:\/\/www.europesays.com\/si\/210902\/"},"modified":"2026-09-01T02:02:11","modified_gmt":"2026-09-01T02:02:11","slug":"primoz-roglic-bo-se-dihal-za-ovratnik-rdeci-majici-delo-si","status":"publish","type":"post","link":"https:\/\/www.europesays.com\/si\/210902\/","title":{"rendered":"Primo\u017e Rogli\u010d bo \u0161e dihal za ovratnik rde\u010di majici &#8211; Delo.si"},"content":{"rendered":"<p><a href=\"https:\/\/news.google.com\/rss\/articles\/CBMikgFBVV95cUxOd3VibHpSYzB4cXhFY25iVEllcDRIaVJ2SUlQNUFoZ1BpaWoxMk93RTdzR0MzMmFYemtvcU1HZU1XY0h6blpJazdqUmNHT1FSLWM2XzNOVmNQaUJLRk5iSE9BVlI1RnZOVHR4QXo0ajhkR0pobktBck1yYkg0S2RJN1RjWEtqUXVuR1ZTU2FGNlhNQQ?oc=5\" target=\"_blank\" rel=\"nofollow noopener\">Primo\u017e Rogli\u010d bo \u0161e dihal za ovratnik rde\u010di majici<\/a>&nbsp;&nbsp;Delo.si<a href=\"https:\/\/news.google.com\/rss\/articles\/CBMiiwFBVV95cUxNdWVrcHNxcHJxTEx0WjhTckxsRWhhYlZyX2ZUczV1c1E4SHJSWFFyYjlFdERScVEzaDZvZVN1LWM4OUhBYUtaazJSRXVwbE0wUWhTTE5Yc3hERTJOc2NyZjNoS05pTWxfcEFKU0Y4SjlzUkV6Wnc0VUF5eF8wOWdIODZsN2ZEaTQ1OUZV?oc=5\" target=\"_blank\" rel=\"nofollow noopener\">Na vrhu Aitane slavje rde\u010dega Masa, Rogli\u010d tretji<\/a>&nbsp;&nbsp;rtvslo.si<a href=\"https:\/\/news.google.com\/rss\/articles\/CBMitwFBVV95cUxQVlV5ZEFObEVyYkJUaXVrMWdkNFlydmlBSFVHdUVGOUFRUFJjb2NETWVQTG5ONDYzbUgxeDY4cUJJdm9XRWpHX3ZXYUdKQW8wOVRnZWJPZVpzaGFPS05ickxlTTg3X29KZjJOWUVjLWFuV0JXY1lrUnYwbmZoSWo4SGMxWGxyLTJCY2UxVTl3U3VVUzdVYzdsQzRuLTdxek9RZW51bE1qMDZ2VExZNFdHVUZheUxPVEU?oc=5\" target=\"_blank\" rel=\"nofollow noopener\">Rogli\u010d: Vsekakor je dirka zdaj odprta, a tak\u0161nega odstopa ne \u017eelim nikomur<\/a>&nbsp;&nbsp;24ur.com<a href=\"https:\/\/news.google.com\/rss\/articles\/CBMikwFBVV95cUxPZDY5MURjY0pVbERVQ2N6TzVpOW5YQ05qODRzcVhadUZOeHBFNTRYNnA2NHpsVGZYbmtuZUtpQkZvYmtFenZYNXJRMUNTM1EwSFJHeGJUWU82Nk1HQWxxSXFiUU5oOEsySkY1aXZvVzJPaVBibGRkWkJkc0JUYXRvQThocXJ1bXk1Q0c3RzRmS213MU0?oc=5\" target=\"_blank\" rel=\"nofollow noopener\">Rde\u010di biki imajo na\u010drt, po zmago s Primo\u017eem Rogli\u010dem<\/a>&nbsp;&nbsp;Delo.si<a href=\"https:\/\/news.google.com\/rss\/articles\/CBMi1AFBVV95cUxQSGpoNjR4UFplUGpaQVJhOTYwdldITnhWV0xwSm5na0JvdmpUZlllcVBGcjJCOGlZbWZad0lKalQySTZNQ2QwS21TVVd5dGt0eDJQUVlic2ZvbUN4Ump1VG9TbTF1OHZNaUNGRXV2RGR2WTJqZV84UnRDazc0eGR1SkhoenJHR2dZcFd3THVUYmJsQXkyZ2pqOWZLeFNqQUJHWXU2RnQwUmVTZENfUjFULU1fMnlQLXZOQXpSUkFpbjVhdGJObk1TSmE1aEx6NWNlcmdBVw?oc=5\" target=\"_blank\" rel=\"nofollow noopener\">\u010cerin: Na vzponih pomo\u010dnik ne more veliko pomagati, na ravnini pa ima Rogli\u010d dobro podporo<\/a>&nbsp;&nbsp;Dnevnik<\/p>\n","protected":false},"excerpt":{"rendered":"Primo\u017e Rogli\u010d bo \u0161e dihal za ovratnik rde\u010di majici&nbsp;&nbsp;Delo.siNa vrhu Aitane slavje rde\u010dega Masa, Rogli\u010d tretji&nbsp;&nbsp;rtvslo.siRogli\u010d: Vsekakor je&hellip;\n","protected":false},"author":2,"featured_media":210903,"comment_status":"","ping_status":"","sticky":false,"template":"","format":"standard","meta":{"footnotes":"","_share_on_mastodon":"0"},"categories":[20],"tags":[24180,47596,25322,32,4592,618,35,31,34,36,4557,37,38,1874,33,46867],"class_list":["post-210902","post","type-post","status-publish","format-standard","has-post-thumbnail","category-novice","tag-dirka-po-spaniji","tag-enric-mas","tag-felix-gall","tag-headlines","tag-jakob-omrzel","tag-kolesarstvo","tag-najpomembnejse-novice","tag-news","tag-novice","tag-osrednje-novice","tag-primoz-roglic","tag-slovene","tag-slovenscina","tag-tadej-pogacar","tag-top-stories","tag-vuelta-2026"],"share_on_mastodon":{"url":"https:\/\/pubeurope.com\/@si\/117193326374380325","error":""},"_links":{"self":[{"href":"https:\/\/www.europesays.com\/si\/wp-json\/wp\/v2\/posts\/210902","targetHints":{"allow":["GET"]}}],"collection":[{"href":"https:\/\/www.europesays.com\/si\/wp-json\/wp\/v2\/posts"}],"about":[{"href":"https:\/\/www.europesays.com\/si\/wp-json\/wp\/v2\/types\/post"}],"author":[{"embeddable":true,"href":"https:\/\/www.europesays.com\/si\/wp-json\/wp\/v2\/users\/2"}],"replies":[{"embeddable":true,"href":"https:\/\/www.europesays.com\/si\/wp-json\/wp\/v2\/comments?post=210902"}],"version-history":[{"count":0,"href":"https:\/\/www.europesays.com\/si\/wp-json\/wp\/v2\/posts\/210902\/revisions"}],"wp:featuredmedia":[{"embeddable":true,"href":"https:\/\/www.europesays.com\/si\/wp-json\/wp\/v2\/media\/210903"}],"wp:attachment":[{"href":"https:\/\/www.europesays.com\/si\/wp-json\/wp\/v2\/media?parent=210902"}],"wp:term":[{"taxonomy":"category","embeddable":true,"href":"https:\/\/www.europesays.com\/si\/wp-json\/wp\/v2\/categories?post=210902"},{"taxonomy":"post_tag","embeddable":true,"href":"https:\/\/www.europesays.com\/si\/wp-json\/wp\/v2\/tags?post=210902"}],"curies":[{"name":"wp","href":"https:\/\/api.w.org\/{rel}","templated":true}]}}