{"id":210920,"date":"2026-09-01T02:39:15","date_gmt":"2026-09-01T02:39:15","guid":{"rendered":"https:\/\/www.europesays.com\/si\/210920\/"},"modified":"2026-09-01T02:39:15","modified_gmt":"2026-09-01T02:39:15","slug":"je-putin-izgubil-stik-z-realnostjo-vojno-v-ukrajini-primerjal-z-orkami-in-polarnimi-medvedi","status":"publish","type":"post","link":"https:\/\/www.europesays.com\/si\/210920\/","title":{"rendered":"Je Putin izgubil stik z realnostjo?! Vojno v Ukrajini primerjal z \u00bborkami in polarnimi medvedi\u00ab"},"content":{"rendered":"<p>Ruski voditelj je pred za\u010detkom novega \u0161olskega leta nagovoril u\u010denke, u\u010dence in u\u010ditelje, pri tem pa jih je povsem presenetil z izjavo o polarnih medvedih, ki jih raztrgajo orke. To se je zgodilo kmalu za tem, ko je Zahodu poslal resno opozorilo in zatrdil, da je Kijev \u00bbodprl Pandorino skrinjo\u00ab.\u00a0<\/p>\n<p>Ko je Putin kon\u010dal nagovor, je eden od u\u010diteljev pripovedoval o svojem obisku Severnega te\u010daja, kjer je videl dva polarna medveda. Putin je izkoristil prilo\u017enost in se razgovoril o vrhunskih plavalcih in plenilcih:\u00a0\u00bbPredstavljajte si, prav tam \u017eivijo orke,\u00ab je dejal. \u00bbTe medvede pohrustajo kot majhne ribice. Enostavno napadejo in jih raztrgajo na kose.\u00ab\u00a0Nato je dodal: \u00bbVse to je zelo zanimivo. Gre za prehranjevalno verigo. Tudi otrokom je treba to razlo\u017eiti, da bodo razumeli svet, v katerem \u017eivimo, in zakaj izvajamo posebno voja\u0161ko operacijo.\u00ab Pri tem pa Putin z nobeno besedo ni pojasnil, kako naj bi bili napadi ork na polarne medvede povezani z razlogi za napad na Ukrajino. Je z jato ork primerjal Rusijo? Je bil nemo\u010dni polarni medved Volodimir Zelenski?\u00a0<\/p>\n<p>To sicer ni prvi\u010d, da se\u00a0Putin v javnosti obna\u0161a nenavadno. Junija letos je med obiskom Letalskega raziskovalnega in\u0161tituta Gromov v \u017dukovskem za\u010del ljube\u010de bo\u017eati kabino potni\u0161kega letala. \u0160e bolj nenavadno je, da se je Kremelj odlo\u010dil te fotografije celo objaviti, zaradi \u010desar je bil Putin po mnenju nekaterih videti kot junak kak\u0161ne izmed tistih ameri\u0161kih oddaj o ljudeh, ki se zaljubijo v svoj avtomobil in se ho\u010dejo z njim poro\u010diti.<\/p>\n","protected":false},"excerpt":{"rendered":"Ruski voditelj je pred za\u010detkom novega \u0161olskega leta nagovoril u\u010denke, u\u010dence in u\u010ditelje, pri tem pa jih je&hellip;\n","protected":false},"author":2,"featured_media":210921,"comment_status":"","ping_status":"","sticky":false,"template":"","format":"standard","meta":{"footnotes":"","_share_on_mastodon":"0"},"categories":[20],"tags":[32,16464,35,31,34,44344,36,51750,421,37,38,33,71,757,929,3794],"class_list":["post-210920","post","type-post","status-publish","format-standard","has-post-thumbnail","category-novice","tag-headlines","tag-kremelj","tag-najpomembnejse-novice","tag-news","tag-novice","tag-orke","tag-osrednje-novice","tag-polarni-medvedi","tag-rusija","tag-slovene","tag-slovenscina","tag-top-stories","tag-ukrajina","tag-vladimir-putin","tag-vojna-v-ukrajini","tag-zivali"],"share_on_mastodon":{"url":"https:\/\/pubeurope.com\/@si\/117193471644136326","error":""},"_links":{"self":[{"href":"https:\/\/www.europesays.com\/si\/wp-json\/wp\/v2\/posts\/210920","targetHints":{"allow":["GET"]}}],"collection":[{"href":"https:\/\/www.europesays.com\/si\/wp-json\/wp\/v2\/posts"}],"about":[{"href":"https:\/\/www.europesays.com\/si\/wp-json\/wp\/v2\/types\/post"}],"author":[{"embeddable":true,"href":"https:\/\/www.europesays.com\/si\/wp-json\/wp\/v2\/users\/2"}],"replies":[{"embeddable":true,"href":"https:\/\/www.europesays.com\/si\/wp-json\/wp\/v2\/comments?post=210920"}],"version-history":[{"count":0,"href":"https:\/\/www.europesays.com\/si\/wp-json\/wp\/v2\/posts\/210920\/revisions"}],"wp:featuredmedia":[{"embeddable":true,"href":"https:\/\/www.europesays.com\/si\/wp-json\/wp\/v2\/media\/210921"}],"wp:attachment":[{"href":"https:\/\/www.europesays.com\/si\/wp-json\/wp\/v2\/media?parent=210920"}],"wp:term":[{"taxonomy":"category","embeddable":true,"href":"https:\/\/www.europesays.com\/si\/wp-json\/wp\/v2\/categories?post=210920"},{"taxonomy":"post_tag","embeddable":true,"href":"https:\/\/www.europesays.com\/si\/wp-json\/wp\/v2\/tags?post=210920"}],"curies":[{"name":"wp","href":"https:\/\/api.w.org\/{rel}","templated":true}]}}