{"id":210984,"date":"2026-09-01T04:48:13","date_gmt":"2026-09-01T04:48:13","guid":{"rendered":"https:\/\/www.europesays.com\/si\/210984\/"},"modified":"2026-09-01T04:48:13","modified_gmt":"2026-09-01T04:48:13","slug":"deklica-kliknila-povezavo-in-postala-zrtev-grozljivih-zlorab-nasa-zivljenja-so-za-vselej-spremenjena","status":"publish","type":"post","link":"https:\/\/www.europesays.com\/si\/210984\/","title":{"rendered":"Deklica kliknila povezavo in postala \u017ertev grozljivih zlorab: \u00bbNa\u0161a \u017eivljenja so za vselej spremenjena\u00ab"},"content":{"rendered":"<p>V ZDA so na ve\u010d desetletij zapora obsodili spolnega predatorja, povezanega z zloglasno spletno skupino 764. Ob tem je spregovorila mati ene od \u017ertev, ki je v pogovoru s tujimi mediji opozorila\u00a0na resnost tega globalnega pojava.\u00a0<\/p>\n<p>\u00bbMoja lepa, prijazna in zaupljiva h\u010di je imela smolo, da je na stre\u017eniku Discord kliknila povezavo, ki jo je pripeljala do va\u0161e zlobne skupine. Nagovarjanje in psihi\u010dno nasilje sta se za\u010dela takoj, sledilo pa je nekaj nepredstavljivo travmati\u010dnega. Bili ste le eden od \u010dlanov, ki so jo zlorabljali in prisiljevali v stvari, ki jih ne bi smel do\u017eiveti noben mlad \u010dlovek,\u00ab\u00a0je Avstralka Olivia na sodi\u0161\u010du v Tennesseeju dejala\u00a027-letnemu\u00a0Kylu Spitzeju, ki so ga obsodili na 77 let zapora. Gre za doslej najvi\u0161jo kazen za \u010dlana te skupine, ki jo ameri\u0161ke oblasti ozna\u010dujejo za ekstremisti\u010dno in nihilisti\u010dno. Spitze je priznal krivdo za sodelovanje pri raz\u0161irjanju posnetkov mu\u010denja \u017eivali in spolne zlorabe otrok. Njegove \u017ertve so z vseh koncev sveta, mnoge med njimi pa \u0161e vedno niso identificirane. Njegov odvetnik je \u017ee napovedal prito\u017ebo.<\/p>\n<p>Ameri\u0161ko ministrstvo za pravosodje ugotavlja, da so kazniva dejanja potekala v okviru spletne skupine 764, znane po sadisti\u010dnem izsiljevanju mladih. Olivia je opisala, da so bili prvi dnevi po razkritju zlorabe stra\u0161ljivi: \u00bbNisem vedela, kaj se dogaja ali kaj naj storim. Osredoto\u010dila sem se le na to, da h\u010der fizi\u010dno za\u0161\u010ditim, medtem ko sem iskala pomo\u010d.\u00ab Prebrskati je morala aplikacije, ki jih mladina vsakodnevno uporablja, kot so Discord, Telegram, Instagram in Snapchat. Lokalna policija sprva ni mogla ukrepati, saj so storilci delovali iz tujine. Ko je leta pozneje izvedela za visoko zaporno kazen, se ji je odvalil kamen od srca, a hkrati so na povr\u0161je pri\u0161la \u010dustva po vseh letih\u00a0te\u017ekega boja.<\/p>\n<p><img decoding=\"async\" class=\"article__img-tag-visible\" src=\"https:\/\/www.europesays.com\/si\/wp-content\/uploads\/2026\/09\/3712991.width-660.format-webp.webp\" alt=\"Simboli\u010dna fotografija. FOTO: Jusun Getty Images\" img_id=\"11777081\" data-img-id=\"11777081\"\/><\/p>\n<p>Simboli\u010dna fotografija. FOTO: Jusun Getty Images<\/p>\n<p>Silil jih je v nepredstavljivo<\/p>\n<p>Pozor, ni za ob\u010dutljive!<\/p>\n<p>Preiskava je razkrila srhljive podrobnosti. Na kanalih, ki so delovali pod vodstvom Spitzeja, so preiskovalci na\u0161li posnetke mladoletnic, ki so si morale na telo vrezovati njegovo ime. Od enega od deklet je zahteval celo, da pred kamero ubije \u017eival, ob oklevanju pa ji je grozil z razkritjem osebnih podatkov in la\u017enimi prijavami policiji. Ko sta vzpostavila stik, je bila stara komaj 12 let. V primer je bil vpleten tudi obsojen\u010dev o\u010de, ki je dobil skoraj \u0161est let zapora, ker je vplival na \u017ertev in jo iz zapora silil k uni\u010denju dokazov.<\/p>\n<p>To storilci po\u010dnejo na\u010drtno. Kazniva dejanja pogosto spodbuja \u017eelja po prepoznavnosti v spletnem podzemlju, kjer si gradiva celo izmenjujejo kot vstopnico za dostop do zaprtih forumov. Storilci so najpogosteje mladostniki in mlaj\u0161i mo\u0161ki, \u017ertve pa dekleta podobne starosti.<\/p>\n<p>Napadalci uporabljajo premi\u0161ljene taktike za manipulacijo in\u00a0izsiljevanje. Podoben primer so obravnavali v Kaliforniji, kjer je bil obsojen 27-letni Dong Hwan Kim. Tudi njega je policiji prijavila najstnica iz Avstralije, potem ko ji je grozil, da bo njene fotografije poslal njenemu o\u010detu in delodajalcu.<\/p>\n<p>Lahka tar\u010da predatorjev<\/p>\n<p>Srhljivo pri vsem tem je, da se otroci v tak\u0161ne\u00a0situacije ujamejo zelo hitro. Olivia star\u0161em sporo\u010da, naj bodo pozorni na opozorilne znake:<\/p>\n<p>\tnenavadno pove\u010dana uporaba naprav ter izraziti napadi jeze ali stiske, \u010de jim napravo vzamete,<br \/>\n\tpretirana skrivnostnost in nenadno nezaupanje do najbli\u017ejih,<br \/>\n\tsamopo\u0161kodovanje,<br \/>\n\tpojavljanje nepojasnjenih daril ali po\u0161iljk.<\/p>\n<p>Ob tem poudarja, da je najpomembnej\u0161e, da star\u0161i otroka ne krivijo, temve\u010d mu zagotovijo varno okolje. \u00bb\u010ceprav je bil le eden od tistih, ki so prizadeli mojo h\u010der, ga to ne odve\u017ee odgovornosti za namerno uni\u010devanje \u017eivljenj, v katerem je u\u017eival,\u00ab dodaja Olivia. \u00bbDanes nam gre bolj\u0161e, vendar so na\u0161a \u017eivljenja za vselej spremenjena.\u00ab<\/p>\n","protected":false},"excerpt":{"rendered":"V ZDA so na ve\u010d desetletij zapora obsodili spolnega predatorja, povezanega z zloglasno spletno skupino 764. Ob tem&hellip;\n","protected":false},"author":2,"featured_media":210985,"comment_status":"","ping_status":"","sticky":false,"template":"","format":"standard","meta":{"footnotes":"","_share_on_mastodon":"0"},"categories":[8],"tags":[112,51772,21886,24212,779,503,11573,51773,37,38,2395,3747,64,63,5941],"class_list":["post-210984","post","type-post","status-publish","format-standard","has-post-thumbnail","category-svet","tag-kazen","tag-kyle-spitze","tag-mladoletnica","tag-mucenje","tag-nasilje","tag-otroci","tag-pedofil","tag-skupina-764","tag-slovene","tag-slovenscina","tag-spolna-zloraba","tag-spolne-zlorabe","tag-svet","tag-world","tag-zloraba"],"share_on_mastodon":{"url":"https:\/\/pubeurope.com\/@si\/117193979189561662","error":""},"_links":{"self":[{"href":"https:\/\/www.europesays.com\/si\/wp-json\/wp\/v2\/posts\/210984","targetHints":{"allow":["GET"]}}],"collection":[{"href":"https:\/\/www.europesays.com\/si\/wp-json\/wp\/v2\/posts"}],"about":[{"href":"https:\/\/www.europesays.com\/si\/wp-json\/wp\/v2\/types\/post"}],"author":[{"embeddable":true,"href":"https:\/\/www.europesays.com\/si\/wp-json\/wp\/v2\/users\/2"}],"replies":[{"embeddable":true,"href":"https:\/\/www.europesays.com\/si\/wp-json\/wp\/v2\/comments?post=210984"}],"version-history":[{"count":0,"href":"https:\/\/www.europesays.com\/si\/wp-json\/wp\/v2\/posts\/210984\/revisions"}],"wp:featuredmedia":[{"embeddable":true,"href":"https:\/\/www.europesays.com\/si\/wp-json\/wp\/v2\/media\/210985"}],"wp:attachment":[{"href":"https:\/\/www.europesays.com\/si\/wp-json\/wp\/v2\/media?parent=210984"}],"wp:term":[{"taxonomy":"category","embeddable":true,"href":"https:\/\/www.europesays.com\/si\/wp-json\/wp\/v2\/categories?post=210984"},{"taxonomy":"post_tag","embeddable":true,"href":"https:\/\/www.europesays.com\/si\/wp-json\/wp\/v2\/tags?post=210984"}],"curies":[{"name":"wp","href":"https:\/\/api.w.org\/{rel}","templated":true}]}}