{"id":211010,"date":"2026-09-01T05:24:15","date_gmt":"2026-09-01T05:24:15","guid":{"rendered":"https:\/\/www.europesays.com\/si\/211010\/"},"modified":"2026-09-01T05:24:15","modified_gmt":"2026-09-01T05:24:15","slug":"slovenski-odbojkarji-zadnji-na-wagnerjevem-memorialu","status":"publish","type":"post","link":"https:\/\/www.europesays.com\/si\/211010\/","title":{"rendered":"Slovenski odbojkarji zadnji na Wagnerjevem memorialu"},"content":{"rendered":"<p>\t\t\t\t\t\t\t\t<a href=\"https:\/\/www.europesays.com\/si\/wp-content\/uploads\/2026\/09\/67061608.jpg\" itemprop=\"contentUrl\" data-size=\"1200x800\" data-large=\"https:\/\/www.europesays.com\/si\/wp-content\/uploads\/2026\/09\/67061608.jpg\"><br \/>\n\t\t\t\t\t\t\t\t\t<img decoding=\"async\" src=\"https:\/\/www.europesays.com\/si\/wp-content\/uploads\/2026\/09\/67061608.jpg\" title=\"Slovenski odbojkarji so v Krakovu izgubili vse tri tekme. Foto: volleyballworld.com\" alt=\"Slovenski odbojkarji so v Krakovu izgubili vse tri tekme. Foto: volleyballworld.com\"\/><br \/>\n\t\t\t\t\t\t\t\t<\/a><\/p>\n<p>\t\t\t\t\t\t\t\t\tSlovenski odbojkarji so v Krakovu izgubili vse tri tekme. Foto: volleyballworld.com<\/p>\n<p>\t\t\t\t\t\t\t<a id=\"preferredSourceBanner\" href=\"https:\/\/www.rtvslo.si\/sport\/odbojka\/slovenski-odbojkarji-zadnji-na-wagnerjevem-memorialu\/javascript:void(0)\" target=\"_blank\" class=\"d-none align-items-center justify-content-between rounded my-3\" style=\"padding: 10px 15px;\" rel=\"nofollow noopener\"><br \/>\n\t\t\t\t\t\t<img decoding=\"async\" src=\"https:\/\/img.rtvslo.si\/_static\/novi\/img\/ico-google.svg\" class=\"flex-shrink-0 mr-3\" aria-hidden=\"true\"\/><br \/>\n\t\t\t\t\t\tSpremljajte RTVSLO.si kot prednostni vir na Google<\/p>\n<p>\t\t\t\t\t<\/a><\/p>\n<p>Slovenci so v prvih treh nizih igrali z najbolj\u0161o postavo, tudi vodili z 2:1, v zadnjih dveh nizih pa so na igri\u0161\u010de stopili rezervisti, ki pa niso imeli mo\u017enosti. Jasno je, da slovenskemu selektorju ni bil najpomembnej\u0161i rezultat, odlo\u010dil se je, da mo\u017enost ponudi vsem igralcem. Je pa njegova ekipa na trenutke igrala dobro, na trenutke pa malo manj.<\/p>\n<p>Oglas<\/p>\n<p>Nihanja so bila prisotna \u017ee v prvih dveh sicer izena\u010denih nizih. V prvem so slovenski reprezentanti izni\u010dili visok zaostanek, ubranili tudi dve zaklju\u010dni \u017eogi, niz pa dobili s 30:28. V drugem so bili Slovenci tisti, ki so ve\u010dji del vodili. Tekmeci so jih ujeli v kon\u010dnici, niz pa se je kon\u010dal z izidom 26:28. Slovenci so tretji niz odigrali najbolje. Ameri\u010dani so se v njem dr\u017eali do izida 9:9, nato pa so z dobrimi servisi Slovenci u\u0161li, po asu Nika Mujanovi\u0107a je bilo na semaforju 20:13 in jasno je bilo, da bo Slovenija spet vodila.<\/p>\n<p>V zadnjih dveh nizih so v igro pri\u0161li Nejc Najdi\u010d, Grega Okrogli\u010d, Luka Marovt, Klemen \u0160en, Janez Jan\u017e Kr\u017ei\u010d, Sa\u0161o \u0160talekar, na igri\u0161\u010du je ostal Rok Bra\u010dko, mlada postava pa je imela preve\u010d te\u017eav v napadu, da bi lahko ra\u010dunala na ugodnej\u0161i izid.<\/p>\n<p>&#8220;Na \u017ealost smo danes do\u017eiveli te\u017eek poraz proti Ameri\u010danom. Imeli smo kar nekaj prilo\u017enosti, \u0161e posebej v drugem nizu, in tega mi je najbolj \u017eal. Sledilo je nekaj menjav v postavi, na \u017ealost pa se na koncu ni iz\u0161lo. Za nami je te\u017eek turnir. Vedeli smo, da ne bo lahko, saj je na drugi strani stala ena izmed treh najbolj\u0161ih ekip na svetu v tem trenutku. Poljaki so zagotovo najbolj\u0161i, Ameri\u010dani pa so v Ligi narodov igrali vrhunsko, tako da lahko re\u010dem, da je bil turnir dobra priprava. Na \u017ealost se nam ni iz\u0161lo vsaj za eno zmago, smo pa videli kar nekaj dobrih stvari, \u017eal tudi nekaj slabih, ki jih moramo \u0161e popraviti. Na sre\u010do imamo \u0161e en teden \u010dasa, da se dobro pripravimo na evropsko prvenstvo,&#8221; je po tekmi dejal Rok Mo\u017ei\u010d.<\/p>\n<p>Oglas<\/p>\n","protected":false},"excerpt":{"rendered":"Slovenski odbojkarji so v Krakovu izgubili vse tri tekme. Foto: volleyballworld.com Spremljajte RTVSLO.si kot prednostni vir na Google&hellip;\n","protected":false},"author":2,"featured_media":211011,"comment_status":"","ping_status":"","sticky":false,"template":"","format":"standard","meta":{"footnotes":"","_share_on_mastodon":"0"},"categories":[16],"tags":[146,51783,24730,62,37,58,60,38,94,93,50974],"class_list":["post-211010","post","type-post","status-publish","format-standard","has-post-thumbnail","category-sport","tag-odbojka","tag-odbojkarska-reprezentanca-slovenije","tag-rok-mozic","tag-si","tag-slovene","tag-slovenia","tag-slovenija","tag-slovenscina","tag-sport","tag-sports","tag-wagnerjev-memorial"],"share_on_mastodon":{"url":"https:\/\/pubeurope.com\/@si\/117194120651221726","error":""},"_links":{"self":[{"href":"https:\/\/www.europesays.com\/si\/wp-json\/wp\/v2\/posts\/211010","targetHints":{"allow":["GET"]}}],"collection":[{"href":"https:\/\/www.europesays.com\/si\/wp-json\/wp\/v2\/posts"}],"about":[{"href":"https:\/\/www.europesays.com\/si\/wp-json\/wp\/v2\/types\/post"}],"author":[{"embeddable":true,"href":"https:\/\/www.europesays.com\/si\/wp-json\/wp\/v2\/users\/2"}],"replies":[{"embeddable":true,"href":"https:\/\/www.europesays.com\/si\/wp-json\/wp\/v2\/comments?post=211010"}],"version-history":[{"count":0,"href":"https:\/\/www.europesays.com\/si\/wp-json\/wp\/v2\/posts\/211010\/revisions"}],"wp:featuredmedia":[{"embeddable":true,"href":"https:\/\/www.europesays.com\/si\/wp-json\/wp\/v2\/media\/211011"}],"wp:attachment":[{"href":"https:\/\/www.europesays.com\/si\/wp-json\/wp\/v2\/media?parent=211010"}],"wp:term":[{"taxonomy":"category","embeddable":true,"href":"https:\/\/www.europesays.com\/si\/wp-json\/wp\/v2\/categories?post=211010"},{"taxonomy":"post_tag","embeddable":true,"href":"https:\/\/www.europesays.com\/si\/wp-json\/wp\/v2\/tags?post=211010"}],"curies":[{"name":"wp","href":"https:\/\/api.w.org\/{rel}","templated":true}]}}