{"id":211062,"date":"2026-09-01T06:18:11","date_gmt":"2026-09-01T06:18:11","guid":{"rendered":"https:\/\/www.europesays.com\/si\/211062\/"},"modified":"2026-09-01T06:18:11","modified_gmt":"2026-09-01T06:18:11","slug":"platini-infantino-mora-oditi-iz-nogometa","status":"publish","type":"post","link":"https:\/\/www.europesays.com\/si\/211062\/","title":{"rendered":"Platini: Infantino mora oditi iz nogometa"},"content":{"rendered":"<p>Legendarni francoski nogometa\u0161 in nekdanji predsednik Evropske nogometne zveze (Uefa) Michel Platini je vnovi\u010d kritiziral predsednika mednarodne zveze (Fifa) Giannija Infantina. Francoz je Infantina obto\u017eil kr\u0161enja nogometnih pravil. Poziva ga, naj zaradi zadnjih prekr\u0161kov odstopi, poro\u010da nem\u0161ka tiskovna agencija dpa.<\/p>\n<p>&#8220;Finan\u010dna vpra\u0161anja so ena stvar. Toda menim, da je Infantino odpovedal, saj je varuh pravil igre, a jih sam ni spo\u0161toval,&#8221; je Francoz dejal za francosko televizijo Canal+.<\/p>\n<p>Infantino, ki je na \u010delu Fife od leta 2016 in se namerava prihodnje leto potegovati za nov mandat, je pod drobnogledom zaradi svojega neuspelega na\u010drta prodaje dele\u017eev svetovnega prvenstva zasebnim vlagateljem.<\/p>\n<p>Platini je dejal, da je Infantino na nedavnem mundialu kr\u0161il pravila igre, o\u010dita pa mu tri nepravilnosti, in sicer odmore za osve\u017eitev, 30-minutni odmor med finalom in preklic kazni ameri\u0161kemu nogometa\u0161u Folarinu Balogunu po rde\u010dem kartonu, potem ko je posredoval ameri\u0161ki predsednik Donald Trump, s \u010dimer je dovolil politi\u010dno vme\u0161avanje v \u0161port.<\/p>\n<p><img decoding=\"async\" alt=\" \" infantino=\"\" je=\"\" odpovedal=\"\" saj=\"\" varuh=\"\" pravil=\"\" igre=\"\" a=\"\" jih=\"\" sam=\"\" ni=\"\" spo=\"\" foto:=\"\" reuters=\"\" class=\"article_content__inline_image js_imageLightbox is-clickable\" data-author=\"Reuters\" data-caption=\" &quot;Infantino je odpovedal, saj je varuh pravil igre, a jih sam ni spo\u0161toval.&quot;\" data-height=\"4000\" data-href=\"https:\/\/siol.net\/media\/img\/79\/6c\/efebcbafe526c9955a49-michel-platini.jpeg\" data-width=\"6000\" loading=\"lazy\" src=\"\/media\/img\/d6\/2d\/675d1f84513a6940f549-michel-platini.jpeg\" title=\"Michel Platini\"\/><\/p>\n<p>  &#8220;Infantino je odpovedal, saj je varuh pravil igre, a jih sam ni spo\u0161toval.&#8221;<br \/>\n Foto: Reuters <\/p>\n<p>Infantino je bil ve\u010d let generalni sekretar Uefe, ko je Platini vodil evropsko organizacijo. Zaradi sprejemanja podkupnin so ga leta 2015 odstranili iz nogometa in ni mogel kandidirati za predsednika Fife, kot je na\u010drtoval. Funkcijo je prevzel Infantino, v Uefi pa ga je zamenjal Aleksander \u010ceferin.<\/p>\n<p>Uefa si prizadeva za odstavitev Infantina s pravnimi ukrepi in pripravlja kazenski postopek v zvezi z na\u010drtovanim dogovorom z vlagatelji, kar bi lahko bil po Platinijevem mnenju bolj obetaven na\u010drt.<\/p>\n<p>&#8220;Mislim, da se to ne bo re\u0161ilo prek \u0161portnih oblasti. \u010ce bo Uefa \u017eelela odstaviti Infantina, se bo to zgodilo prek pravosodnih organov,&#8221; je dejal.<\/p>\n<p>\n\u00a0 \u00a0 \u00a0 \u00a0 \u00a0 \u00a0 \u00a0 \u00a0 \u00a0 \u00a0 \u00a0 \u00a0\u00a0<\/p>\n","protected":false},"excerpt":{"rendered":"Legendarni francoski nogometa\u0161 in nekdanji predsednik Evropske nogometne zveze (Uefa) Michel Platini je vnovi\u010d kritiziral predsednika mednarodne zveze&hellip;\n","protected":false},"author":2,"featured_media":211063,"comment_status":"","ping_status":"","sticky":false,"template":"","format":"standard","meta":{"footnotes":"","_share_on_mastodon":"0"},"categories":[16],"tags":[1377,3348,33992,264,62,37,58,60,38,94,93,1376],"class_list":["post-211062","post","type-post","status-publish","format-standard","has-post-thumbnail","category-sport","tag-fifa","tag-gianni-infantino","tag-michel-platini","tag-nogomet","tag-si","tag-slovene","tag-slovenia","tag-slovenija","tag-slovenscina","tag-sport","tag-sports","tag-uefa"],"share_on_mastodon":{"url":"https:\/\/pubeurope.com\/@si\/117194333650477970","error":""},"_links":{"self":[{"href":"https:\/\/www.europesays.com\/si\/wp-json\/wp\/v2\/posts\/211062","targetHints":{"allow":["GET"]}}],"collection":[{"href":"https:\/\/www.europesays.com\/si\/wp-json\/wp\/v2\/posts"}],"about":[{"href":"https:\/\/www.europesays.com\/si\/wp-json\/wp\/v2\/types\/post"}],"author":[{"embeddable":true,"href":"https:\/\/www.europesays.com\/si\/wp-json\/wp\/v2\/users\/2"}],"replies":[{"embeddable":true,"href":"https:\/\/www.europesays.com\/si\/wp-json\/wp\/v2\/comments?post=211062"}],"version-history":[{"count":0,"href":"https:\/\/www.europesays.com\/si\/wp-json\/wp\/v2\/posts\/211062\/revisions"}],"wp:featuredmedia":[{"embeddable":true,"href":"https:\/\/www.europesays.com\/si\/wp-json\/wp\/v2\/media\/211063"}],"wp:attachment":[{"href":"https:\/\/www.europesays.com\/si\/wp-json\/wp\/v2\/media?parent=211062"}],"wp:term":[{"taxonomy":"category","embeddable":true,"href":"https:\/\/www.europesays.com\/si\/wp-json\/wp\/v2\/categories?post=211062"},{"taxonomy":"post_tag","embeddable":true,"href":"https:\/\/www.europesays.com\/si\/wp-json\/wp\/v2\/tags?post=211062"}],"curies":[{"name":"wp","href":"https:\/\/api.w.org\/{rel}","templated":true}]}}