{"id":211114,"date":"2026-09-01T07:10:10","date_gmt":"2026-09-01T07:10:10","guid":{"rendered":"https:\/\/www.europesays.com\/si\/211114\/"},"modified":"2026-09-01T07:10:10","modified_gmt":"2026-09-01T07:10:10","slug":"vrtovec-odkril-kar-vozniki-vedo-ze-mesece","status":"publish","type":"post","link":"https:\/\/www.europesays.com\/si\/211114\/","title":{"rendered":"Vrtovec odkril, kar vozniki vedo \u017ee mesece"},"content":{"rendered":"<p>Za\u010detek \u0161olskega leta obi\u010dajno pomeni tudi dalj\u0161e kolone na cestah predvsem v \u010dasu prometnih konic. Minister Vrtovec ni zadovoljen s potekom del na delovi\u0161\u010dih.<\/p>\n<p>V nadaljevanju preberite:\u00a0<\/p>\n<p>Spro\u0161\u010den je promet na odseku med Slovenskimi Konjicami in Dramljami. Promet je stekel po dveh pasovih v vsako smer.\u00a0<br \/>\nMinister Jernej Vrtovec ni zadovoljen s potekom del na vseh delovi\u0161\u010dih.\u00a0<br \/>\nV prihodnje naj bi ve\u010djo te\u017eo pri razpisih dajali rokom za izvedbo del.\u00a0<\/p>\n<p>Zjutraj je bil po ve\u010d kot letu dni spro\u0161\u010den promet na \u0161tajerski avtocesti med Slovenskimi Konjicami in Dramljami v smeri proti Mariboru. Odprt je tudi uvoz Slovenske Konjice proti Ljubljani. Gre za odsek, kjer je redno prihajalo do <a href=\"https:\/\/www.zurnal24.si\/avto\/povecan-promet-28-31-avgust-zastoji-464304\" target=\"_blank\" rel=\"nofollow noopener\">zastojev<\/a>. Promet je spet stekel po dveh pasovih v vsako smer.<\/p>\n<p>Po napovedih Darsa bodo na tem odseku do sredine septembra \u0161e potekala dolo\u010dena dela. Za POP TV so pojasnili, da mini garde po sredinskem pasu v smeri Ljubljane \u0161e ne bodo odstranili, zato bo na tem odseku \u0161e veljala omejitev hitrosti.\u00a0<\/p>\n<p>Dela na \u0161tevilnih odsekih<\/p>\n<p>Dela trenutno potekajo na \u0161tevilnih odsekih na\u0161ih avtocest. Na ministrstvu, ki ga vodi Jernej Vrtovec z napredkom niso zadovoljni. Minister pri\u010dakuje, da se pohitrijo dela tako pri Dom\u017ealah kot pri Ivan\u010dni Gorici, poro\u010da omenjeni medij.\u00a0<\/p>\n<p>Delni umik zapore na odseku med Dom\u017ealami in Ljubljano je predviden \u0161ele sredi novembra, na dolenjski avtocesti pa naj bi potekala med Bi\u010dem in Ivan\u010dno Gorico do oktobra, pri \u010demer bo od srede naprej zaprt priklju\u010dek Ivan\u010dna Gorica v smeri proti Ljubljani. Zapora je predvidena do 29. septembra. Za enako obdobje je bila predvidena zapora priklju\u010dka tudi v smeri proti Novemu mestu, a se je nato nepri\u010dakovano zavlekla za skoraj <a href=\"https:\/\/www.zurnal24.si\/slovenija\/vozniki-besni-kako-se-lahko-ustejete-za-mesec-dni-462887\" target=\"_blank\" rel=\"nofollow noopener\">mesec dni<\/a>.<\/p>\n<p>Dars odgovarja, da se no\u010dno delo izvaja tam, kjer je to mogo\u010de, v prihodnje pa naj bi ga \u0161e raz\u0161irili.<\/p>\n<p><img decoding=\"async\" alt=\"dela na primorski avtocesti | Avtor: \u017durnal24 \" class=\"rwd\" data-href=\"https:\/\/www.zurnal24.si\/media\/img\/5d\/db\/20c368e484428e9cb8cd.png\" itemprop=\"image\" src=\"\/media\/img\/b6\/4b\/b28e3878cff59b1e2fc2.png\"\/><\/p>\n<p>                \u017durnal24 <\/p>\n<p>V prihodnje bolj pomemben rok izvedbe del<\/p>\n<p>Minister Vrtovec je \u017ee ve\u010dkrat povedal, da v prihodnje na razpisih ne bo glavno merilo cena. Bolj pomembno naj bi bilo, v kak\u0161nem roku bodo dela izvedena, kako bo poskrbljeno za preto\u010dnost in varnost. Zagotoviti pa \u017eelijo tudi, da ne bo hkrati odprtih ve\u010d <a href=\"https:\/\/www.zurnal24.si\/slovenija\/vrtovec-nekdo-bo-moral-prevzeti-kazensko-in-odskodninsko-odgovornost-461137\" target=\"_blank\" rel=\"nofollow noopener\">velikih gradbi\u0161\u010d<\/a> na istem avtocestnem kraku.\u00a0<\/p>\n<p>Pogled na <a href=\"https:\/\/www.promet.si\/sl\" target=\"_blank\" rel=\"nofollow noopener\">stanje na cestah<\/a> ob 7.45 na prvi \u0161olski dan razkriva, da so zastoji na \u0161tajerski avtocesti od Lukovice proti Ljubljani, na dolenjski avtocesti med Bi\u010dem in Ivan\u010dno Gorico proti Ljubljani ter od Grosuplja proti Ljubljani, pa tudi na primorski avtocesti od Vrhnike proti Ljubljani in gorenjski avtocesti od Kranja proti Ljubljani na posameznih odsekih. Zastoji so tudi na cestah Trzin-Ljubljana, Dolsko-\u0160entjakob in Medvode-Ljubljana.\u00a0<\/p>\n<p><a href=\"https:\/\/www.zurnal24.si\/slovenija\/mailto:dezurni@styria-media.si\" rel=\"nofollow noopener\" target=\"_blank\">dezurni@styria-media.si<\/a><\/p>\n","protected":false},"excerpt":{"rendered":"Za\u010detek \u0161olskega leta obi\u010dajno pomeni tudi dalj\u0161e kolone na cestah predvsem v \u010dasu prometnih konic. Minister Vrtovec ni&hellip;\n","protected":false},"author":2,"featured_media":211115,"comment_status":"","ping_status":"","sticky":false,"template":"","format":"standard","meta":{"footnotes":"","_share_on_mastodon":"0"},"categories":[6],"tags":[731,1527,5267,3832,7182,23530,59,61,62,37,58,60,38,15436,1696,17958],"class_list":["post-211114","post","type-post","status-publish","format-standard","has-post-thumbnail","category-slovenija","tag-avtocesta","tag-dars","tag-dela-na-cesti","tag-gradbisce","tag-jernej-vrtovec","tag-kolone","tag-republic-of-slovenia","tag-republika-slovenija","tag-si","tag-slovene","tag-slovenia","tag-slovenija","tag-slovenscina","tag-stanje-na-cestah","tag-zastoji","tag-zastoji-na-cesti"],"share_on_mastodon":{"url":"https:\/\/pubeurope.com\/@si\/117194537475864026","error":""},"_links":{"self":[{"href":"https:\/\/www.europesays.com\/si\/wp-json\/wp\/v2\/posts\/211114","targetHints":{"allow":["GET"]}}],"collection":[{"href":"https:\/\/www.europesays.com\/si\/wp-json\/wp\/v2\/posts"}],"about":[{"href":"https:\/\/www.europesays.com\/si\/wp-json\/wp\/v2\/types\/post"}],"author":[{"embeddable":true,"href":"https:\/\/www.europesays.com\/si\/wp-json\/wp\/v2\/users\/2"}],"replies":[{"embeddable":true,"href":"https:\/\/www.europesays.com\/si\/wp-json\/wp\/v2\/comments?post=211114"}],"version-history":[{"count":0,"href":"https:\/\/www.europesays.com\/si\/wp-json\/wp\/v2\/posts\/211114\/revisions"}],"wp:featuredmedia":[{"embeddable":true,"href":"https:\/\/www.europesays.com\/si\/wp-json\/wp\/v2\/media\/211115"}],"wp:attachment":[{"href":"https:\/\/www.europesays.com\/si\/wp-json\/wp\/v2\/media?parent=211114"}],"wp:term":[{"taxonomy":"category","embeddable":true,"href":"https:\/\/www.europesays.com\/si\/wp-json\/wp\/v2\/categories?post=211114"},{"taxonomy":"post_tag","embeddable":true,"href":"https:\/\/www.europesays.com\/si\/wp-json\/wp\/v2\/tags?post=211114"}],"curies":[{"name":"wp","href":"https:\/\/api.w.org\/{rel}","templated":true}]}}