{"id":211128,"date":"2026-09-01T07:28:13","date_gmt":"2026-09-01T07:28:13","guid":{"rendered":"https:\/\/www.europesays.com\/si\/211128\/"},"modified":"2026-09-01T07:28:13","modified_gmt":"2026-09-01T07:28:13","slug":"joshua-kushner-za-propadle-nacrte-s-fifo-krivi-boj-za-oblast-v-nogometu","status":"publish","type":"post","link":"https:\/\/www.europesays.com\/si\/211128\/","title":{"rendered":"Joshua Kushner za propadle na\u010drte s Fifo krivi boj za oblast v nogometu"},"content":{"rendered":"<p>\t\t\t\t\t\t\t\t<a href=\"https:\/\/www.europesays.com\/si\/wp-content\/uploads\/2026\/09\/67052079.jpg\" itemprop=\"contentUrl\" data-size=\"1200x800\" data-large=\"https:\/\/www.europesays.com\/si\/wp-content\/uploads\/2026\/09\/67052079.jpg\"><br \/>\n\t\t\t\t\t\t\t\t\t<img decoding=\"async\" src=\"https:\/\/www.europesays.com\/si\/wp-content\/uploads\/2026\/09\/67052079.jpg\" title=\"Kushner in njegovi vlagatelji so podcenili te\u017eo in zapletenost svetovnega nogometa, v katerem ne odlo\u010da le Fifa, temve\u010d vsaka celinska zveza zase in vseh 211 \u010dlanic. Foto: Reuters\" alt=\"Kushner in njegovi vlagatelji so podcenili te\u017eo in zapletenost svetovnega nogometa, v katerem ne odlo\u010da le Fifa, temve\u010d vsaka celinska zveza zase in vseh 211 \u010dlanic. Foto: Reuters\"\/><br \/>\n\t\t\t\t\t\t\t\t<\/a><\/p>\n<p>\t\t\t\t\t\t\t\t\tKushner in njegovi vlagatelji so podcenili te\u017eo in zapletenost svetovnega nogometa, v katerem ne odlo\u010da le Fifa, temve\u010d vsaka celinska zveza zase in vseh 211 \u010dlanic. Foto: Reuters<\/p>\n<p>\t\t\t\t\t\t\t<a id=\"preferredSourceBanner\" href=\"https:\/\/www.rtvslo.si\/sport\/nogomet\/joshua-kushner-za-propadle-nacrte-s-fifo-krivi-boj-za-oblast-v-nogometu\/javascript:void(0)\" target=\"_blank\" class=\"d-none align-items-center justify-content-between rounded my-3\" style=\"padding: 10px 15px;\" rel=\"nofollow noopener\"><br \/>\n\t\t\t\t\t\t<img decoding=\"async\" src=\"https:\/\/img.rtvslo.si\/_static\/novi\/img\/ico-google.svg\" class=\"flex-shrink-0 mr-3\" aria-hidden=\"true\"\/><br \/>\n\t\t\t\t\t\tSpremljajte RTVSLO.si kot prednostni vir na Google<\/p>\n<p>\t\t\t\t\t<\/a><\/p>\n<p>Joshua Kushner, brat zeta ameri\u0161kega predsednika Donalda Trumpa, se je prvi\u010d javno opredelil do propadlega na\u010drta, in to prav v \u010dasu, ko Uefa pripravlja kazenski postopek proti predsedniku Fife Gianniju Infantinu.<\/p>\n<p>Oglas<\/p>\n<p>&#8220;\u010ceprav \u0161e vedno stojimo za na\u010drti Fife, nismo razumeli politi\u010dne dinamike svetovnega nogometa in tega, kako dale\u010d so nekateri pripravljeni iti. \u010ce bi vedeli, v kaj se bo vse skupaj razvilo, se ne bi vklju\u010dili,&#8221; je Kushner zapisal v ponedeljkovi izjavi za AFP.<\/p>\n<p>Uefa zahteva dokumente Kushnerjevega podjetja<\/p>\n<p>Kushnerjevo podjetje Thrive Capital je ve\u010d mesecev v tajnosti sodelovalo pri pripravi posla s Fifo, katerega cilj je bil ustanovitev podjetja Fifa Forward Enterprise (FFE). Kushner naj bi v 17,2 milijarde evrov vredno podjetje vlo\u017eil kar 3,6 milijarde, ki jih je Infantino nato obljubljal \u010dlanicam Fife.<\/p>\n<p>\t\t\t\t\t\t\t\t\t<a href=\"https:\/\/www.rtvslo.si\/n\/792097\" class=\"image-link image-heading image-container container-16-9\" data-large=\"https:\/\/img.rtvcdn.si\/_up\/upload\/2026\/08\/27\/67083523.jpg\" rel=\"nofollow noopener\" target=\"_blank\"><br \/>\n\t\t\t\t\t\t\t\t\t\t<img decoding=\"async\" src=\"https:\/\/www.europesays.com\/si\/wp-content\/uploads\/2026\/09\/67083523_thumb.jpg\" class=\"image-preview\"\/><br \/>\n\t\t\t\t\t\t\t\t\t<\/a><\/p>\n<p>\t\t\t\t\t\t\t\t\t\tSorodna novica<br \/>\n\t\t\t\t\t\t\t\t\t\t<a href=\"https:\/\/www.rtvslo.si\/n\/792097\" rel=\"nofollow noopener\" target=\"_blank\">Uefa pripravlja kazenski postopek proti predsedniku Fife Infantinu<\/a><\/p>\n<p>Kritiki so trdili, da je bil na\u010drt v tajnosti pripravljen z namenom ustvarjanja dobi\u010dka za vlagatelje. Predsednik Uefe Aleksander \u010ceferin je predlog ozna\u010dil za &#8220;sumljiv, netransparenten, sklenjen za zaprtimi vrati&#8221;. Uefa je nato pozvala k odstranitvi Infantina in pri tem dobila \u0161tevilne zaveznike. Zdaj naj bi po pisanju AFP-ja pripravljala kazensko ovadbo.<\/p>\n<p>Ameri\u0161ki mediji poro\u010dajo, da bi lahko Kushner postal predmet sodnih pozivov. Uefa je sodi\u0161\u010de v New Yorku namre\u010d zaprosila za dovoljenje, da bi Kushnerju in njegovemu podjetju odredili predlo\u017eitev dokumentov in njuno zasli\u0161anje v povezavi s primerom.<\/p>\n<p>Po neuspelem nakupu SP-jev kupil Lakerse<\/p>\n<p>&#8220;Denar v nogometu je bil v preteklosti osredoto\u010den na majhno \u0161tevilo dr\u017eav. Ideja delovanja FFE-ja pa je bila usmeriti ve\u010d kapitala med vseh 211 \u010dlanic,&#8221; pravi Kushner in izpostavlja, da bi svetovni nogomet s tem dobil novo prilo\u017enost za razvoj. Kushner in njegov Thrive Capital je tudi eden klju\u010dnih vlagateljev v \u0161e vedno potekajo\u010dem rekordnem prevzemu ko\u0161arkarske ekipe Los Angeles Lakers z Luko Don\u010di\u0107em v vrednosti 10,7 milijarde evrov.<\/p>\n<p>Oglas<\/p>\n","protected":false},"excerpt":{"rendered":"Kushner in njegovi vlagatelji so podcenili te\u017eo in zapletenost svetovnega nogometa, v katerem ne odlo\u010da le Fifa, temve\u010d&hellip;\n","protected":false},"author":2,"featured_media":211129,"comment_status":"","ping_status":"","sticky":false,"template":"","format":"standard","meta":{"footnotes":"","_share_on_mastodon":"0"},"categories":[16],"tags":[1377,3348,48719,264,51804,62,37,58,60,38,94,93],"class_list":["post-211128","post","type-post","status-publish","format-standard","has-post-thumbnail","category-sport","tag-fifa","tag-gianni-infantino","tag-joshua-kushner","tag-nogomet","tag-prodaja-sp","tag-si","tag-slovene","tag-slovenia","tag-slovenija","tag-slovenscina","tag-sport","tag-sports"],"share_on_mastodon":{"url":"https:\/\/pubeurope.com\/@si\/117194608330222172","error":""},"_links":{"self":[{"href":"https:\/\/www.europesays.com\/si\/wp-json\/wp\/v2\/posts\/211128","targetHints":{"allow":["GET"]}}],"collection":[{"href":"https:\/\/www.europesays.com\/si\/wp-json\/wp\/v2\/posts"}],"about":[{"href":"https:\/\/www.europesays.com\/si\/wp-json\/wp\/v2\/types\/post"}],"author":[{"embeddable":true,"href":"https:\/\/www.europesays.com\/si\/wp-json\/wp\/v2\/users\/2"}],"replies":[{"embeddable":true,"href":"https:\/\/www.europesays.com\/si\/wp-json\/wp\/v2\/comments?post=211128"}],"version-history":[{"count":0,"href":"https:\/\/www.europesays.com\/si\/wp-json\/wp\/v2\/posts\/211128\/revisions"}],"wp:featuredmedia":[{"embeddable":true,"href":"https:\/\/www.europesays.com\/si\/wp-json\/wp\/v2\/media\/211129"}],"wp:attachment":[{"href":"https:\/\/www.europesays.com\/si\/wp-json\/wp\/v2\/media?parent=211128"}],"wp:term":[{"taxonomy":"category","embeddable":true,"href":"https:\/\/www.europesays.com\/si\/wp-json\/wp\/v2\/categories?post=211128"},{"taxonomy":"post_tag","embeddable":true,"href":"https:\/\/www.europesays.com\/si\/wp-json\/wp\/v2\/tags?post=211128"}],"curies":[{"name":"wp","href":"https:\/\/api.w.org\/{rel}","templated":true}]}}