{"id":211140,"date":"2026-09-01T07:49:12","date_gmt":"2026-09-01T07:49:12","guid":{"rendered":"https:\/\/www.europesays.com\/si\/211140\/"},"modified":"2026-09-01T07:49:12","modified_gmt":"2026-09-01T07:49:12","slug":"jurij-zrnec-razkril-bil-je-tretji-na-svetu-nato-ga-je-ustavila-bolezen","status":"publish","type":"post","link":"https:\/\/www.europesays.com\/si\/211140\/","title":{"rendered":"Jurij Zrnec razkril: bil je tretji na svetu, nato ga je ustavila bolezen"},"content":{"rendered":"<p>Jurij Zrnec, eden najbolj priljubljenih slovenskih igralcev, je razkril precej manj znan del svoje preteklosti. Preden se je povsem posvetil igralski karieri, je bil namre\u010d vrhunski plesalec. V standardnih plesih je v svoji kategoriji osvojil celo tretje mesto na svetu. Njegova plesna pot pa se ni kon\u010dala zato, ker bi izgubil voljo ali zanimanje. \u00bbPotem me je ustavila ena bolezen in zato sem tudi nehal. Hvala bogu, da je bilo tako,\u00ab je povedal. O svoji nekdanji plesni karieri je spregovoril v pogovoru s soigralko Umo \u0160tader, s katero sta skupaj nastopila v zadnjem delu trilogije Gajin svet. \u010ceprav je moral ples pustiti za seboj, mu leta treningov in nastopov niso ostala brez pomena. Prav ples mu je po njegovih besedah pozneje pomagal tudi pri igranju. Nau\u010dil se je namre\u010d gledati nase z o\u010dmi ob\u010dinstva in razmi\u0161ljati, kako ga vidi gledalec. Izku\u0161nja, ki se je takrat morda kon\u010dala prezgodaj, se je tako na drug na\u010din preselila v njegovo igralsko \u017eivljenje.<\/p>\n<p><img decoding=\"async\" class=\"article__img-tag-visible\" src=\"https:\/\/www.europesays.com\/si\/wp-content\/uploads\/2026\/09\/3714098.width-660.format-webp.webp\" alt=\"V pogovoru s soigralko je razkril marsikaj zanimivega. FOTO: Instagram\" img_id=\"11781291\" data-img-id=\"11781291\"\/><\/p>\n<p>V pogovoru s soigralko je razkril marsikaj zanimivega. FOTO: Instagram<\/p>\n<p>Vsak predmet ima svojo zgodbo<\/p>\n<p>Zrnec je ob tem pokazal \u0161e nekoliko bolj osebno plat in spregovoril o svojem \u010dustvenem odnosu do predmetov. Zase pravi, da je neke vrste \u010dustveni zbiratelj. Stvari, ki jih hrani, zanj niso pomembne zgolj zaradi videza ali vrednosti. Vsak kos ima svojo zgodbo, zato s seboj nosi tudi dolo\u010deno \u010dustveno te\u017eo. Zanimivo je, da se del tega ujema tudi z njegovim filmskim likom Alexom v Gajinem svetu. Alex se iz zlo\u010dinca spremeni v Gajinega pomo\u010dnika, obenem pa precej pozornosti namenja svojemu videzu. Zrnec je priznal, da ima nekaj podobnega tudi sam, saj ima doma ogromno son\u010dnih o\u010dal. Lahko bi celo rekli, da jih zbira. A tako kot pri drugih predmetih o\u010ditno tudi pri o\u010dalih ni pomembno le, kako so videti, temve\u010d predvsem, kaj pomenijo njemu. Za igralca, ki ob\u010dinstvo \u017ee leta spravlja v smeh, se tako za \u0161tevilnimi stvarmi skriva tudi precej osebnih spominov.<\/p>\n","protected":false},"excerpt":{"rendered":"Jurij Zrnec, eden najbolj priljubljenih slovenskih igralcev, je razkril precej manj znan del svoje preteklosti. Preden se je&hellip;\n","protected":false},"author":2,"featured_media":211141,"comment_status":"","ping_status":"","sticky":false,"template":"","format":"standard","meta":{"footnotes":"","_share_on_mastodon":"0"},"categories":[18],"tags":[2622,114,51002,2609,9203,1749,62,37,58,60,38,50942,115],"class_list":["post-211140","post","type-post","status-publish","format-standard","has-post-thumbnail","category-zabava","tag-bolezen","tag-entertainment","tag-gajin-svet","tag-igralec","tag-jurij-zrnec","tag-kariera","tag-si","tag-slovene","tag-slovenia","tag-slovenija","tag-slovenscina","tag-uma-stader","tag-zabava"],"share_on_mastodon":{"url":"https:\/\/pubeurope.com\/@si\/117194691194701111","error":""},"_links":{"self":[{"href":"https:\/\/www.europesays.com\/si\/wp-json\/wp\/v2\/posts\/211140","targetHints":{"allow":["GET"]}}],"collection":[{"href":"https:\/\/www.europesays.com\/si\/wp-json\/wp\/v2\/posts"}],"about":[{"href":"https:\/\/www.europesays.com\/si\/wp-json\/wp\/v2\/types\/post"}],"author":[{"embeddable":true,"href":"https:\/\/www.europesays.com\/si\/wp-json\/wp\/v2\/users\/2"}],"replies":[{"embeddable":true,"href":"https:\/\/www.europesays.com\/si\/wp-json\/wp\/v2\/comments?post=211140"}],"version-history":[{"count":0,"href":"https:\/\/www.europesays.com\/si\/wp-json\/wp\/v2\/posts\/211140\/revisions"}],"wp:featuredmedia":[{"embeddable":true,"href":"https:\/\/www.europesays.com\/si\/wp-json\/wp\/v2\/media\/211141"}],"wp:attachment":[{"href":"https:\/\/www.europesays.com\/si\/wp-json\/wp\/v2\/media?parent=211140"}],"wp:term":[{"taxonomy":"category","embeddable":true,"href":"https:\/\/www.europesays.com\/si\/wp-json\/wp\/v2\/categories?post=211140"},{"taxonomy":"post_tag","embeddable":true,"href":"https:\/\/www.europesays.com\/si\/wp-json\/wp\/v2\/tags?post=211140"}],"curies":[{"name":"wp","href":"https:\/\/api.w.org\/{rel}","templated":true}]}}