{"id":211160,"date":"2026-09-01T08:09:13","date_gmt":"2026-09-01T08:09:13","guid":{"rendered":"https:\/\/www.europesays.com\/si\/211160\/"},"modified":"2026-09-01T08:09:13","modified_gmt":"2026-09-01T08:09:13","slug":"nadzor-nad-policijo-po-napadu-v-siski-razkril-hude-strokovne-napake","status":"publish","type":"post","link":"https:\/\/www.europesays.com\/si\/211160\/","title":{"rendered":"Nadzor nad policijo po napadu v \u0160i\u0161ki razkril hude strokovne napake"},"content":{"rendered":"<p>Potem ko je v ljubljanski \u0160i\u0161ki <a href=\"https:\/\/www.delo.si\/novice\/crna-kronika\/moski-v-siski-zabodel-42-letno-zensko\" target=\"_blank\" rel=\"nofollow noopener\">maja letos 52-letni osumljenec z ostrim predmetom po\u0161kodoval 31-letno svakinjo<\/a>, je nadzor nad delom policije pokazal \u00bbodstopanja od praks in strokovne napake\u00ab, so za \u010dasnik Dnevnik potrdili na Policijski upravi Ljubljana. Osumljenec je imel namre\u010d prepoved pribli\u017eevanja.<\/p>\n<p>Nasilni dogodek se je zgodil maja. Potem ko je osumljenec partnerico svojega brata ve\u010dkrat zabodel, so 31-letnico re\u0161evalci na\u0161li na plo\u010dniku. Njeno \u017eivljenje je bilo ogro\u017eeno. Osumljenec se aretaciji ni upiral, po pridr\u017eanju so ga odpeljali pred preiskovalnega sodnika, ki mu je odredil pripor.<\/p>\n<p>Takratna odvetnica osumljen\u010devega brata Tina \u0160najder je opozorila, da se je napad zgodil na dvori\u0161\u010du, na katerem napadalec ne bi smel biti. Po incidentu, v katerem je 52-letnik z izvija\u010dem napadel svojega brata, mu je bila namre\u010d avgusta 2025 izre\u010dena prepoved pribli\u017eevanja. Po prepovedi pribli\u017eevanja, ki mu jo je 6. avgusta izdala policija, mu je dva meseca pozneje sodi\u0161\u010de izdalo enoletno prepoved pribli\u017eevanja in navezovanja stikov, marca 2025 pa \u0161e prepustitev nepremi\u010dnine v izklju\u010dno uporabo bratu, pi\u0161e Dnevnik.<\/p>\n<p>Odvetnica je dodala, da je osumljenec prepovedi nenehno kr\u0161il, hodil v hi\u0161o in se pribli\u017eeval bratu in mladoletnim otrokom, policija pa ni storila ni\u010d. Brat je policiste ve\u010dkrat klical, svoje je dokazoval tudi s posnetki nadzornih kamer in opozarjal, da je storilec nevaren in da se bo nekaj zgodilo.<\/p>\n<p>Oktobra je policija sodi\u0161\u010de obvestila o kr\u0161enju prepovedi, a se ni zgodilo ni\u010d. Odvetnica je opozorila tudi, da bi morali osumljenca policisti pridr\u017eati \u017ee dan pred napadom, ko je mladoletnemu otroku prestregel pot in ga prisilil, da pokli\u010de o\u010deta. Po dogodku je direktor Policijske uprave (PU) Ljubljana odredil strokovni nadzor.<\/p>\n<p>\u00bbPreverjene so bile vse okoli\u0161\u010dine in navedbe, pri tem pa so bili ugotovljeni dolo\u010dena odstopanja od praks ter strokovne napake,\u00ab so pojasnili na PU Ljubljana. Dodali so, da so uvedli notranjevarnostne postopke in vzpostavili mehanizme za odpravo napak, poro\u010da Dnevnik.<\/p>\n<p>\u00bbV postopku so bile res ugotovljene anomalije, ki se ne bi smele zgoditi. \u010ce jih ne bi bilo, se ta incident ne bi zgodil,\u00ab je bila ob tem kriti\u010dna sedanja odvetnica osumljen\u010devega brata Iva \u017di\u017eek. Dodala je, da zoper osumljenca poteka sodna preiskava zaradi kaznivega dejanja poskusa umora.<\/p>\n","protected":false},"excerpt":{"rendered":"Potem ko je v ljubljanski \u0160i\u0161ki maja letos 52-letni osumljenec z ostrim predmetom po\u0161kodoval 31-letno svakinjo, je nadzor&hellip;\n","protected":false},"author":2,"featured_media":211161,"comment_status":"","ping_status":"","sticky":false,"template":"","format":"standard","meta":{"footnotes":"","_share_on_mastodon":"0"},"categories":[21],"tags":[124,529,779,6705,6236,503,326,4229,6706,62,37,58,60,38,51810],"class_list":["post-211160","post","type-post","status-publish","format-standard","has-post-thumbnail","category-ljubljana","tag-ljubljana","tag-napad","tag-nasilje","tag-nasilje-v-druzini","tag-osumljenec","tag-otroci","tag-policija","tag-poskus-umora","tag-prepoved-priblizevanja","tag-si","tag-slovene","tag-slovenia","tag-slovenija","tag-slovenscina","tag-strokovne-napake-policije"],"share_on_mastodon":{"url":"https:\/\/pubeurope.com\/@si\/117194769274669764","error":""},"_links":{"self":[{"href":"https:\/\/www.europesays.com\/si\/wp-json\/wp\/v2\/posts\/211160","targetHints":{"allow":["GET"]}}],"collection":[{"href":"https:\/\/www.europesays.com\/si\/wp-json\/wp\/v2\/posts"}],"about":[{"href":"https:\/\/www.europesays.com\/si\/wp-json\/wp\/v2\/types\/post"}],"author":[{"embeddable":true,"href":"https:\/\/www.europesays.com\/si\/wp-json\/wp\/v2\/users\/2"}],"replies":[{"embeddable":true,"href":"https:\/\/www.europesays.com\/si\/wp-json\/wp\/v2\/comments?post=211160"}],"version-history":[{"count":0,"href":"https:\/\/www.europesays.com\/si\/wp-json\/wp\/v2\/posts\/211160\/revisions"}],"wp:featuredmedia":[{"embeddable":true,"href":"https:\/\/www.europesays.com\/si\/wp-json\/wp\/v2\/media\/211161"}],"wp:attachment":[{"href":"https:\/\/www.europesays.com\/si\/wp-json\/wp\/v2\/media?parent=211160"}],"wp:term":[{"taxonomy":"category","embeddable":true,"href":"https:\/\/www.europesays.com\/si\/wp-json\/wp\/v2\/categories?post=211160"},{"taxonomy":"post_tag","embeddable":true,"href":"https:\/\/www.europesays.com\/si\/wp-json\/wp\/v2\/tags?post=211160"}],"curies":[{"name":"wp","href":"https:\/\/api.w.org\/{rel}","templated":true}]}}