{"id":211234,"date":"2026-09-01T09:07:15","date_gmt":"2026-09-01T09:07:15","guid":{"rendered":"https:\/\/www.europesays.com\/si\/211234\/"},"modified":"2026-09-01T09:07:15","modified_gmt":"2026-09-01T09:07:15","slug":"zadnji-dan-prestopnega-roka-v-velikih-ligah-kje-bosta-pristala-argentinca","status":"publish","type":"post","link":"https:\/\/www.europesays.com\/si\/211234\/","title":{"rendered":"Zadnji dan prestopnega roka v velikih ligah: kje bosta pristala Argentinca?"},"content":{"rendered":"<p>\t\t\t\t\t\t\t\t<a href=\"https:\/\/www.europesays.com\/si\/wp-content\/uploads\/2026\/09\/67089035.jpg\" itemprop=\"contentUrl\" data-size=\"1200x800\" data-large=\"https:\/\/www.europesays.com\/si\/wp-content\/uploads\/2026\/09\/67089035.jpg\"><br \/>\n\t\t\t\t\t\t\t\t\t<img decoding=\"async\" src=\"https:\/\/www.europesays.com\/si\/wp-content\/uploads\/2026\/09\/67089035.jpg\" title=\"Enzo Fernandez bi lahko postavil rekord poletnega prestopnega roka, ki ga trenutno dr\u017ei Bradley Barcola, za katerega je Liverpool evropskemu prvaku PSG-ju od\u0161tel kar 142 milijonov evrov. Foto: Reuters\" alt=\"Enzo Fernandez bi lahko postavil rekord poletnega prestopnega roka, ki ga trenutno dr\u017ei Bradley Barcola, za katerega je Liverpool evropskemu prvaku PSG-ju od\u0161tel kar 142 milijonov evrov. Foto: Reuters\"\/><br \/>\n\t\t\t\t\t\t\t\t<\/a><\/p>\n<p>\t\t\t\t\t\t\t\t\tEnzo Fernandez bi lahko postavil rekord poletnega prestopnega roka, ki ga trenutno dr\u017ei Bradley Barcola, za katerega je Liverpool evropskemu prvaku PSG-ju od\u0161tel kar 142 milijonov evrov. Foto: Reuters<\/p>\n<p>\t\t\t\t\t\t\t<a id=\"preferredSourceBanner\" href=\"https:\/\/www.rtvslo.si\/sport\/nogomet\/tuje-lige\/zadnji-dan-prestopnega-roka-v-velikih-ligah-kje-bosta-pristala-argentinca\/javascript:void(0)\" target=\"_blank\" class=\"d-none align-items-center justify-content-between rounded my-3\" style=\"padding: 10px 15px;\" rel=\"nofollow noopener\"><br \/>\n\t\t\t\t\t\t<img decoding=\"async\" src=\"https:\/\/img.rtvslo.si\/_static\/novi\/img\/ico-google.svg\" class=\"flex-shrink-0 mr-3\" aria-hidden=\"true\"\/><br \/>\n\t\t\t\t\t\tSpremljajte RTVSLO.si kot prednostni vir na Google<\/p>\n<p>\t\t\t\t\t<\/a><\/p>\n<p>V Sloveniji se je rok za amaterske nogometa\u0161e iztekel minuto pred polno\u010djo in prelomom avgusta v september. Profesionalni igralci lahko v Sloveniji, zlasti v Prvi ligi lahko prestopajo vse do izteka 7. septembra.<\/p>\n<p>Oglas<\/p>\n<p>Druga\u010dna zgodba je v nogometni Evropi, kjer 1. september pomeni zadnji dan poletnega prestopnega roka v vseh petih tradicionalnih najmo\u010dnej\u0161ih nogometnih prvenstvih.<\/p>\n<p>Najve\u010djo finan\u010dno mo\u010d in s tem vpliv na nogometno tr\u017enico \u017ee dolgo premore elitna angle\u0161ka liga, ki lahko zapravi ve\u010d kot skupaj najmo\u010dnej\u0161e lige v \u0160paniji, Nem\u010diji, Italiji in Franciji.<\/p>\n<p>Kdaj se danes to\u010dno izteka prestopni rok v ligah velike petice?<\/p>\n<p>Premier liga (ANG) ob 23.00.La Liga (\u0160PA) ob 23.59.Ligue 1 (FRA) ob 20.00.1. Bundesliga (NEM) ob 20.00.Serie A (ITA) ob 20.00.<\/p>\n<p>\t\t\t\t\t\t\t\t\t<a href=\"https:\/\/www.rtvslo.si\/n\/792231\" class=\"image-link image-heading image-container container-16-9\" data-large=\"https:\/\/img.rtvcdn.si\/_up\/upload\/2025\/05\/24\/66731586.jpg\" rel=\"nofollow noopener\" target=\"_blank\"><br \/>\n\t\t\t\t\t\t\t\t\t\t<img decoding=\"async\" src=\"https:\/\/www.europesays.com\/si\/wp-content\/uploads\/2026\/09\/66731586_thumb.jpg\" class=\"image-preview\"\/><br \/>\n\t\t\t\t\t\t\t\t\t<\/a><\/p>\n<p>\t\t\t\t\t\t\t\t\t\tSorodna novica<br \/>\n\t\t\t\t\t\t\t\t\t\t<a href=\"https:\/\/www.rtvslo.si\/n\/792231\" rel=\"nofollow noopener\" target=\"_blank\">Liverpoolu uspelo: iz Pariza prihaja Barcola za 142 milijonov evrov<\/a><\/p>\n<p>\t\t\t\t\t\t\tFernandez za rekordno vsoto v Man City?<\/p>\n<p>Najve\u010d prahu dvigata dva Argentinca, ki si \u017eelita zamenjati klubsko sredino, njuna saga pa se vle\u010de \u017ee vse poletje od konca svetovnega prvenstva.<\/p>\n<p>Vezist Enzo Fernandez je sicer kapetan Chelseaja in vro\u010da \u017eelja Manchester Cityja, kar ne presene\u010da, saj je novi trener me\u0161\u010danov Enzo Maresca, ki je predtem vodil modre iz Londona in se pri tem mo\u010dno zana\u0161al na Fernandezovo igro in vpliv na zelenici ter sla\u010dilnici.<\/p>\n<p>Angle\u0161ki mediji poro\u010dajo, da je po tednih govoric zdaj Manchester City uradno za\u010del pogovore s Chelseajem za prestop 25-letnega osrednjega vezista. Pozimi 2023 je Chelsea za Fernandeza od\u0161tel kar 120 milijonov evrov. Zdaj London\u010dani od Man Cityja pri\u010dakujejo najmanj 140 milijonov evrov in mogo\u010de \u0161e kak\u0161nega nadarjenega igralca. Fernandez bi moral zakrpati luknjo, ki je nastala po odhodu Rodrija, saj si je zlata \u017eoga SP-ja 2026 za\u017eelel vrnitve v domovino, kjer je izbral Barcelono.<\/p>\n<p>Alvarez ostal brez Barcelone, zdaj ga snubi Arsenal<br \/>\n\t\t\t\t\t\t\t\t<a href=\"https:\/\/www.europesays.com\/si\/wp-content\/uploads\/2026\/09\/67089034.jpg\" itemprop=\"contentUrl\" data-size=\"1200x800\" data-large=\"https:\/\/www.europesays.com\/si\/wp-content\/uploads\/2026\/09\/67089034.jpg\"><br \/>\n\t\t\t\t\t\t\t\t\t<img decoding=\"async\" src=\"https:\/\/www.europesays.com\/si\/wp-content\/uploads\/2026\/09\/67089034.jpg\" title=\"Julian Alvarez je tar\u010da navija\u010dev Atletica, ostro o njem govori vodstvo, tako da si je te\u017eko predstavljati, da bi lahko napadale \u0161e ostal del rde\u010de-belega kluba iz Madrida. Foto: Reuters\" alt=\"Julian Alvarez je tar\u010da navija\u010dev Atletica, ostro o njem govori vodstvo, tako da si je te\u017eko predstavljati, da bi lahko napadale \u0161e ostal del rde\u010de-belega kluba iz Madrida. Foto: Reuters\"\/><br \/>\n\t\t\t\t\t\t\t\t<\/a><\/p>\n<p>\t\t\t\t\t\t\t\t\tJulian Alvarez je tar\u010da navija\u010dev Atletica, ostro o njem govori vodstvo, tako da si je te\u017eko predstavljati, da bi lahko napadale \u0161e ostal del rde\u010de-belega kluba iz Madrida. Foto: Reuters<\/p>\n<p>\u0160e ve\u010d drame in prahu je skozi poletje dvigal primer argentinskega napadalca. Julian Alvarez si je odkrito za\u017eelel odhod v Barcelono, Katalonci pa so bili pripravljani pla\u010dati astronomsko od\u0161kodnino. Vendar vodstvo Atletica Madrida zavra\u010da mo\u017enost prodaje prvega napadalca neposrednemu tekmecu v La Ligi. Tako je za Alvareza, ki zavra\u010da igranje za rde\u010de-bele, ostaja realna mo\u017enost le Anglija, kjer je \u017ee igral za Manchester City. Arsenal ponuja dobrih 80 milijonov evrov, medtem ko je Atletico leta 2024 od\u0161tel me\u0161\u010danom 75 milijonov evrov, sam Alvarez pa podpisal kar 6-letno pogodbo.<\/p>\n<p>Prvi snubec Argentinca je zdaj postal Arsenal, ki se je \u017ee dogovoril za prodajo dveh napadalcev Gabriela Martinellija in Gabriela Jesusa. Prvi Brazilec bo od\u0161el v Savdsko Arabijo k Al Hilalu, medtem ko bo drugi Brazilec postal \u010dlan Barcelone, ki i\u0161\u010de podpornega napadalca po odhodu Ferrana Torresa v PSG.<\/p>\n<p>Oglas<\/p>\n","protected":false},"excerpt":{"rendered":"Enzo Fernandez bi lahko postavil rekord poletnega prestopnega roka, ki ga trenutno dr\u017ei Bradley Barcola, za katerega je&hellip;\n","protected":false},"author":2,"featured_media":211235,"comment_status":"","ping_status":"","sticky":false,"template":"","format":"standard","meta":{"footnotes":"","_share_on_mastodon":"0"},"categories":[16],"tags":[2019,51822,897,27106,264,39762,3260,40,62,37,58,60,38,94,93,51823],"class_list":["post-211234","post","type-post","status-publish","format-standard","has-post-thumbnail","category-sport","tag-bundesliga","tag-iztek-prestopnega-roka","tag-la-liga","tag-ligue-1","tag-nogomet","tag-nogometni-prestopi","tag-premier-liga","tag-serie-a","tag-si","tag-slovene","tag-slovenia","tag-slovenija","tag-slovenscina","tag-sport","tag-sports","tag-tuje-lige"],"share_on_mastodon":{"url":"https:\/\/pubeurope.com\/@si\/117194997600268001","error":""},"_links":{"self":[{"href":"https:\/\/www.europesays.com\/si\/wp-json\/wp\/v2\/posts\/211234","targetHints":{"allow":["GET"]}}],"collection":[{"href":"https:\/\/www.europesays.com\/si\/wp-json\/wp\/v2\/posts"}],"about":[{"href":"https:\/\/www.europesays.com\/si\/wp-json\/wp\/v2\/types\/post"}],"author":[{"embeddable":true,"href":"https:\/\/www.europesays.com\/si\/wp-json\/wp\/v2\/users\/2"}],"replies":[{"embeddable":true,"href":"https:\/\/www.europesays.com\/si\/wp-json\/wp\/v2\/comments?post=211234"}],"version-history":[{"count":0,"href":"https:\/\/www.europesays.com\/si\/wp-json\/wp\/v2\/posts\/211234\/revisions"}],"wp:featuredmedia":[{"embeddable":true,"href":"https:\/\/www.europesays.com\/si\/wp-json\/wp\/v2\/media\/211235"}],"wp:attachment":[{"href":"https:\/\/www.europesays.com\/si\/wp-json\/wp\/v2\/media?parent=211234"}],"wp:term":[{"taxonomy":"category","embeddable":true,"href":"https:\/\/www.europesays.com\/si\/wp-json\/wp\/v2\/categories?post=211234"},{"taxonomy":"post_tag","embeddable":true,"href":"https:\/\/www.europesays.com\/si\/wp-json\/wp\/v2\/tags?post=211234"}],"curies":[{"name":"wp","href":"https:\/\/api.w.org\/{rel}","templated":true}]}}