{"id":211296,"date":"2026-09-01T10:02:11","date_gmt":"2026-09-01T10:02:11","guid":{"rendered":"https:\/\/www.europesays.com\/si\/211296\/"},"modified":"2026-09-01T10:02:11","modified_gmt":"2026-09-01T10:02:11","slug":"foto-taksen-vpogled-v-doncicevo-zasebnost-je-prava-redkost","status":"publish","type":"post","link":"https:\/\/www.europesays.com\/si\/211296\/","title":{"rendered":"Foto: Tak\u0161en vpogled v Don\u010di\u0107evo zasebnost je prava redkost!"},"content":{"rendered":"<p>Ne zgodi se pogosto, da Luka Don\u010di\u0107 objavi tako intimne trenutke &#8230;<\/p>\n<p>V nadaljevanju preberite:<\/p>\n<p>Luka Don\u010di\u0107 je tokrat pokazal redek vpogled v svoje zasebno \u017eivljenje, saj je delil prisr\u010den trenutek s svojo h\u010derko Gabrielo.<br \/>\nO\u010de in h\u010di sta skupaj ustvarjala s plastelinom, s \u010dimer je ko\u0161arkarski zvezdnik pokazal precej bolj spro\u0161\u010deno in dru\u017einsko plat.<br \/>\nDon\u010di\u0107 svoje dru\u017einsko \u017eivljenje praviloma skrbno varuje pred javnostjo, zato so tak\u0161ni utrinki \u0161e posebej redki in hitro pritegnejo pozornost njegovih sledilcev.<\/p>\n<p>Luka Don\u010di\u0107 je tokrat namesto ko\u0161arkarske \u017eoge v roke vzel plastelin. Slovenski ko\u0161arkarski zvezdnik je s prisr\u010dnim prizorom razkril del\u010dek svojega zasebnega \u017eivljenja \u2013 s h\u010derko Gabrielo sta se skupaj lotila ustvarjanja.<\/p>\n<p>Don\u010di\u0107, ki je v medijih ve\u010dinoma povezan s ko\u0161arko, treningi in tekmami, je tokrat pokazal precej bolj doma\u010do podobo. O\u010de in h\u010di sta \u010das pre\u017eivljala ob igri s plastelinom, fotografija\u00a0pa je hitro pritegnila pozornost.<\/p>\n<p>Ko\u0161arkar zasebnost svoje dru\u017eine sicer skrbno varuje, zato so tak\u0161ni utrinki \u0161e toliko bolj zanimivi. Namesto glamurja in \u0161portnega spektakla je sledilcem pokazal povsem obi\u010dajen dru\u017einski trenutek s h\u010derko.<\/p>\n<p>In \u010deprav je Don\u010di\u0107 vajen velikih tekem, je o\u010ditno tudi ustvarjanje s plastelinom lahko prav posebna &#8220;tekma&#8221;\u00a0\u2013 \u0161e posebej, ko je njegov soigralec mala Gabriela.<\/p>\n<p><img decoding=\"async\" alt=\"Luka Don\u010di\u0107 | Avtor: Instagram\" class=\"rwd\" data-href=\"https:\/\/www.zurnal24.si\/media\/img\/e9\/da\/00cd2a95879652e25c44.jpeg\" itemprop=\"image\" src=\"\/media\/img\/70\/f7\/61cd9f5c3ce12544267f.jpeg\"\/><\/p>\n<p>                Instagram<\/p>\n<p>Luka je z nekdanjo partnerico\u00a0Anamario\u00a0Goltes\u00a0h\u010derko\u00a0Gabrielo dobil leta 2023, konec leta 2025 pa se jima je rodila \u0161e druga h\u010derka,\u00a0Olivia.<\/p>\n<p>Po razhodu se je v ospredje postavilo predvsem vpra\u0161anje skrbni\u0161tva\u00a0in pre\u017eivnine. <a href=\"https:\/\/www.zurnal24.si\/sport\/kosarka\/je-to-pravi-razlog-da-se-je-anamaria-v-boju-z-doncicem-v-zda-povlekla-nazaj-463196\" rel=\"nofollow noopener\" target=\"_blank\">Goltesova je v ZDA spro\u017eila postopek glede pre\u017eivnine, vendar je pozneje svoj zahtevek v Kaliforniji umaknila. <\/a>Razlog naj bi bil povezan z vpra\u0161anjem pristojnosti sodi\u0161\u010da, saj naj bi njena pravna ekipa ocenila, da kalifornijsko sodi\u0161\u010de za odlo\u010danje v tej zadevi ni pristojno.<\/p>\n<p>To pa ne pomeni nujno konca spora. Zadeva naj bi se nadaljevala v Sloveniji, med nekdanjima partnerjema pa po do zdaj znanih informacijah ni pri\u0161lo do sporazumne re\u0161itve glede pre\u017eivnine.<\/p>\n<p>Don\u010di\u0107 in Goltesova sta sicer v preteklosti veljala za enega bolj prepoznavnih slovenskih zvezdni\u0161kih parov. Njuna zveza je bila \u017ee ve\u010dkrat pod drobnogledom javnosti, danes pa je v ospredju predvsem vpra\u0161anje, kako bosta po razhodu uredila dru\u017einske in pravne zadeve.<\/p>\n","protected":false},"excerpt":{"rendered":"Ne zgodi se pogosto, da Luka Don\u010di\u0107 objavi tako intimne trenutke &#8230; V nadaljevanju preberite: Luka Don\u010di\u0107 je&hellip;\n","protected":false},"author":2,"featured_media":211297,"comment_status":"","ping_status":"","sticky":false,"template":"","format":"standard","meta":{"footnotes":"","_share_on_mastodon":"0"},"categories":[16],"tags":[771,342,62,37,58,60,38,94,93],"class_list":["post-211296","post","type-post","status-publish","format-standard","has-post-thumbnail","category-sport","tag-hcerka","tag-luka-doncic","tag-si","tag-slovene","tag-slovenia","tag-slovenija","tag-slovenscina","tag-sport","tag-sports"],"share_on_mastodon":{"url":"https:\/\/pubeurope.com\/@si\/117195214045346306","error":""},"_links":{"self":[{"href":"https:\/\/www.europesays.com\/si\/wp-json\/wp\/v2\/posts\/211296","targetHints":{"allow":["GET"]}}],"collection":[{"href":"https:\/\/www.europesays.com\/si\/wp-json\/wp\/v2\/posts"}],"about":[{"href":"https:\/\/www.europesays.com\/si\/wp-json\/wp\/v2\/types\/post"}],"author":[{"embeddable":true,"href":"https:\/\/www.europesays.com\/si\/wp-json\/wp\/v2\/users\/2"}],"replies":[{"embeddable":true,"href":"https:\/\/www.europesays.com\/si\/wp-json\/wp\/v2\/comments?post=211296"}],"version-history":[{"count":0,"href":"https:\/\/www.europesays.com\/si\/wp-json\/wp\/v2\/posts\/211296\/revisions"}],"wp:featuredmedia":[{"embeddable":true,"href":"https:\/\/www.europesays.com\/si\/wp-json\/wp\/v2\/media\/211297"}],"wp:attachment":[{"href":"https:\/\/www.europesays.com\/si\/wp-json\/wp\/v2\/media?parent=211296"}],"wp:term":[{"taxonomy":"category","embeddable":true,"href":"https:\/\/www.europesays.com\/si\/wp-json\/wp\/v2\/categories?post=211296"},{"taxonomy":"post_tag","embeddable":true,"href":"https:\/\/www.europesays.com\/si\/wp-json\/wp\/v2\/tags?post=211296"}],"curies":[{"name":"wp","href":"https:\/\/api.w.org\/{rel}","templated":true}]}}